{"id":697,"date":"2019-02-18T08:29:00","date_gmt":"2019-02-18T07:29:00","guid":{"rendered":"https:\/\/lavoiedessansvoix.fr\/lavoie\/2019\/02\/18\/archive-antisemitisme-ne-vous-laissez-pas-manipuler\/"},"modified":"2026-04-26T19:20:15","modified_gmt":"2026-04-26T17:20:15","slug":"archive-antisemitisme-ne-vous-laissez-pas-manipuler","status":"publish","type":"post","link":"https:\/\/lavoiedessansvoix.fr\/lavoie\/2019\/02\/18\/archive-antisemitisme-ne-vous-laissez-pas-manipuler\/","title":{"rendered":"\u00ab ANTIS\u00c9MITISME \u00bb ?  NE VOUS LAISSEZ PAS MANIPULER !"},"content":{"rendered":"<p>\u00ab ANTIS\u00c9MITISME \u00bb ?NE VOUS LAISSEZ PAS MANIPULER !Voil\u00e0 que toute la meute \u00ab des chiens m\u00e9diatiques \u00bb, au signal de ses maitres, c\u2019est mis \u00e0 hurler \u00e0 l\u2019antis\u00e9mitisme.     Les Fran\u00e7ais ont compris, ils ne se laisseront pas abuser par le poison d\u2019une intox haineuse dont la finalit\u00e9 est de d\u00e9truire le soutien que l\u2019opinion publique apporte au mouvement des \u00ab Gilets-Jaunes \u00bb.  D\u00e8s le d\u00e9but de ce vaste mouvement populaire venu d\u2019en bas, ils ont tent\u00e9 souvenez-vous, de l\u2019insulter et de le caract\u00e9riser comme un \u00ab mouvement d\u2019extr\u00eame droite \u00bb, ou \u00ab d\u2019ultragauche \u00bb qu\u2019importe, de gens incultes et haineux, etc. Mais toutes ces insultes se sont r\u00e9v\u00e9l\u00e9es vaines et le soutien de l\u2019opinion publique au mouvement des Gilets-Jaunes n\u2019a alors cess\u00e9 de croitre. Ils ont eu recours \u00e0 un d\u00e9chainement de violence provoqu\u00e9 par leurs propres forces de l\u2019ordre et des suppl\u00e9tifs (dits casseurs ?) afin de discr\u00e9diter le mouvement et de l\u2019isoler des \u00ab braves citoyens pacifiques \u00bb. Pourtant rien n\u2019y fit, le soutien de l\u2019opinion \u00e0 la \u00ab r\u00e9volte \u00bb restait intact. Il leur fallait trouver autre chose pour en venir \u00e0 bout.   C\u2019est ainsi qu\u2019ils en sont venu \u00e0 solliciter les services sp\u00e9ciaux  de \u00abBernard Henri L\u00e9vy \u00bb ambassadeur pl\u00e9nipotentiaire de l\u2019\u2018AIPAC et du Lobby isra\u00e9lien en France. Objectif, provoquer le divorce de l\u2019opinion d\u2019avec le mouvement des Gilets-Jaunes en faisant peser sur celui-ci l\u2019accusation infamante \u00ab d\u2019antis\u00e9mitisme \u00bb.   D\u00e8s les premiers jours du mouvement Bernard Henri L\u00e9vy \u00ab Le philosophe sanglant \u00bb, ne s\u2019\u00e9tait-il pas signal\u00e9 par ce Tweet : \u00ab On a \u00e9t\u00e9 gaz\u00e9s \u00bb, r\u00e9p\u00e8tent, en boucle, sur toutes les cha\u00eenes, les #GiletsJaunes\u2026 Savent-ils ce que \u00ab gaz\u00e9 \u00bb veut dire ?\u00a0\u00bb Monsieur L\u00e9vy a une vision bien \u00e9triqu\u00e9 de l\u2019Histoire et du vocabulaire. Il a en t\u00eate les chambres \u00e0 gaz de la solution finale hitl\u00e9rienne. Mais alors pour \u00eatre en plein air, dans les tranch\u00e9es, faut-il nier que les \u00ab poilus \u00bb ont \u00e9t\u00e9 gaz\u00e9s ? Et si l\u2019on s\u2019en tient \u00e0 la raison de ce sophiste professionnel, comment expliquer que le m\u00eame ait hurl\u00e9 \u00e0 diverses reprises que Bachar El Assad, qui n\u2019a jamais construit la moindre chambre \u00e0 gaz, \u00ab gazait son peuple \u00bb   Depuis \u00ab BHL \u00bb n\u2019a cess\u00e9 de tacler le mouvement des \u00ab Gilets-jaunes \u00bb avec des propos tous plus injurieux et diffamants les uns que les autres, \u00ab  Passions tristes, Mortif\u00e8re, nihilistes, \u00ab fascisme nouveau \u00bb, nazillons etc.   Pour inspirer une provocation, BHL \u00e9tait l\u2019homme de la situation. L\u2019odieuse campagne mensong\u00e8re que le pouvoir politique et ses affid\u00e9s vient de d\u00e9clencher contre le mouvement des Gilets-Jaunes, n\u2019est en v\u00e9rit\u00e9 qu\u2019une vaste fomentation, l\u2019instrumentalisation de l\u2019antis\u00e9mitisme comme arme id\u00e9ologique contre la mobilisation du peuple.   D\u00e9j\u00e0 le 24 d\u00e9cembre 2018, un journaliste de \u00ab 20 minutes \u00bb avait tent\u00e9 de monter en \u00e9pingle un incident mineur dans le m\u00e9tro Parisien. Mais il s\u2019av\u00e9ra que la dame \u00e2g\u00e9e qui \u00e9tait cens\u00e9 avoir r\u00e9pondu \u00ab  qu\u2019elle \u00e9tait rescap\u00e9e d\u2019Auschwitz \u00bb n\u2019\u00e9tait m\u00eame pas n\u00e9e \u00e0 la date de la lib\u00e9ration du camp. La \u00ab l\u2019affaire \u00bb tourna court.  Alors cette fois ils ont \u00ab assur\u00e9 \u00bb. Il ne fait pas l\u2019ombre d\u2019un doute que l\u2019inscription \u00ab Jouden \u00bb tagu\u00e9e vendredi soir, la veille de l\u2019acte 13 des Gilets-Jaunes et non pendant la manifestation, sur la vitrine d\u2019un restaurant Bagelstein et les tags sur des portraits de Simone Weil ; rel\u00e8vent d\u2019une provocation. On ne peut pas savoir bien s\u00fbr, qui exactement est responsable de ces faits. Mais il y a bien plus de risques que ces provocations \u00e9manent de sbires de la mouvance de Bernard Henri L\u00e9vy (UEJF, \u00ab BETAR) ou autres \u00ab benala \u00bb, commandit\u00e9s par le pouvoir lui-m\u00eame, que de quelconques \u00ab ultragauche \u00bb ou \u00ab extr\u00eame-droites \u00bb infiltr\u00e9s chez les \u00ab GJ \u00bb.   Avec ces tags ils tenaient le point de d\u00e9part de leur ignominieuse op\u00e9ration de communication.   L\u2019apparition de Monsieur Finkielkraut, quelques jours apr\u00e8s qu\u2019il ait \u00e9crit un article incendiaire contre eux, \u00e0 la manifestation de l\u2019acte 15 des Gilets-Jaunes  n\u2019est que le point culminant de cette provocation planifi\u00e9e. Monsieur Finkielkraut est d\u2019ailleurs un familier du genre. Il en avait us\u00e9 exactement de la m\u00eame mani\u00e8re en 2016 avec la manifestation \u00ab Nuit-Debout \u00bb.   Pour ce que l\u2019on en sait, que nous avons lu dans la presse, dans les propos rapport\u00e9s des manifestants, il n\u2019y a pas le moindre d\u00e9but d\u2019une insulte antis\u00e9mite. A moins que traiter un \u00ab con certifi\u00e9 de con, s\u2019av\u00e8re \u00eatre plus qu\u2019une injure, \u00ab un acte antis\u00e9mite au seul pr\u00e9texte que ce \u00ab con \u00bb est juif. Pourtant Georges Brassens l\u2019a chant\u00e9 il y a fort longtemps d\u00e9j\u00e0 : \u00ab Quand on est con on est con, point n\u2019est pas tant qu\u2019on soit grand p\u00e8re \u00bb, Pr\u00e9sident de la R\u00e9publique, juif ou cur\u00e9 de village.   Certes, les jours qui viennent, de nouveaux t\u00e9moignages, ou autres \u00e9l\u00e9ments pourraient peut-\u00eatre nous d\u00e9mentir en venant prouver que de r\u00e9els propos antis\u00e9mites ont bien \u00e9t\u00e9 tenus. Nous ferions en ce cas amande honorable. Et alors ! Mais m\u00eame en ce cas, en quoi des propos condamnables tenus par des individus isol\u00e9s seraient-ils de nature \u00e0 entacher tout un mouvement social ou \u00e0 autoriser qui que ce soit \u00e0 caract\u00e9riser les Gilets-Jaunes dans leur ensemble \u00ab d\u2019antis\u00e9mites \u00bb ? Certes il n\u2019est pas impossible dans un mouvement de cette ampleur qu\u2019il y ait quelques antis\u00e9mites v\u00e9ritables. Mais pas plus que dans la moyenne de la population fran\u00e7aise, pas plus que dans nos commissariats ou dans les all\u00e9es du pouvoir.  Alors \u00ab Gilets-Jaunes \u00bb, serrez les coudes, ne vous d\u00e9bandez pas face \u00e0 la d\u00e9ferlante d\u2019insultes et de mensonges. Alors Fran\u00e7ais qui soutenez le mouvement des \u00ab Gilets-Jaunes \u00bb, ne vous laissez pas abuser par les mensonges et la mauvaise foi de ce pouvoir pourri, ne vous laissez pas impressionner par leurs impr\u00e9cations et leurs insultes. Le mouvement des Gilets-Jaunes est un mouvement de citoyens responsables qui se bat pour la dignit\u00e9 du peuple d\u2019en bas, Il saura rester digne m\u00eame lorsque ses d\u00e9tracteurs perdent la raison et tout sens de l\u2019honneur. Si vous r\u00e9sistez, si vous tenez bon, le complot ne tardera pas \u00e0 se retourner contre ses instigateurs. Et l\u2019opinion avec vous demandera des comptes \u00e0 ceux qui ont os\u00e9 user de pareils proc\u00e9d\u00e9s.   Patrick Seignon. \u00ab lavoiedessansvoix.fr \u00bb. Lundi 18 f\u00e9vrier 2019.<\/p>\n","protected":false},"excerpt":{"rendered":"<p>\u00ab ANTIS\u00c9MITISME \u00bb ?NE VOUS LAISSEZ PAS MANIPULER !Voil\u00e0 que toute la meute \u00ab des chiens m\u00e9diatiques \u00bb, au signal [&hellip;]<\/p>\n","protected":false},"author":1,"featured_media":3412,"comment_status":"open","ping_status":"open","sticky":false,"template":"","format":"standard","meta":{"sfsi_plus_gutenberg_text_before_share":"","sfsi_plus_gutenberg_show_text_before_share":"","sfsi_plus_gutenberg_icon_type":"","sfsi_plus_gutenberg_icon_alignemt":"","sfsi_plus_gutenburg_max_per_row":"","site-sidebar-layout":"default","site-content-layout":"","ast-site-content-layout":"default","site-content-style":"default","site-sidebar-style":"default","ast-global-header-display":"","ast-banner-title-visibility":"","ast-main-header-display":"","ast-hfb-above-header-display":"","ast-hfb-below-header-display":"","ast-hfb-mobile-header-display":"","site-post-title":"","ast-breadcrumbs-content":"","ast-featured-img":"","footer-sml-layout":"","ast-disable-related-posts":"","theme-transparent-header-meta":"","adv-header-id-meta":"","stick-header-meta":"","header-above-stick-meta":"","header-main-stick-meta":"","header-below-stick-meta":"","astra-migrate-meta-layouts":"default","ast-page-background-enabled":"default","ast-page-background-meta":{"desktop":{"background-color":"var(--ast-global-color-4)","background-image":"","background-repeat":"repeat","background-position":"center center","background-size":"auto","background-attachment":"scroll","background-type":"","background-media":"","overlay-type":"","overlay-color":"","overlay-opacity":"","overlay-gradient":""},"tablet":{"background-color":"","background-image":"","background-repeat":"repeat","background-position":"center center","background-size":"auto","background-attachment":"scroll","background-type":"","background-media":"","overlay-type":"","overlay-color":"","overlay-opacity":"","overlay-gradient":""},"mobile":{"background-color":"","background-image":"","background-repeat":"repeat","background-position":"center center","background-size":"auto","background-attachment":"scroll","background-type":"","background-media":"","overlay-type":"","overlay-color":"","overlay-opacity":"","overlay-gradient":""}},"ast-content-background-meta":{"desktop":{"background-color":"var(--ast-global-color-5)","background-image":"","background-repeat":"repeat","background-position":"center center","background-size":"auto","background-attachment":"scroll","background-type":"","background-media":"","overlay-type":"","overlay-color":"","overlay-opacity":"","overlay-gradient":""},"tablet":{"background-color":"var(--ast-global-color-5)","background-image":"","background-repeat":"repeat","background-position":"center center","background-size":"auto","background-attachment":"scroll","background-type":"","background-media":"","overlay-type":"","overlay-color":"","overlay-opacity":"","overlay-gradient":""},"mobile":{"background-color":"var(--ast-global-color-5)","background-image":"","background-repeat":"repeat","background-position":"center center","background-size":"auto","background-attachment":"scroll","background-type":"","background-media":"","overlay-type":"","overlay-color":"","overlay-opacity":"","overlay-gradient":""}},"footnotes":""},"categories":[16],"tags":[],"class_list":["post-697","post","type-post","status-publish","format-standard","has-post-thumbnail","hentry","category-archives-cms"],"_links":{"self":[{"href":"https:\/\/lavoiedessansvoix.fr\/lavoie\/wp-json\/wp\/v2\/posts\/697","targetHints":{"allow":["GET"]}}],"collection":[{"href":"https:\/\/lavoiedessansvoix.fr\/lavoie\/wp-json\/wp\/v2\/posts"}],"about":[{"href":"https:\/\/lavoiedessansvoix.fr\/lavoie\/wp-json\/wp\/v2\/types\/post"}],"author":[{"embeddable":true,"href":"https:\/\/lavoiedessansvoix.fr\/lavoie\/wp-json\/wp\/v2\/users\/1"}],"replies":[{"embeddable":true,"href":"https:\/\/lavoiedessansvoix.fr\/lavoie\/wp-json\/wp\/v2\/comments?post=697"}],"version-history":[{"count":1,"href":"https:\/\/lavoiedessansvoix.fr\/lavoie\/wp-json\/wp\/v2\/posts\/697\/revisions"}],"predecessor-version":[{"id":3413,"href":"https:\/\/lavoiedessansvoix.fr\/lavoie\/wp-json\/wp\/v2\/posts\/697\/revisions\/3413"}],"wp:featuredmedia":[{"embeddable":true,"href":"https:\/\/lavoiedessansvoix.fr\/lavoie\/wp-json\/wp\/v2\/media\/3412"}],"wp:attachment":[{"href":"https:\/\/lavoiedessansvoix.fr\/lavoie\/wp-json\/wp\/v2\/media?parent=697"}],"wp:term":[{"taxonomy":"category","embeddable":true,"href":"https:\/\/lavoiedessansvoix.fr\/lavoie\/wp-json\/wp\/v2\/categories?post=697"},{"taxonomy":"post_tag","embeddable":true,"href":"https:\/\/lavoiedessansvoix.fr\/lavoie\/wp-json\/wp\/v2\/tags?post=697"}],"curies":[{"name":"wp","href":"https:\/\/api.w.org\/{rel}","templated":true}]}}