{"id":696,"date":"2019-02-21T04:13:00","date_gmt":"2019-02-21T03:13:00","guid":{"rendered":"https:\/\/lavoiedessansvoix.fr\/lavoie\/2019\/02\/21\/archive-convergences-le-chemin-de-la-victoire\/"},"modified":"2026-04-26T21:11:00","modified_gmt":"2026-04-26T19:11:00","slug":"archive-convergences-le-chemin-de-la-victoire","status":"publish","type":"post","link":"https:\/\/lavoiedessansvoix.fr\/lavoie\/2019\/02\/21\/archive-convergences-le-chemin-de-la-victoire\/","title":{"rendered":"CONVERGENCES ?  LE CHEMIN DE LA VICTOIRE"},"content":{"rendered":"<p>CONVERGENCES ?LE CHEMIN DE LA VICTOIRE   J\u2019ai eu ce matin communication d\u2019un appel commun des f\u00e9d\u00e9rations FO et CGT d\u2019Indre et Loire (37). Je le publie en annexe * Certains, ses ennemis surtout, ne veulent voir dans la diversit\u00e9 et la disparit\u00e9 du mouvement des \u00ab Gilets-Jaunes \u00bb, que \u00ab le talon d\u2019Achille \u00bb, la promesse d\u2019\u00e9clatement prochain voire  la certitude de l\u2019incapacit\u00e9 de ce mouvement. Ils en r\u00eavent, et certains bien s\u00fbr travaillent d\u2019arrache-pied \u00e0 transformer leurs r\u00eaves en r\u00e9alit\u00e9. Ils font feu de tout bois pour discr\u00e9diter et diviser les \u00ab Gilets-Jaunes \u00bb. Chacun le sait en effet, \u00ab diviser pour r\u00e9gner \u00bb est une des plus anciennes m\u00e9thodes des pouvoirs. Certains Gilets-Jaunes qui se pr\u00eatent par inconscience, ego, ou l\u00e9g\u00e8ret\u00e9 \u00e0 ce jeu pervers, doivent r\u00e9aliser qu\u2019ils jouent contre le mouvement de tous, porteur de leurs esp\u00e9rances.   Mais ceux-l\u00e0 se trompent, et nous feront tout pour les d\u00e9mentir. Je ne cesse de l\u2019\u00e9crire et de le r\u00e9p\u00e9ter, \u00ab la disparit\u00e9 des origines sociales, culturelles, politiques et sociaux professionnelles du mouvement des\u00ab Gilets-Jaunes \u00bb est en v\u00e9rit\u00e9 son meilleur atout, la manifestation de sa force et le gage de sa victoire. Je vais essayer de dire pourquoi.  Ce que l\u2019on appelle Les luttes et mouvements sociaux sont la plupart du temps le fait de telle ou telle entreprise, m\u00e9tier profession ou cat\u00e9gorie sociales. Chacune et chacun avec ses revendications particuli\u00e8res ou sp\u00e9cifiques. Incapables \u00e0 cause de cela de cristalliser des luttes interprofessionnelles ou \u00ab tous ensemble \u00bb. Et qui se font battre chacune leur tour, en d\u00e9tail.   Le mouvement des gilets-jaune, lui, est apparu d\u2019embl\u00e9e comme celui des salari\u00e9s, des employ\u00e9s, des ouvriers, des ch\u00f4meurs, des retrait\u00e9s, des \u00ab err\u00e9mistes \u00bb, des commer\u00e7ants, des artisans, des autoentrepreneurs, des agriculteurs.   Le mouvement des \u00ab Gilets-Jaunes \u00bb \u00e0 sa naissance est apparu comme un mouvement interprofessionnel, inter-cat\u00e9goriel, interclasses ! Il est apparu comme un mouvement unificateur. Potentiellement le mouvement de tout le peuple.  Ce fameux slogan, \u00ab Tous ensemble ! Tous ensemble \u00bb que scandent vainement les manifestants de tous les mouvements sociaux ou professionnels depuis 1995, le mouvement des Gilets-Jaune lui, en a fait son cr\u00e9do et sa promesse. Par sa nature m\u00eame il l&rsquo;a fond\u00e9 et l\u2019a rendu possible. Le mouvement des \u00ab Gilets-Jaunes \u00bb a une vocation f\u00e9d\u00e9ratrice.  Alors certes, percut\u00e9s par le caract\u00e8re in\u00e9dit de ce mouvement, certains se sont laiss\u00e9s surprendre et ont \u00e9t\u00e9 sensible dans un premier temps aux arguments officiels qui voulaient venir \u00e0 bout de la mobilisation en l\u2019insultant : \u00ab mouvement d\u2019extr\u00eame-droite, ou d\u2019ultragauche, \u00ab foule haineuse de gens incultes \u00bb etc.  Mais les semaines ont pass\u00e9 et le temps a fait son \u0153uvre. L\u2019\u00e9motion du d\u00e9but a fait place \u00e0 la raison et \u00e0 la r\u00e9flexion. Voil\u00e0 que de plus en plus, \u00e0 la base, des syndicalistes rejoignent le mouvement des Gilets Jaunes. Ce qui \u00e9tait inscrit en filigranes dans la nature du mouvement est en train d\u2019entrer dans la r\u00e9alit\u00e9. La convergence annonc\u00e9e se fonde et se renforce. Le \u00ab TOUS ENSEMBLE \u00bb est maintenant possible, il est proche, il est pour DEMAIN.   La victoire des revendications et du mouvement des \u00ab Gilets-Jaunes \u00bb en d\u00e9pend. Ceux qui veulent gagner vraiment le savent bien au fond d\u2019eux-m\u00eames, c\u2019est \u00ab TOUS ENSEMBLE \u00bb que nous allons gagner. C\u2019est pourquoi, loin de rejeter les syndicats et les partis ils les appellent ardemment \u00e0 se joindre \u00e0 eux. Cela ne change rien au mouvement Gilets-Jaunes lui-m\u00eame, qui reste ind\u00e9pendant, apolitique et a-syndical, et refuse de se faire noyauter ou manipuler par qui que ce soit. Il s\u2019agit l\u00e0 non d\u2019amalgame, mais de libre alliance de circonstance.  C\u2019est ainsi que l\u2019on pr\u00e9pare le grand coup de poing d\u00e9cisif.  TOUS ENSEMBLE POUR VIRER MACRON.  Patrick Seignon. \u00ab lavoiedessansvoix.fr \u00bb. Jeudi 21 f\u00e9vrier 2019.  ANNEXE :Prise de Position des UD FO \/ CGT d\u2019Indre et LoireAbrogation de la loi \u00ab anti-casseurs \u00bbLe mouvement ouvrier qui s\u2019incarne dans nos organisations syndicales, s\u2019est toujours vouluinternationaliste, pacifiste, d\u00e9mocratique, nos organisations rappellent que le droit demanifester, ne peut \u00eatre s\u00e9par\u00e9 du droit de revendiquer comme de celui de faire gr\u00e8ve, ce sontdes droits fondamentaux prot\u00e9g\u00e9s comme d\u2019autres par l\u2019OIT qui condamne toute restriction,toute r\u00e9pression mais aussi tout fichage des manifestants et des syndicalistes.En France, pays des Lumi\u00e8res et des Droits de l\u2019Homme, au sein m\u00eame de la R\u00e9publique, cesderni\u00e8res p\u00e9riodes dans le cadre du mouvement dit des \u00ab Gilets jaunes \u00bb ont vu s\u2019exprimer uneviolente r\u00e9pression gouvernementale conduisant \u00e0 des centaines de bless\u00e9s, d\u2019arrestations, degardes \u00e0 vue, de comparutions imm\u00e9diates \u00e0 l\u2019encontre des citoyens, des salari\u00e9s, des retrait\u00e9s,des ch\u00f4meurs et des jeunes qui manifestent nombreux contre un syst\u00e8me \u00e9conomique qui lesassi\u00e8ge et qui les confine \u00e0 la pauvret\u00e9, \u00e0 la survie.Les revendications sont l\u00e9gitimes ! Elles doivent \u00eatre entendues et satisfaites !Les UD FO et CGT 37 d\u00e9noncent cette r\u00e9pression d\u2019un gouvernement qui agit par peur et sansaucune l\u00e9gitimit\u00e9 populaire.Nos organisations syndicales d\u00e9partementales FO et CGT rappellent que :\u2022 La violence, c\u2019est d\u2019abord les 7 millions de personnes sans travail, sans oublier tous lessalari\u00e9s pr\u00e9caris\u00e9s, comme ces 10 millions de fran\u00e7ais contraints de vivre sous le seuil depauvret\u00e9 quotidiennement sans que leur situation ne trouve \u00e0 s\u2019am\u00e9liorer depuis des ann\u00e9es\u2022 Les casseurs, ce sont d\u2019abord ce gouvernement et ses relais patronaux ou m\u00e9diatiques quiexigent toujours plus de baisse du co\u00fbt du travail, toujours plus de r\u00e9formes contre les droitsdes salari\u00e9s, toujours moins de service public pour toujours moins de d\u00e9penses. Ce m\u00eameex\u00e9cutif qui d\u00e9fait m\u00e9thodiquement toute forme de solidarit\u00e9 \u00e0 travers la mise \u00e0 sac de laS\u00e9curit\u00e9 Sociale et de ses principes fondateurs et qui entend maintenir dogmatiquement saprochaine r\u00e9forme des retraites ou de l\u2019assurance ch\u00f4mage !Cela, alors que les travailleurs en France produisent des milliards d\u2019euros de richesses, que lestrusts internationaux, les grandes entreprises priv\u00e9es, les banques, les financiers entendentcapter pour maintenir leurs positions et augmenter la rente toujours plus avide de leursactionnaires ou commanditaires.Dans ce contexte, la loi dite anti-casseurs promue par le gouvernement est un \u00e9l\u00e9ment de plusvers cette d\u00e9rive autoritaire du gouvernement qui entend utiliser toutes les dispositions que luiconf\u00e8re la Constitution de la Ve R\u00e9publique.Cette loi contient de graves dispositions attentatoires \u00e0 la libert\u00e9 et \u00e0 la d\u00e9mocratie commele fichage des manifestants, l\u2019interdiction pr\u00e9ventive individuelle de manifester, unp\u00e9rim\u00e8tre de s\u00e9curit\u00e9 autour des manifestations, l\u2019alourdissement des peines\u2026C\u2019est la libert\u00e9 d\u2019opinion et la libert\u00e9 d\u2019expression qui sont menac\u00e9es.Nous ne pouvons pas accepter une telle remise en cause, une telle restriction de nos droits. Le\u00ab Grand D\u00e9bat National \u00bb tel qu\u2019il est voulu par le Pr\u00e9sident Macron est un v\u00e9ritable enfumage,qui doit lui permettre au final de conforter toutes ses orientations politiques et ses r\u00e9formes.Ce n\u2019est pas cela qui nous fera c\u00e9der sur les revendications port\u00e9es par nos organisationssyndicales et reprises tr\u00e8s souvent dans les manifestations r\u00e9centes (hausse des salaires,d\u00e9fense du service public, d\u00e9fense de la S\u00e9curit\u00e9 sociale, annulation de la CSG, r\u00e9forme fiscale\u2026)Face \u00e0 la r\u00e9pression des manifestants et face \u00e0 la r\u00e9pression anti-syndicale qui s\u2019abat aussidans les entreprises et les administrations, les UD FO et CGT 37 appellent leurs syndicats etmilitants \u00e0 passer \u00e0 l\u2019action, \u00e0 discuter de la situation avec les salari\u00e9s et \u00e0 se rassembler leJeudi 28 f\u00e9vrier 2019 \u00e0 partir de 17H45 devant le Palais de Justice, Place Jean Jaur\u00e8s \u00e0Tours.Nous exigeons l\u2019abrogation imm\u00e9diate de cette loi dite \u00ab anti-casseurs \u00bb d\u2019une part, etd\u2019autre part, nous exigeons le respect des libert\u00e9s d\u00e9mocratiques individuelles etcollectives, comme celles de manifester, d\u2019exprimer ses opinions (syndicales ou non) et deporter les revendications librement !Les Unions D\u00e9partementales FO et CGT 37 appellent \u00e0 diffuser et \u00e0 faire conna\u00eetre largementcette prise de position et \u00e0 relayer cet appel aupr\u00e8s du plus grand nombre de salari\u00e9s actifsch\u00f4meurs et retrait\u00e9s et des jeunes.Rassemblement Jeudi 28 f\u00e9vrier 2019 \u00e0 partir de 17H45PLACE JEAN JAURES \u00e0 TOURS devant le Palais de JusticeTOUS ENSEMBLE POUR OBTENIR LE RETRAIT IMMEDIAT \/L\u2019ABROGATION DE LA LOI \u00ab ANTI CASSEURS \u00bb !TOUS ENSEMBLE POUR EXIGER LE RESPECT DE NOTRE LIBERTED\u2019ACTION ET D\u2019EXPRESSION ! Saint-Avertin le jeudi 14 f\u00e9vrier 2019<\/p>\n","protected":false},"excerpt":{"rendered":"<p>CONVERGENCES ?LE CHEMIN DE LA VICTOIRE J\u2019ai eu ce matin communication d\u2019un appel commun des f\u00e9d\u00e9rations FO et CGT d\u2019Indre [&hellip;]<\/p>\n","protected":false},"author":1,"featured_media":4280,"comment_status":"open","ping_status":"open","sticky":false,"template":"","format":"standard","meta":{"sfsi_plus_gutenberg_text_before_share":"","sfsi_plus_gutenberg_show_text_before_share":"","sfsi_plus_gutenberg_icon_type":"","sfsi_plus_gutenberg_icon_alignemt":"","sfsi_plus_gutenburg_max_per_row":"","site-sidebar-layout":"default","site-content-layout":"","ast-site-content-layout":"default","site-content-style":"default","site-sidebar-style":"default","ast-global-header-display":"","ast-banner-title-visibility":"","ast-main-header-display":"","ast-hfb-above-header-display":"","ast-hfb-below-header-display":"","ast-hfb-mobile-header-display":"","site-post-title":"","ast-breadcrumbs-content":"","ast-featured-img":"","footer-sml-layout":"","ast-disable-related-posts":"","theme-transparent-header-meta":"","adv-header-id-meta":"","stick-header-meta":"","header-above-stick-meta":"","header-main-stick-meta":"","header-below-stick-meta":"","astra-migrate-meta-layouts":"default","ast-page-background-enabled":"default","ast-page-background-meta":{"desktop":{"background-color":"var(--ast-global-color-4)","background-image":"","background-repeat":"repeat","background-position":"center center","background-size":"auto","background-attachment":"scroll","background-type":"","background-media":"","overlay-type":"","overlay-color":"","overlay-opacity":"","overlay-gradient":""},"tablet":{"background-color":"","background-image":"","background-repeat":"repeat","background-position":"center center","background-size":"auto","background-attachment":"scroll","background-type":"","background-media":"","overlay-type":"","overlay-color":"","overlay-opacity":"","overlay-gradient":""},"mobile":{"background-color":"","background-image":"","background-repeat":"repeat","background-position":"center center","background-size":"auto","background-attachment":"scroll","background-type":"","background-media":"","overlay-type":"","overlay-color":"","overlay-opacity":"","overlay-gradient":""}},"ast-content-background-meta":{"desktop":{"background-color":"var(--ast-global-color-5)","background-image":"","background-repeat":"repeat","background-position":"center center","background-size":"auto","background-attachment":"scroll","background-type":"","background-media":"","overlay-type":"","overlay-color":"","overlay-opacity":"","overlay-gradient":""},"tablet":{"background-color":"var(--ast-global-color-5)","background-image":"","background-repeat":"repeat","background-position":"center center","background-size":"auto","background-attachment":"scroll","background-type":"","background-media":"","overlay-type":"","overlay-color":"","overlay-opacity":"","overlay-gradient":""},"mobile":{"background-color":"var(--ast-global-color-5)","background-image":"","background-repeat":"repeat","background-position":"center center","background-size":"auto","background-attachment":"scroll","background-type":"","background-media":"","overlay-type":"","overlay-color":"","overlay-opacity":"","overlay-gradient":""}},"footnotes":""},"categories":[16],"tags":[],"class_list":["post-696","post","type-post","status-publish","format-standard","has-post-thumbnail","hentry","category-archives-cms"],"_links":{"self":[{"href":"https:\/\/lavoiedessansvoix.fr\/lavoie\/wp-json\/wp\/v2\/posts\/696","targetHints":{"allow":["GET"]}}],"collection":[{"href":"https:\/\/lavoiedessansvoix.fr\/lavoie\/wp-json\/wp\/v2\/posts"}],"about":[{"href":"https:\/\/lavoiedessansvoix.fr\/lavoie\/wp-json\/wp\/v2\/types\/post"}],"author":[{"embeddable":true,"href":"https:\/\/lavoiedessansvoix.fr\/lavoie\/wp-json\/wp\/v2\/users\/1"}],"replies":[{"embeddable":true,"href":"https:\/\/lavoiedessansvoix.fr\/lavoie\/wp-json\/wp\/v2\/comments?post=696"}],"version-history":[{"count":1,"href":"https:\/\/lavoiedessansvoix.fr\/lavoie\/wp-json\/wp\/v2\/posts\/696\/revisions"}],"predecessor-version":[{"id":3411,"href":"https:\/\/lavoiedessansvoix.fr\/lavoie\/wp-json\/wp\/v2\/posts\/696\/revisions\/3411"}],"wp:featuredmedia":[{"embeddable":true,"href":"https:\/\/lavoiedessansvoix.fr\/lavoie\/wp-json\/wp\/v2\/media\/4280"}],"wp:attachment":[{"href":"https:\/\/lavoiedessansvoix.fr\/lavoie\/wp-json\/wp\/v2\/media?parent=696"}],"wp:term":[{"taxonomy":"category","embeddable":true,"href":"https:\/\/lavoiedessansvoix.fr\/lavoie\/wp-json\/wp\/v2\/categories?post=696"},{"taxonomy":"post_tag","embeddable":true,"href":"https:\/\/lavoiedessansvoix.fr\/lavoie\/wp-json\/wp\/v2\/tags?post=696"}],"curies":[{"name":"wp","href":"https:\/\/api.w.org\/{rel}","templated":true}]}}