{"id":695,"date":"2019-03-11T03:49:00","date_gmt":"2019-03-11T02:49:00","guid":{"rendered":"https:\/\/lavoiedessansvoix.fr\/lavoie\/2019\/03\/11\/archive-les-gilets-jaunes-parlent-aux-commercants\/"},"modified":"2026-04-26T21:10:50","modified_gmt":"2026-04-26T19:10:50","slug":"archive-les-gilets-jaunes-parlent-aux-commercants","status":"publish","type":"post","link":"https:\/\/lavoiedessansvoix.fr\/lavoie\/2019\/03\/11\/archive-les-gilets-jaunes-parlent-aux-commercants\/","title":{"rendered":"LES GILETS-JAUNES PARLENT AUX COMMERCANTS"},"content":{"rendered":"<p>LES GILETS-JAUNES PARLENT AUX COMMER\u00c7ANTS     Une sourde rumeur s\u2019est empar\u00e9e de nos m\u00e9dias menteurs, le mouvement des Gilets-Jaunes serait la cause d\u2019une chute catastrophique du chiffre d\u2019affaires des commer\u00e7ants. Moins 30  % assurent certains sans ciller.    Le mouvement des Gilets-Jaunes a mis en \u00e9vidence l\u2019immense d\u00e9fiance des fran\u00e7ais \u00e0 l\u2019\u00e9gard de la presse des m\u00e9dias et des journalistes. Ils mentent \u00e0 longueur de journ\u00e9e. Chacun en est convaincu, les commer\u00e7ants comme les autres. Alors, croyez-vous qu\u2019il en aille vraiment diff\u00e9remment en cette affaire sp\u00e9cifique du pr\u00e9tendu pr\u00e9judice inflig\u00e9 par les Gilets-Jaunes aux commer\u00e7ants. Bien entendu que non !    Certes nous ne nieront pas, nous ne sommes pas au nombre des menteurs patent\u00e9s, que les manifestations puissent entrainer quelques cons\u00e9quences n\u00e9fastes pour l\u2019activit\u00e9 commerciale de certains centre-ville, tels que Bordeaux Toulouse ou Paris (Champs Elys\u00e9es). Mais en aucun cas celles-ci ne peuvent \u00eatre de l\u2019ampleur sugg\u00e9r\u00e9e, et sont de toute fa\u00e7on circonscrites \u00e0 des zones limit\u00e9es. Le commerce en g\u00e9n\u00e9ral \u00e0 l\u2019\u00e9chelle nationale n\u2019est nullement impact\u00e9. Au demeurant les m\u00e9dias, vous savez ce chien docile que l\u2019on appelle \u00ab la voix de son ma\u00eetre \u00bb, ont beau jeu d\u2019imputer aux manifestations des gilets-jaunes cet \u00e9tat de fait dont leur maitre le pouvoir politique est le vrai responsable.    Un peuple aux abois manifeste, pacifiquement, usant en toute l\u00e9galit\u00e9 des libert\u00e9s fondamentales d\u2019expression et de manifestations. Et le pouvoir politique d\u00e9gaine imm\u00e9diatement 100 000 policiers, des canons \u00e0 eaux, des chars \u00e0 roues, des grenades lacrymog\u00e8nes, assourdissantes de d\u00e9sencerclement, des flashballs et des LBD. Ils matraquent, ils frappent, ils brutalisent, ils blessent, ils cr\u00e8vent des yeux, ils interpellent, gardent \u00e0 vue, d\u00e9f\u00e8rent en comparution imm\u00e9diates. Le pouvoir politique r\u00e9pond aux manifestants par une strat\u00e9gie d\u00e9lib\u00e9r\u00e9e de terreur et de violence. Sans cela les manifestations seraient rest\u00e9es toutes bonnes enfants. C\u2019est le pouvoir Politique ! Ce sont messieurs Macron, Philippe, et Castaner qui sont responsables de la violence, ce sont eux qui doivent r\u00e9pondre aux commer\u00e7ants concern\u00e9s de l\u2019ins\u00e9curit\u00e9, de la g\u00eane et des pertes engendr\u00e9es.    Mais allons plus loin. Le vrai probl\u00e8me des commerces de consommation des centres villes, car il y a un vrai probl\u00e8me, a-t-il bien pour origine les gilets-jaunes et les manifestations r\u00e9centes ?    NON : Point tant. Le probl\u00e8me des commerces de centre-ville est un probl\u00e8me r\u00e9current et alarmant qui existe de bien avant et qui s\u2019est aggrav\u00e9 encore depuis 2008. Il est la cons\u00e9quence de la conjonction d\u2019un grand nombre de facteurs parmi lesquels les plus \u00e9vidents sont le rench\u00e9rissement des loyers et baux commerciaux, la paup\u00e9risation des populations, et la multiplication des grandes surfaces et zones commerciales p\u00e9riph\u00e9riques.     Or ce probl\u00e8me est connu des pouvoirs publics. Il existe une foultitude, d\u2019\u00e9tudes, audits, enqu\u00eates et m\u00eame actions pr\u00e9tendument entreprises pour lutter contre le ph\u00e9nom\u00e8ne, qui d\u00e9montrent la grande mauvaise foi des pouvoirs publics lorsqu\u2019ils tentent de faire endosser aux Gilets-Jaunes, la responsabilit\u00e9 des difficult\u00e9s du commerce de centre-ville. Je ne vous ferez qu\u2019une citation. Elle \u00e9mane d\u2019un article paru dans  \u00ab Le Moniteur \u00bb le 05\/01\/2018 :  \u00ab Comme nous le verrons, la fragilisation des centre-ville est en effet, le plus souvent, le produit d&rsquo;un \u00ab cocktail \u00bb dont les principaux ingr\u00e9dients sont la d\u00e9gradation du b\u00e2ti, int\u00e9rieur et ext\u00e9rieur, les difficult\u00e9s d&rsquo;acc\u00e8s et de stationnement, la baisse de la population du centre et sa paup\u00e9risation, la fuite des \u00e9quipements attractifs et des services du quotidien, la concurrence des grandes surfaces en p\u00e9riph\u00e9rie. \u00bb  Si vous ajoutez sur cette toile de fond le contexte toujours mauvais porteur de la p\u00e9riode successive aux f\u00eates de fin d\u2019ann\u00e9es et ce que l\u2019on appelle \u00ab le moral des m\u00e9nages \u00bb en berne comme l\u2019indique la mobilisation sociale en cours, vous en conclurez ais\u00e9ment que les manifestations et la violence pr\u00e9tendue des Gilets-Jaunes, n\u2019ont qu\u2019une part fort limit\u00e9e \u00e0 la situation de l\u2019activit\u00e9 commerciale. Et vous r\u00e9aliserez pleinement alors l\u2019ind\u00e9cence des mensonges ass\u00e9n\u00e9s par les m\u00e9dias et le pouvoir afin de nuire au mouvement contestataire.    Car tel est bien le fond des choses. A aucun moment ce pouvoir obtus et m\u00e9chant n\u2019a tent\u00e9 l\u2019ouverture ni le dialogue. D\u2019embl\u00e9e il a abord\u00e9 le mouvement des Gilets-Jaunes frontalement. Par le m\u00e9pris, l\u2019insulte, les tentatives de division (extr\u00eame droite ou ultra gauche, m\u00e9diatisation de leaders autoproclam\u00e9s, etc.), tentatives de d\u00e9voiement (liste GJ aux \u00e9lections europ\u00e9ennes, formation de parti,) mais surtout par la strat\u00e9gie de la violence ou celle de la souillure (accusations d\u2019homophobie, d\u2019antis\u00e9mitisme, etc.) afin de le discr\u00e9diter et de le priver du large appui que l\u2019opinion publique lui accordait. La campagne m\u00e9diatique en cours pour faire porter aux Gilets-Jaunes la responsabilit\u00e9 des difficult\u00e9s des commer\u00e7ants est de la m\u00eame veine. Ce n\u2019est qu\u2019une campagne mensong\u00e8re de plus pour tenter de priver les Gilets-Jaunes de l\u2019appui d\u2019un secteur de l\u2019opinion qui de par le contexte et les conditions objectives n\u2019a en v\u00e9rit\u00e9 que de bonnes raisons, non seulement de les soutenir mais m\u00eame de rentrer dans le mouvement avec eux.    Les Gilets-Jaunes revendiquent un revenu d\u00e9cent pour tous, c\u2019est \u00e0 dire une hausse du pouvoir d\u2019achat des populations, l\u2019\u00e9radication de la pauvret\u00e9, ils veulent que tous puisse consommer des produits saints et de qualit\u00e9, se tourner vers le commerce de proximit\u00e9 et de centre-ville, d\u00e9laisser celui des grandes surfaces et des \u00ab zones \u00bb p\u00e9riph\u00e9riques de la consommation industrielle de bas prix et de malbouffe. Les Gilets-Jaunes sont donc les alli\u00e9s naturels et non pas les ennemis des commer\u00e7ants.    C\u2019est le capitalisme lib\u00e9ral effr\u00e9n\u00e9 que nous subissons, qui a besoin pour op\u00e9rer sur les march\u00e9s internationaux de cette \u00ab rentabilit\u00e9 des entreprises \u00bb dont on nous rebat les oreilles. C\u2019est lui qui a besoin pour cette politique de rogner chaque jour d\u2019avantage les revenus des plus pauvres et des plus faibles mais aussi \u00ab des classes moyennes \u00bb pour accro\u00eetre cette rentabilit\u00e9 c\u2019est-\u00e0-dire les revenus des plus riches. Ce n\u2019est pas la, bien entendu, l\u2019int\u00e9r\u00eat des peuple laborieux, ni non plus celui des commer\u00e7ants qui travaillent pour la consommation int\u00e9rieure.   L\u2019int\u00e9r\u00eat bien senti des commer\u00e7ants c\u2019est que les populations aient un pouvoir d\u2019achat plus \u00e9lev\u00e9 et la possibilit\u00e9 ainsi de revenir vers une \u00ab consommation de qualit\u00e9 \u00bb. L\u2019int\u00e9r\u00eat bien senti des commer\u00e7ants c\u2019est le d\u00e9clin, voire la disparition de ces \u00ab zones p\u00e9riph\u00e9riques \u00bb qui enlaidissent nos villes et asphyxient le commerce de centre-ville, bourgs et villages. C\u2019est de mani\u00e8re g\u00e9n\u00e9rale l\u2019int\u00e9r\u00eat bien senti des fran\u00e7ais et des collectivit\u00e9s locales soucieuses de rendre vie et joie \u00e0 nos villes et du bien-\u00eatre des populations.    Pour cela il faut inventer un autre mod\u00e8le social, tourn\u00e9 non vers le profit pour le profit, la rentabilit\u00e9 sans limite comme une fin en soi, mais vers la satisfaction tranquille des besoins des populations. Si vous y r\u00e9fl\u00e9chissez bien, c\u2019est cette \u00e9quation que viennent de poser les revendications des Gilets-Jaunes. Et dans l\u2019invention de ce nouveau mod\u00e8le social les commer\u00e7ants sont les alli\u00e9s n\u00e9cessaires et indispensables des Gilets-Jaunes.    Patrick Seignon. \u00ab lavoiedessansvoix.fr \u00bb. Lundi 11 mars 2019.<\/p>\n","protected":false},"excerpt":{"rendered":"<p>LES GILETS-JAUNES PARLENT AUX COMMER\u00c7ANTS Une sourde rumeur s\u2019est empar\u00e9e de nos m\u00e9dias menteurs, le mouvement des Gilets-Jaunes serait la [&hellip;]<\/p>\n","protected":false},"author":1,"featured_media":4279,"comment_status":"open","ping_status":"open","sticky":false,"template":"","format":"standard","meta":{"sfsi_plus_gutenberg_text_before_share":"","sfsi_plus_gutenberg_show_text_before_share":"","sfsi_plus_gutenberg_icon_type":"","sfsi_plus_gutenberg_icon_alignemt":"","sfsi_plus_gutenburg_max_per_row":"","site-sidebar-layout":"default","site-content-layout":"","ast-site-content-layout":"default","site-content-style":"default","site-sidebar-style":"default","ast-global-header-display":"","ast-banner-title-visibility":"","ast-main-header-display":"","ast-hfb-above-header-display":"","ast-hfb-below-header-display":"","ast-hfb-mobile-header-display":"","site-post-title":"","ast-breadcrumbs-content":"","ast-featured-img":"","footer-sml-layout":"","ast-disable-related-posts":"","theme-transparent-header-meta":"","adv-header-id-meta":"","stick-header-meta":"","header-above-stick-meta":"","header-main-stick-meta":"","header-below-stick-meta":"","astra-migrate-meta-layouts":"default","ast-page-background-enabled":"default","ast-page-background-meta":{"desktop":{"background-color":"var(--ast-global-color-4)","background-image":"","background-repeat":"repeat","background-position":"center center","background-size":"auto","background-attachment":"scroll","background-type":"","background-media":"","overlay-type":"","overlay-color":"","overlay-opacity":"","overlay-gradient":""},"tablet":{"background-color":"","background-image":"","background-repeat":"repeat","background-position":"center center","background-size":"auto","background-attachment":"scroll","background-type":"","background-media":"","overlay-type":"","overlay-color":"","overlay-opacity":"","overlay-gradient":""},"mobile":{"background-color":"","background-image":"","background-repeat":"repeat","background-position":"center center","background-size":"auto","background-attachment":"scroll","background-type":"","background-media":"","overlay-type":"","overlay-color":"","overlay-opacity":"","overlay-gradient":""}},"ast-content-background-meta":{"desktop":{"background-color":"var(--ast-global-color-5)","background-image":"","background-repeat":"repeat","background-position":"center center","background-size":"auto","background-attachment":"scroll","background-type":"","background-media":"","overlay-type":"","overlay-color":"","overlay-opacity":"","overlay-gradient":""},"tablet":{"background-color":"var(--ast-global-color-5)","background-image":"","background-repeat":"repeat","background-position":"center center","background-size":"auto","background-attachment":"scroll","background-type":"","background-media":"","overlay-type":"","overlay-color":"","overlay-opacity":"","overlay-gradient":""},"mobile":{"background-color":"var(--ast-global-color-5)","background-image":"","background-repeat":"repeat","background-position":"center center","background-size":"auto","background-attachment":"scroll","background-type":"","background-media":"","overlay-type":"","overlay-color":"","overlay-opacity":"","overlay-gradient":""}},"footnotes":""},"categories":[16],"tags":[],"class_list":["post-695","post","type-post","status-publish","format-standard","has-post-thumbnail","hentry","category-archives-cms"],"_links":{"self":[{"href":"https:\/\/lavoiedessansvoix.fr\/lavoie\/wp-json\/wp\/v2\/posts\/695","targetHints":{"allow":["GET"]}}],"collection":[{"href":"https:\/\/lavoiedessansvoix.fr\/lavoie\/wp-json\/wp\/v2\/posts"}],"about":[{"href":"https:\/\/lavoiedessansvoix.fr\/lavoie\/wp-json\/wp\/v2\/types\/post"}],"author":[{"embeddable":true,"href":"https:\/\/lavoiedessansvoix.fr\/lavoie\/wp-json\/wp\/v2\/users\/1"}],"replies":[{"embeddable":true,"href":"https:\/\/lavoiedessansvoix.fr\/lavoie\/wp-json\/wp\/v2\/comments?post=695"}],"version-history":[{"count":1,"href":"https:\/\/lavoiedessansvoix.fr\/lavoie\/wp-json\/wp\/v2\/posts\/695\/revisions"}],"predecessor-version":[{"id":3409,"href":"https:\/\/lavoiedessansvoix.fr\/lavoie\/wp-json\/wp\/v2\/posts\/695\/revisions\/3409"}],"wp:featuredmedia":[{"embeddable":true,"href":"https:\/\/lavoiedessansvoix.fr\/lavoie\/wp-json\/wp\/v2\/media\/4279"}],"wp:attachment":[{"href":"https:\/\/lavoiedessansvoix.fr\/lavoie\/wp-json\/wp\/v2\/media?parent=695"}],"wp:term":[{"taxonomy":"category","embeddable":true,"href":"https:\/\/lavoiedessansvoix.fr\/lavoie\/wp-json\/wp\/v2\/categories?post=695"},{"taxonomy":"post_tag","embeddable":true,"href":"https:\/\/lavoiedessansvoix.fr\/lavoie\/wp-json\/wp\/v2\/tags?post=695"}],"curies":[{"name":"wp","href":"https:\/\/api.w.org\/{rel}","templated":true}]}}