{"id":694,"date":"2019-03-16T18:46:00","date_gmt":"2019-03-16T17:46:00","guid":{"rendered":"https:\/\/lavoiedessansvoix.fr\/lavoie\/2019\/03\/16\/archive-appel-tous-a-paris-en-ce-1er-mai-2019\/"},"modified":"2026-04-26T21:10:42","modified_gmt":"2026-04-26T19:10:42","slug":"archive-appel-tous-a-paris-en-ce-1er-mai-2019","status":"publish","type":"post","link":"https:\/\/lavoiedessansvoix.fr\/lavoie\/2019\/03\/16\/archive-appel-tous-a-paris-en-ce-1er-mai-2019\/","title":{"rendered":"APPEL, TOUS A PARIS EN CE 1er MAI 2019."},"content":{"rendered":"<p>APPEL POUR UN 1er MAI DE CONVERGENCES ET DE LUTTES\u00ab Nous appelons \u00e0 signer et faire signer massivement cet appel afin de cr\u00e9er le climat et les conditions favorables \u00e0 la r\u00e9alisation d\u2019un premier Mai 2019 exceptionnel, de convergences et de luttes, raviver la flamme du mouvement \u00ab Gilets-Jaunes \u00bb, appeler le peuple tout entier \u00e0 rejoindre le combat de tous pour tous.  Votre signature est un appel que vous joignez \u00e0 des milliers d\u2019autres. Ce n\u2019est nullement un engagement \u00e0 venir vous-m\u00eame \u00e0 Paris le 1er mai 2019.    Parmi les signataires de l\u2019Appel, beaucoup feront le voyage, nous l\u2019esp\u00e9rons, c\u2019est le but, mais bien entendu pas tous. Pour parler de \u00e7a et l\u2019organiser nous avons encore un peu de temps devant nous. Ce n\u2019est qu\u2019alors que ceux qui le peuvent s\u2019engageront \u00e0 venir.   APPEL, TOUS A PARIS EN CE 1er MAI 2019.Macron tient bon ? Pire m\u00eame, il snobe la col\u00e8re populaire et la provoque. Tout continue d\u2019augmenter et la condition des plus faibles de se d\u00e9grader, il s\u2019attaque sans vergogne aux libert\u00e9s publiques (libert\u00e9 d\u2019expression, droit de manifester) et m\u00eame \u00e0 la libert\u00e9 de penser et de conscience, (criminalisation de l\u2019antisionisme \u00bb). Il compte avec la proximit\u00e9 des \u00e9lections Europ\u00e9ennes pour brouiller les cartes et d\u00e9membrer d\u00e9finitivement le mouvement des Gilets-Jaunes sous la pression \u00e9lectorale des partis, le tirant \u00ab \u00e0 hue et \u00e0 dia \u00bb.  Baisse drastique de la TIPP, v\u00e9ritable augmentation substantielle du SMIC pay\u00e9e par les employeurs et non par nos imp\u00f4ts, revalorisation des salaires pensions et minimas sociaux, suppression de la CSG, suppression de la TVA sur les produits de premi\u00e8re n\u00e9cessit\u00e9, augmentation de la TVA sur les produits de luxe, r\u00e9tablissement de l\u2019ISF, justice fiscale, renationalisation des services publics, une v\u00e9ritable politique de d\u00e9fense de la ruralit\u00e9, restauration de la souverainet\u00e9 du peuple, contr\u00f4le par le peuple des politiques publiques et des \u00e9lus, instauration du R\u00e9f\u00e9rendum d\u2019initiative citoyenne (RIC), etc. Les revendications des \u00ab Gilets-Jaunes ne sont pas satisfaites.   L\u2019heure n\u2019est donc pas \u00e0 la d\u00e9mobilisation ni \u00e0 l\u2019abandon du combat. Il faut au contraire se mobiliser plus et plus fort afin de faire rompre ce pouvoir s\u2019il ne veut pas plier.  En surgissant sur les ronds-points le 17 novembre 2018, les Gilets-Jaunes ont en quelque sorte lanc\u00e9 un cri de souffrance et d\u2019alarme, un appel \u00e0 la lutte et au rassemblement, non seulement des plus faibles, (SDF, RMistes, travailleurs priv\u00e9s d\u2019emplois, salari\u00e9s pr\u00e9caris\u00e9s et \u00e0 temps partiels) ,mais de tout le peuple d\u2019en bas, de tout le peuple laborieux (ouvriers, paysans, artisans, commer\u00e7ants, professions lib\u00e9rales, travailleurs ind\u00e9pendants, petits et moyens entrepreneurs, retrait\u00e9s modestes), qui contribuent chacun selon son m\u00e9tier \u00e0 produire la richesse de la nation. Les plus faibles mais aussi ceux qu\u2019ils appellent \u00ab les classes moyennes \u00bb que la politique ultra lib\u00e9rale d\u2019un macron paup\u00e9rise chaque jour d\u2019avantage. C\u2019\u00e9tait en quelque sorte un appel au rassemblement de tout le peuple.  Plus que jamais, \u00e0 l\u2019heure, o\u00f9 certains vont redoubler d\u2019efforts pour \u00e9garer le mouvement des \u00ab Gilets-Jaunes \u00bb dans le maquis des manipulations \u00e9lectoralistes politiciennes, il faut poursuivre et amplifier la lutte, lui donner une nouvelle grande impulsion pour l\u2019engager sur le chemin de la victoire.  Nous devons frapper un grand coup Historique. Macron poursuit ses r\u00e9formes calamiteuses. Bient\u00f4t celle des retraites. On peut le battre maintenant. Le moment est opportun Si on le laisse passer, on aura moins de chance apr\u00e8s de pouvoir lui barrer la route.   Le 1er Mai,  traditionnellement d\u00e9di\u00e9 aux luttes sociales, aux gr\u00e8ves, et aux manifestations, date symbolique des plus grandes luttes populaires de l\u2019Histoire sociale, a vocation \u00e0 \u00eatre un moment fort et un point culminant de l\u2019action et du rassemblement de tout le peuple initi\u00e9 par les \u00ab Gilets-Jaunes \u00bb   C\u2019est pourquoi nous appelons tous les Gilets-Jaunes \u00ab de France et de Navarre \u00bb, tous les syndicats, tous les partis politiques d\u2019oppositions sans distinction, toutes les associations qui d\u00e9fendent les libert\u00e9s publiques, \u00e0 graver la date de  ce 1er mai 2019, dans l\u2019Histoire des luttes populaires de la France.  Nous vous appelons toutes et tous \u00e0 vous joindre dans l\u2019unit\u00e9 \u00e0 une manifestation g\u00e9ante pour un premier Mai de convergences et de lutte exceptionnel \u00e0 Paris (et dans les grandes m\u00e9tropoles Fran\u00e7aises pour ceux qui ne pourront pas se rendre \u00e0 Paris). afin de donner un grand coup de semonce fatal \u00e0 ce pouvoir autoritaire et honni, et mettre en \u00e9chec, une bonne fois pour toute, sa politique antisociale et antipopulaire.Vous pouvez signer cet Appel en ligne. Voici le lien :https:\/\/www.mesopinions.com\/petition\/social\/premier-mai-convergences-luttes-gilets-jaunes\/62438?source=facebook&#038;fbclid=IwAR0H55Cwup3BHAeSjkZyJl8eep-N9F7_-1quCuaJxzFLPROOuHqf3l3u_Fs<\/p>\n","protected":false},"excerpt":{"rendered":"<p>APPEL POUR UN 1er MAI DE CONVERGENCES ET DE LUTTES\u00ab Nous appelons \u00e0 signer et faire signer massivement cet appel [&hellip;]<\/p>\n","protected":false},"author":1,"featured_media":4278,"comment_status":"open","ping_status":"open","sticky":false,"template":"","format":"standard","meta":{"sfsi_plus_gutenberg_text_before_share":"","sfsi_plus_gutenberg_show_text_before_share":"","sfsi_plus_gutenberg_icon_type":"","sfsi_plus_gutenberg_icon_alignemt":"","sfsi_plus_gutenburg_max_per_row":"","site-sidebar-layout":"default","site-content-layout":"","ast-site-content-layout":"default","site-content-style":"default","site-sidebar-style":"default","ast-global-header-display":"","ast-banner-title-visibility":"","ast-main-header-display":"","ast-hfb-above-header-display":"","ast-hfb-below-header-display":"","ast-hfb-mobile-header-display":"","site-post-title":"","ast-breadcrumbs-content":"","ast-featured-img":"","footer-sml-layout":"","ast-disable-related-posts":"","theme-transparent-header-meta":"","adv-header-id-meta":"","stick-header-meta":"","header-above-stick-meta":"","header-main-stick-meta":"","header-below-stick-meta":"","astra-migrate-meta-layouts":"default","ast-page-background-enabled":"default","ast-page-background-meta":{"desktop":{"background-color":"var(--ast-global-color-4)","background-image":"","background-repeat":"repeat","background-position":"center center","background-size":"auto","background-attachment":"scroll","background-type":"","background-media":"","overlay-type":"","overlay-color":"","overlay-opacity":"","overlay-gradient":""},"tablet":{"background-color":"","background-image":"","background-repeat":"repeat","background-position":"center center","background-size":"auto","background-attachment":"scroll","background-type":"","background-media":"","overlay-type":"","overlay-color":"","overlay-opacity":"","overlay-gradient":""},"mobile":{"background-color":"","background-image":"","background-repeat":"repeat","background-position":"center center","background-size":"auto","background-attachment":"scroll","background-type":"","background-media":"","overlay-type":"","overlay-color":"","overlay-opacity":"","overlay-gradient":""}},"ast-content-background-meta":{"desktop":{"background-color":"var(--ast-global-color-5)","background-image":"","background-repeat":"repeat","background-position":"center center","background-size":"auto","background-attachment":"scroll","background-type":"","background-media":"","overlay-type":"","overlay-color":"","overlay-opacity":"","overlay-gradient":""},"tablet":{"background-color":"var(--ast-global-color-5)","background-image":"","background-repeat":"repeat","background-position":"center center","background-size":"auto","background-attachment":"scroll","background-type":"","background-media":"","overlay-type":"","overlay-color":"","overlay-opacity":"","overlay-gradient":""},"mobile":{"background-color":"var(--ast-global-color-5)","background-image":"","background-repeat":"repeat","background-position":"center center","background-size":"auto","background-attachment":"scroll","background-type":"","background-media":"","overlay-type":"","overlay-color":"","overlay-opacity":"","overlay-gradient":""}},"footnotes":""},"categories":[16],"tags":[],"class_list":["post-694","post","type-post","status-publish","format-standard","has-post-thumbnail","hentry","category-archives-cms"],"_links":{"self":[{"href":"https:\/\/lavoiedessansvoix.fr\/lavoie\/wp-json\/wp\/v2\/posts\/694","targetHints":{"allow":["GET"]}}],"collection":[{"href":"https:\/\/lavoiedessansvoix.fr\/lavoie\/wp-json\/wp\/v2\/posts"}],"about":[{"href":"https:\/\/lavoiedessansvoix.fr\/lavoie\/wp-json\/wp\/v2\/types\/post"}],"author":[{"embeddable":true,"href":"https:\/\/lavoiedessansvoix.fr\/lavoie\/wp-json\/wp\/v2\/users\/1"}],"replies":[{"embeddable":true,"href":"https:\/\/lavoiedessansvoix.fr\/lavoie\/wp-json\/wp\/v2\/comments?post=694"}],"version-history":[{"count":1,"href":"https:\/\/lavoiedessansvoix.fr\/lavoie\/wp-json\/wp\/v2\/posts\/694\/revisions"}],"predecessor-version":[{"id":3407,"href":"https:\/\/lavoiedessansvoix.fr\/lavoie\/wp-json\/wp\/v2\/posts\/694\/revisions\/3407"}],"wp:featuredmedia":[{"embeddable":true,"href":"https:\/\/lavoiedessansvoix.fr\/lavoie\/wp-json\/wp\/v2\/media\/4278"}],"wp:attachment":[{"href":"https:\/\/lavoiedessansvoix.fr\/lavoie\/wp-json\/wp\/v2\/media?parent=694"}],"wp:term":[{"taxonomy":"category","embeddable":true,"href":"https:\/\/lavoiedessansvoix.fr\/lavoie\/wp-json\/wp\/v2\/categories?post=694"},{"taxonomy":"post_tag","embeddable":true,"href":"https:\/\/lavoiedessansvoix.fr\/lavoie\/wp-json\/wp\/v2\/tags?post=694"}],"curies":[{"name":"wp","href":"https:\/\/api.w.org\/{rel}","templated":true}]}}