{"id":692,"date":"2019-03-29T02:27:00","date_gmt":"2019-03-29T01:27:00","guid":{"rendered":"https:\/\/lavoiedessansvoix.fr\/lavoie\/2019\/03\/29\/archive-un-parcours-quot-en-marche-quot-acceleree\/"},"modified":"2026-04-26T21:10:19","modified_gmt":"2026-04-26T19:10:19","slug":"archive-un-parcours-quot-en-marche-quot-acceleree","status":"publish","type":"post","link":"https:\/\/lavoiedessansvoix.fr\/lavoie\/2019\/03\/29\/archive-un-parcours-quot-en-marche-quot-acceleree\/","title":{"rendered":"UN PARCOURS &quot;EN MARCHE&quot; ACCELEREE"},"content":{"rendered":"<p>UN PARCOURS \u00ab\u00a0EN MARCHE\u00a0\u00bb ACC\u00c9L\u00c9R\u00c9E      Comme nous l&rsquo;avions fait pr\u00e9c\u00e9demment avec la lettre de Fr\u00e9d\u00e9ric Lordon, nous vous offrons aujourd&rsquo;hui une autre \u00ab\u00a0perle\u00a0\u00bb, la lettre du Maire de Phalsbourg \u00e0 Emmanuel Macron. T\u00e9moignage path\u00e9tique des inimit\u00e9s que vaut sa conduite hautaine et son outrecuidance au morveux mal embouch\u00e9 que des institutions s\u00e9niles ont propuls\u00e9 \u00e0 leur sommet. (Veuillez m&rsquo;excuser cher lecteurs, mais il y a \u00ab\u00a0une merde\u00a0\u00bb dans le texte qui emp^che sa mise en page correcte. PS.)     Phalsbourg, le 25 f\u00e9vrier 2019   Le maire de Phalsbourg \u00e0      Monsieur le Pr\u00e9sident de la R\u00e9publique  Palais de l\u2019Elys\u00e9e, 55 rue du Faubourg-Saint-Honor\u00e9 75008 Paris     Monsieur le Pr\u00e9sident de la R\u00e9publique,      Je vous remercie pour votre invitation au Palais de l\u2019Elys\u00e9e mardi 26 f\u00e9vrier, en compagnie de tous les maires de \u00ab chefs-lieux de cantons \u00bb de la r\u00e9gion Grand Est.   Je d\u00e9cline cette invitation. Pour plusieurs raisons :      L\u2019invitation m\u2019est parvenue par mail le 20, lue le 21 f\u00e9vrier, avec un d\u00e9lai de r\u00e9ponse pour le 22.    Le d\u00e9lai est singuli\u00e8rement court pour m\u2019organiser.    L\u2019Elys\u00e9e est pourtant dot\u00e9 d\u2019un staff impressionnant pour anticiper de telles organisations.      Le 26 f\u00e9vrier, je d\u00e9fends les int\u00e9r\u00eats de la commune dans un dossier en cours d\u2019appel \u00e0 Metz, j\u2019ai \u00e0 valider le d\u00e9part de la note du prochain Conseil municipal (obligation l\u00e9gale), j\u2019ai une r\u00e9union du syndicat des eaux avec vote du DOB (obligation l\u00e9gale), et un Conseil de la Communaut\u00e9 de Communes que je pr\u00e9side avec vote du DOB (obligation l\u00e9gale).    La p\u00e9riode est particuli\u00e8rement charg\u00e9e pour les maires, entre les \u00ab D\u00e9bats d\u2019Orientation Budg\u00e9taire \u00bb, les votes des budgets, le recensement de la population qui se termine\u2026      Malgr\u00e9 votre soudain int\u00e9r\u00eat pour la fonction, vous n\u2019avez semble-t-il pas encore tout \u00e0 fait pris la mesure de nos missions et de l\u2019ampleur de nos t\u00e2ches.   Bien entendu nous savons, souvent, nous adapter aux urgences et aux impr\u00e9vus.  Mais votre invitation, fait-elle partie des urgences ?      Cette ann\u00e9e j\u2019ai \u00e9t\u00e9 d\u00e9f\u00e9r\u00e9 par le procureur devant un tribunal correctionnel, et condamn\u00e9, pour \u00ab mise en danger d\u00e9lib\u00e9r\u00e9e de la vie d\u2019autrui \u00bb. Pour une lacune purement administrative li\u00e9e \u00e0 un \u00e9tablissement relevant du public \u00bb.   Ayant d\u00e9j\u00e0 \u00e9t\u00e9 \u00e0 l\u2019Elys\u00e9e et ayant pu observer que les normes de s\u00e9curit\u00e9 li\u00e9es \u00e0 l\u2019accueil du public n\u2019y sont pas toutes respect\u00e9es (m\u00eame si vos invit\u00e9s ne sont pas consid\u00e9r\u00e9s comme du public \u00bb), je ne voudrais pas qu\u2019il vous arrive une pareille m\u00e9saventure si vous d\u00e9passiez, \u00e0 cause de moi, le nombre de convives habituellement autoris\u00e9 par m\u00e8tre carr\u00e9. Je pr\u00e9f\u00e8re donc m\u2019abstenir.      Pourquoi inviter, dr\u00f4le d\u2019id\u00e9e, les maires des chefs-lieux de cantons, sachant que le canton n\u2019existe plus dans ce pays. Si ce n\u2019est en tant que circonscription \u00e9lectorale, soit un ou deux dimanches tous les 6 ans, pour d\u00e9signer des bin\u00f4mes sexu\u00e9s de conseillers d\u00e9partementaux, \u00e9lus d\u2019une assembl\u00e9e qui n\u2019a plus pour comp\u00e9tence que les yeux pour pleurer (et qui ne peut m\u00eame plus d\u00e9cider des vitesses \u00e0 appliquer sur son propre r\u00e9seau routier).      Mais le sujet a priori anodin est pourtant d\u2019importance. La transformation des anciens cantons en nouveaux cantons, pourtant vid\u00e9s de leur substance et leur \u00ab mutation \u00bb progressive en communaut\u00e9s de communes, qui n\u2019ont toutefois pas les m\u00eames p\u00e9rim\u00e8tres, tout cela ajout\u00e9 \u00e0 de multiples autres modifications, symbolise bien le \u00ab foutoir \u00bb de ce pays : la complexit\u00e9 est telle et les changements si nombreux que plus personne n\u2019y comprend rien. Plus personne ne sait qui est qui et qui fait quoi. Les \u00e9lus et les fonctionnaires perdent leur temps et leur \u00e9nergie en r\u00e9unions et paperasses inutiles et perdent tout cr\u00e9dit aupr\u00e8s de la population qui perd confiance et se sent l\u00e9gitimement abandonn\u00e9e.      Complexit\u00e9 de nos institutions : voil\u00e0 bien la plus grande raison pour laquelle la France ne tourne plus.    Alors j\u2019imagine que votre s\u00e9lection \u00ab maires de chefs-lieux de cantons \u00bb, doit en fait vouloir rassembler des maires de \u00ab bourgs-centres \u00bb ruraux, qui dans l\u2019ensemble ne cessent de perdre leur vitalit\u00e9 par l\u2019effet de 40 ans de politiques lib\u00e9rales mercantiles.      Le TGV qui me permet de rejoindre votre palais est beaucoup trop cher et je ne pense pas que cette d\u00e9pense soit une priorit\u00e9 pour le budget de ma commune. A une \u00e9poque o\u00f9 je me rendais r\u00e9guli\u00e8rement \u00e0 Paris pour si\u00e9ger par exemple au bureau politique du Modem et au comit\u00e9 directeur de l\u2019Association des maires de France, le train coutait 3,5 fois moins cher ! (et je ne vous parle pas du scandale de la gestion des autoroutes dans ce pays).  Pour la premi\u00e8re fois depuis 40 ans, il m\u2019arrive par souci d\u2019\u00e9conomie de prendre la voiture au lieu du train pour me rendre \u00e0 Paris, par la RN4 et ses tr\u00e8s nombreux radars et malgr\u00e9 les 80 km\/h. Voil\u00e0 un vrai sujet du quotidien des fran\u00e7ais, qui contribue \u00e0 la baisse de leur pouvoir d\u2019achat et de leur qualit\u00e9 de vie.   Le bus \u00ab Macron \u00bb, au prix certes tr\u00e8s abordable, serait pour l\u2019occasion un peu lent pour pouvoir honorer d\u2019autres engagements en marge de votre invitation.     J\u2019ai \u00e9t\u00e9 re\u00e7u \u00e0 l\u2019Elys\u00e9e, \u00e0 3 reprises, avec plaisir. Et j\u2019ai esp\u00e9r\u00e9, bien que militant depuis un certain temps d\u2019une 6\u00e8me R\u00e9publique plus \u00ab parlementaire \u00bb que l\u2019actuelle, vous y voir install\u00e9. Et donc peut-\u00eatre vous y rendre visite un jour\u2026  Il me semble que bien avant l\u2019ann\u00e9e 2016, comme M. Jourdain, je m\u2019\u00e9tais mis \u00ab en marche \u00bb, sans le savoir.   Donc tout naturellement d\u00e8s l\u2019annonce de votre candidature, entre Octobre 2016 et le 7 Mai 2017, j\u2019ai suivi quotidiennement chacune de vos interventions, j\u2019ai particip\u00e9 \u00e0 des meetings, j\u2019ai h\u00e9berg\u00e9 et coanim\u00e9 un \u00ab comit\u00e9 local \u00bb, j\u2019ai aval\u00e9, lu et relu \u00ab R\u00e9volution \u00bb, je l\u2019ai diffus\u00e9, conseill\u00e9, offert, j\u2019ai distribu\u00e9 avec ma compagne que j\u2019ai entrain\u00e9e dans cette gal\u00e8re, vos tracts sur de nombreux march\u00e9s, nous avons accumul\u00e9 les ampoules et us\u00e9 bien des chaussures \u00e0 faire les boites aux lettre du \u00ab canton \u00bb, j\u2019ai organis\u00e9 des r\u00e9unions de soutien \u00e0 votre candidature, j\u2019ai \u00e9t\u00e9 un des seuls maires de Moselle et le seul pr\u00e9sident de Communaut\u00e9 de Communes de Moselle \u00e0 vous apporter mon parrainage. Et j\u2019ai v\u00e9cu un immense bonheur au soir du 7 Mai.Un vrai fan !        Mais \u00e7a, c\u2019\u00e9tait avant ! Quelle d\u00e9sillusion par la suite !!  Comme les grandes passions. La d\u00e9ception n\u2019en est que plus vive.    Comment ai-je pu me laisser avoir ainsi ??  Au moins Sarkozy n\u2019avan\u00e7ait-il pas masqu\u00e9. Il jouait franc jeu sur ses intentions et ses visions politiques.      *Je n\u2019ai pas milit\u00e9 Macron pour avoir comme ministre des finances, un candidat (tr\u00e8s malheureux) des primaires de la Droite (qui \u00e9tait contre la hausse de la CSG\u2026).      *Je n\u2019ai pas milit\u00e9 pour avoir comme pr\u00e9sident de l\u2019Assembl\u00e9e nationale, puis ministre, un candidat (encore plus malheureux) des primaires de Gauche.  Quelle claque donn\u00e9e au respect du suffrage populaire !!    Tr\u00e8s vite nous avons vu que vous n\u2019aviez pas compris qu\u2019il ne suffisait pas d\u2019avoir \u00e9cart\u00e9 Jean-Luc M\u00e9lenchon du deuxi\u00e8me tour et bouscul\u00e9 Marine Le Pen dans un d\u00e9bat t\u00e9l\u00e9vis\u00e9 pour r\u00e9gler les probl\u00e8mes des fran\u00e7ais.      *Je n\u2019ai pas milit\u00e9 pour \u00e9corner ainsi, quelle honte, les retraites des fran\u00e7ais modestes.      *Je n\u2019ai pas milit\u00e9, pour adoucir la fiscalit\u00e9 des plus riches.    Je n\u2019ai pas milit\u00e9 pour que la presse fran\u00e7aise soit aux mains des plus grandes fortunes du pays. Et qu\u2019une Mimi Marchand y soit votre \u00ab agent \u00bb.      *Je n\u2019ai pas milit\u00e9, pour que les disparit\u00e9s salariales ne cessent de croitre. Pour qu\u2019un patron d\u2019entreprise dans laquelle l\u2019Etat a encore des actions gagne 1200 fois plus que le salari\u00e9 le plus modeste et de surcro\u00eet se permette de tricher sans que l\u2019Etat fran\u00e7ais n\u2019exerce le moindre contr\u00f4le s\u00e9rieux sur ses d\u00e9clarations fiscales. Quel maire pourrait occuper un ch\u00e2teau national ou communal pour son mariage en pr\u00e9levant les frais sur son budget communal, sans se faire \u00e9pingler dans la semaine qui suit ???    Carlos Ghosn gagne 15 millions d\u2019euros par an quand il y a peu, et cela faisait scandale \u00e0 l\u2019\u00e9poque, Jacques Calvet patron de Peugeot en gagnait 400 000 !! Kilian Mbapp\u00e9 gagne 15 millions par an quand Dominique Rocheteau en gagnait \u00e0 l\u2019\u00e9poque l\u2019\u00e9quivalent de 125 000 \u00a7\u00a7\u00a7 Ce qui ne l\u2019a pas emp\u00each\u00e9 de faire fortune gr\u00e2ce \u00e0 de bons placements. Alors imaginez le magot de Mbapp\u00e9 dans 40 ans\u2026  Et dans le m\u00eame temps le pouvoir d\u2019achat des fran\u00e7ais n\u2019a cess\u00e9 de baisser.  Mais combien de temps va encore durer cette escalade, cette mascarade, et dans quelles proportions ?? O\u00f9 et quand va donc s\u2019arr\u00eater le d\u00e9lire ? Quelle image pour les fran\u00e7ais et quelle vision du monde pour la jeunesse ?? Quelle peut \u00eatre la fiert\u00e9 d\u2019\u00eatre le Pr\u00e9sident de la R\u00e9publique d\u2019une telle soci\u00e9t\u00e9 ?? Le Pr\u00e9sident d\u2019une telle R\u00e9publique ??     *Je n\u2019ai pas milit\u00e9 pour que le patron de Renault soit fiscalis\u00e9 au Pays-Bas.      *Je n\u2019ai pas milit\u00e9 pour que le Pr\u00e9sident de la R\u00e9publique aille rendre un hommage de la nation aux obs\u00e8ques d\u2019un chanteur d\u00e9linquant fiscal notoire.     *Je n\u2019ai pas milit\u00e9 pour que le Pr\u00e9sident de la R\u00e9publique donne les cl\u00e9s de la maison \u00e0 des barbouzes, maqu\u00e9s avec des oligarques russes.    J\u2019avais cru militer pour une R\u00e9publique exemplaire.      *Je n\u2019ai pas milit\u00e9 pour que la France soit si pingre, si dure et si violente sur l\u2019accueil des migrants, paum\u00e9s de la plan\u00e8te lib\u00e9rale.     *Je n\u2019ai pas milit\u00e9 pour croiser sur nos routes, des milliers de routiers, souvent \u00e9trangers, petites mains du consum\u00e9risme sans limites et nouveaux esclaves contemporains de l\u2019Europe, qui passent leur vie, semaine et week-end \u00e9loign\u00e9s de leur familles, sur des parkings, \u00e0 manger, comme des chiens, dans des gamelles.      *Je n\u2019ai pas milit\u00e9 pour que le glyphosate et autres pesticides ou coformulants continuent \u00e0 faire des ravages.      *Je n\u2019ai pas milit\u00e9 pour que toutes les politiques publiques fran\u00e7aises concourent \u00e0 accroitre le chiffre d\u2019affaire des \u00ab Gafam \u00bb et leur mainmise sur le monde.      *Je n\u2019ai pas milit\u00e9, pour que ma maman, 88 ans et cardiaque, passe 30 heures dans les couloirs des urgences suite \u00e0 un malaise et soit renvoy\u00e9e chez elle, f\u00e9brile, par manque de chambre.      *Je n\u2019ai pas milit\u00e9 pour que les grands services strat\u00e9giques fran\u00e7ais, dont l\u2019\u00e9nergie, restent privatis\u00e9s et que l\u2019on impose \u00e0 tous les fran\u00e7ais un compteur-espion intelligent.      *Je n\u2019ai pas milit\u00e9 pour que la France devienne, \u00e0 coups d\u2019argent public, le maillot jaune de la \u00ab pseudo intelligence \u00bb artificielle, vecteur de d\u00e9veloppement de la b\u00eatise humaine.        *Je n\u2019ai pas milit\u00e9 pour que l\u2019\u00e9galit\u00e9 femmes-Hommes, soit la \u00ab Grande Cause Nationale du Quinquennat \u00bb, quand tant de femmes, d\u2019hommes et d\u2019enfants dorment dans la rue.      *Je n\u2019ai pas milit\u00e9 pour que le Pr\u00e9sident, les ministres et secr\u00e9taires d\u2019Etat passent leur temps \u00e0 \u00ab twitter \u00bb leurs \u00e9tats d\u2019\u00e2me et leur propagande.    Et que par ailleurs tous les symboles des \u00ab privil\u00e8ges \u00bb des gouvernants de la R\u00e9publique fran\u00e7aise subsistent.      *Je n\u2019ai pas milit\u00e9 pour que des ministres ou secr\u00e9taires d\u2019Etat aillent participer \u00e0 des \u00e9missions de t\u00e9l\u00e9-vulgarit\u00e9.    *Je n\u2019ai pas milit\u00e9 pour que la t\u00e9l\u00e9vision fran\u00e7aise continue, ann\u00e9e apr\u00e8s ann\u00e9e, son \u0153uvre de d\u00e9culturation totale et de racolage tous azimuts.    *Je n\u2019ai pas milit\u00e9 pour que le budget de la culture consacre de l\u2019argent \u00e0 la gestion d\u2019un pass. De surcro\u00eet pass ouvert aux loisirs capitalistiques.      *Je n\u2019ai pas milit\u00e9 pour que l\u2019\u00e9ducation nationale se concentre une fois de plus sur des r\u00e9formes institutionnelles sans int\u00e9r\u00eat, \u00e9ludant les vrais enjeux et les vrais probl\u00e8mes de perte de niveau et d\u2019\u00e9thique.      *Je n\u2019ai pas milit\u00e9 pour que l\u2019Etat ferme des classes et des \u00e9coles, \u00e0 la moindre baisse d\u2019effectifs.      *Je n\u2019ai pas milit\u00e9 pour que le monde rural et l\u2019agriculture soient les grands sacrifi\u00e9s du si\u00e8cle.      *Je n\u2019ai pas milit\u00e9 pour que le m\u0153urs, la vie priv\u00e9e et les opinions continuent de faire l\u2019objet de nouvelles lois qui viennent encore faire grossir les 74 codes d\u00e9j\u00e0 incroyablement ob\u00e8ses et asphyxi\u00e9s, lois de bien-pensance, inutiles et inefficaces, voire contre-productives (fess\u00e9e, harc\u00e8lement de rue, antis\u00e9mitisme, voire antisionisme). A quand des lois pour punir la b\u00eatise ??      *Je n\u2019ai pas milit\u00e9 pour que les gendarmes passent autant de temps et d\u2019\u00e9nergie \u00e0 pinailler sur la taille, la couleur ou l\u2019assiette fonci\u00e8re des cabanes de gilets jaunes, comme le grand m\u00e9chant loup avec les 3 petits cochons, quand de surcro\u00eet par ailleurs il y a bien des dossiers de d\u00e9linquance et de s\u00e9curit\u00e9 publique sur lesquels ils sont absents ou \u00e9cart\u00e9s.      *Je n\u2019ai pas milit\u00e9 pour \u00e9lire \u00ab le Pr\u00e9sident du gaz lacrymog\u00e8ne \u00bb et des gueules cass\u00e9es, 100 ans apr\u00e8s celles de nos arri\u00e8res grands-p\u00e8res.   Je n\u2019imaginais pas l\u2019usage des gaz lacrymog\u00e8nes et les armadas de CRS pour d\u00e9loger quelques militants \u00e9cologistes et habitants en for\u00eat de Kolbsheim, dont une v\u00e9n\u00e9rable nonag\u00e9naire, dont une d\u00e9put\u00e9 de la R\u00e9publique.  Je n\u2019imaginais pas des dizaines de CRS pour permettre le d\u00e9montage de force de cabanes au bord des routes, de v\u00e9ritables forces arm\u00e9es pour accueillir en ville les manifestations de fran\u00e7ais en col\u00e8re.  Je n\u2019imaginais pas un jour une loi pour s\u00e9lectionner les futurs manifestants.    Depuis votre d\u00e9claration officielle de candidature, je vous ai \u00e9crit cinq fois. Je n\u2019ai jamais eu de r\u00e9ponse. M\u00eame pas d\u2019accus\u00e9 de r\u00e9ception.    Je n\u2019ai pas non plus de r\u00e9ponse lorsque j\u2019\u00e9cris \u00e0 vos ministres (la derni\u00e8re lettre envoy\u00e9e sous enveloppe (mairie de Phalsbours \u00bb en plein \u00ab d\u00e9bat \u00bb au ministre de l\u2019Int\u00e9rieur est revenue avec une \u00e9tiquette de la poste \u00ab pli refus\u00e9 par le destinataire \u00bb. Comme je n\u2019ai pas de r\u00e9ponse lorsque j\u2019\u00e9cris au Pr\u00e9fet, au directeur de l\u2019ARS, au Rexteur, au directeur de la DDCS, de la DGFIP\u2026 En revanche, je constate des mensonges, r\u00e9p\u00e9t\u00e9s, de certains hauts fonctionnaires qui se couvrent les uns les autres et ne sont jamais sanctionn\u00e9s. Le dernier Pr\u00e9fet qui m\u2019a consenti un rendez-vous (en direct de portable \u00e0 portable), m\u2019a cach\u00e9, fait annonc\u00e9 le lendemain par la presse locale, qu\u2019il quittait son poste avec effet imm\u00e9diat. Le rendez-vous n\u2019a bien entendu jamais eu lieu.      Maire depuis 26 ans, je n\u2019ai jamais v\u00e9cu comme ces deux derni\u00e8res ann\u00e9es une telle d\u00e9gradation des relations et un tel m\u00e9pris des hauts fonctionnaires \u00e0 l\u2019\u00e9gard de la population et des \u00e9lus locaux. Je pourrais \u00e9crire un livre. J\u2019y songe.   J\u2019ai d\u00fb avoir recours \u00e0 plusieurs reprises aux tribunaux administratifs pour avoir acc\u00e8s \u00e0 des documents que l\u2019administration refusait en toute ill\u00e9galit\u00e9 de me communiquer.   La justice fran\u00e7aise reste ind\u00e9pendante et de tr\u00e8s haute qualit\u00e9. Mais sans encore un vrai sujet, pour une r\u00e9publique qui se voudrait digne, \u00e0 d\u00e9faut d\u2019atteindre l\u2019exemplarit\u00e9 annonc\u00e9e.    D\u2019ailleurs la plupart des revendications du cahier de dol\u00e9ances du Phalsbourgeois en 1789 portaient d\u00e9j\u00e0 sur les moyens octroy\u00e9s \u00e0 la justice et sur son organisation\u2026    Alors si ni vous, ni vos subordonn\u00e9s ne daignez r\u00e9pondre \u00e0 mes interpellations, \u00e0 quoi bon venir d\u00e9jeuner \u00e0 votre table ?     Au moins, votre \u00e9lection aura \u00e9t\u00e9 utile :   Elle a prouv\u00e9, s\u2019il en \u00e9tait encore besoin, parce que votre R\u00e9volution n\u2019est rest\u00e9e qu\u2019un titre de livre, que la 5\u00e8me R\u00e9publique est \u00e0 bout de souffle. Qu\u2019elle s\u2019est transform\u00e9e en un pouvoir personnel dont le titulaire a besoin d\u2019\u00eatre en campagne \u00e9lectorale permanente, quitte, comme ses illustres pr\u00e9d\u00e9cesseurs d\u2019avant la R\u00e9volution, \u00e0 pr\u00e9tendre gu\u00e9rir, devant les cam\u00e9ras de t\u00e9l\u00e9vision, les \u00e9crouelles des maires et bon peuple, handicap\u00e9s, petits retrait\u00e9s,\u2026    Aurez-vous l\u2019intelligence de le comprendre et le courage de prendre les mesures institutionnelles qui s\u2019imposent pour que vous puissiez rester dans les m\u00e9moires de la R\u00e9publique fran\u00e7aise comme le dernier Pr\u00e9sident de la 5\u00e8me r\u00e9publique ?     Elle a prouv\u00e9, s\u2019il en \u00e9tait encore besoin, parce que votre R\u00e9volution n\u2019est rest\u00e9e qu\u2019un titre de livre, que les campagnes \u00e9lectorales pr\u00e9sidentielles, m\u00e9diatiques, d\u00e9magogiques, voire simplement mensong\u00e8res, ont atteint leurs limites. L\u00e0 encore, l\u2019exercice ne sera plus cr\u00e9dible et plus possible.      Elle a prouv\u00e9, s\u2019il en \u00e9tait encore besoin, parce que votre R\u00e9volution n\u2019est rest\u00e9e qu\u2019un titre de livre, que le syst\u00e8me ultra lib\u00e9ral mondialis\u00e9 consum\u00e9riste que vous incarnez \u00e0 pr\u00e9sent, et dont on a le sentiment que vous \u00eates devenu le chantre, est \u00e0 bout de souffle et que m\u00eame si vous repeignez, ce qui n\u2019a pas encore \u00e9t\u00e9 fait, la fa\u00e7ade de l\u2019\u00e9difice en vert, il va bient\u00f4t s\u2019\u00e9crouler. Il est temps de creuser les fondations de nouveaux \u00e9difices, plus solides parce que plus vertueux.     Elle a prouv\u00e9, s\u2019il en \u00e9tait encore besoin, parce que votre R\u00e9volution n\u2019est rest\u00e9e qu\u2019un titre de livre, que l\u2019Europe aux mains des lobbies d\u2019affaires, est \u00e0 bout de souffle, m\u00eame dans la t\u00eate des plus europhiles d\u2019entre nous, dont je fus. Charles de Gaulle et Robert Schuman doivent se retourner dans leur tombe, les pauvres.      Elle a prouv\u00e9, s\u2019il en \u00e9tait encore besoin, parce que votre R\u00e9volution n\u2019est rest\u00e9e qu\u2019un titre de livre, que la parole politique d\u00e9sormais creuse, ne compte plus face \u00e0 la technocratie, \u00e0 la technologie, \u00e0 ce que j\u2019appelle \u00e0 pr\u00e9sent, la technocrature.    Vous connaissez donc, puisque, comme disait Cyrano, \u00ab c\u2019est le th\u00e8me \u00bb, une partie de mes dol\u00e9ances.   Vous voulez connaitre les revendications des maires, \u00e0 travers un tour de France t\u00e9l\u00e9vis\u00e9 ? Faites-vous donc synth\u00e9tiser les comptes rendus des Assembl\u00e9es g\u00e9n\u00e9rales annuelles tenues depuis 30 ans. Vous y trouverez toutes les r\u00e9ponses. Quasiment toutes les mises en garde y figurent, concernant les probl\u00e8mes qui aujourd\u2019hui sautent \u00e0 la figure des gouvernants et des technocrates.   Elles n\u2019ont jamais \u00e9t\u00e9 entendues.      Aussi, mardi 26 f\u00e9vrier \u00e0 midi, je pr\u00e9f\u00e8rerai le jaune des gilets \u00e0 celui des ors de la R\u00e9publique, m\u00eame avec un Pr\u00e9sident en manches de chemise, et j\u2019irai partager un \u00ab vrai \u00bb et non un \u00ab grand \u00bb d\u00e9bat, en mangeant une merguez, \u00e0 la cabane des gilets jaunes de Phalsbourg, o\u00f9 j\u2019ai d\u00e9couvert des personnes de tous horizons, sinc\u00e8res, ouvertes, motiv\u00e9es par le fait politique, endurantes \u00e0 l\u2019heure du zapping impos\u00e9 et qui ont enfin compris qu\u2019il y a d\u2019autres fa\u00e7ons d\u2019agir, plus int\u00e9ressantes et plus efficaces, que de syst\u00e9matiquement voter \u00ab contestataire \u00bb ou de s\u2019abstenir aux \u00e9lections.   Et depuis que le \u00ab comit\u00e9 local en marche \u00bb a disparu, encore plus vite qu\u2019il ne s\u2019\u00e9tait constitu\u00e9, la \u00ab cabane \u00bb demeure le seul lieu o\u00f9 l\u2019on puisse quotidiennement discuter de politique avec des citoyens.      Les gilets jaunes ne sont en tout cas pas des fain\u00e9ants, et vous devriez mieux entendre leur cri chaque samedi : \u00ab Macron, des missions ! \u00bb    Ils sont pr\u00eats \u00e0 changer de trottoir.    Ils n\u2019attendent que \u00e7a.    Ce ne sont que des braves gens, pour l\u2019immense majorit\u00e9 d\u2019entre eux. Des indign\u00e9s, comme Stephane Hessel, face \u00e0 l\u2019ind\u00e9cence de la soci\u00e9t\u00e9 que vous pr\u00e9sidez.    Nous leur devons le respect, vous leur devez le respect.    Leur mouvement repr\u00e9sente une soupape, \u00f4 combien salutaire, \u00e0 la pression ambiante au sein du pays.     Et puis il faut rendre \u00e0 C\u00e9sar, ce qui appartient \u00e0 C\u00e9sar. Sans les gilets jaunes, je n\u2019aurais pas \u00e9t\u00e9 invit\u00e9 \u00e0 l\u2019Elys\u00e9e\u2026 Donc c\u2019est avant tout eux que je souhaite aller remercier mardi midi.    Enfin, je vous vois et je vous entends tous les jours, plusieurs fois, dans les m\u00e9dias. Une fois de plus ou de moins\u2026   Je vous promets que mardi, nous boirons une Kro \u00e0 votre sant\u00e9 et \u00e0 celle de mes coll\u00e8gues pr\u00e9sents \u00e0 votre table.     Je vous prie d\u2019agr\u00e9er, Monsieur le Pr\u00e9sident, l\u2019expression de ma tr\u00e8s haute consid\u00e9ration.    Le maire    Dany KOCHER<\/p>\n","protected":false},"excerpt":{"rendered":"<p>UN PARCOURS \u00ab\u00a0EN MARCHE\u00a0\u00bb ACC\u00c9L\u00c9R\u00c9E Comme nous l&rsquo;avions fait pr\u00e9c\u00e9demment avec la lettre de Fr\u00e9d\u00e9ric Lordon, nous vous offrons aujourd&rsquo;hui [&hellip;]<\/p>\n","protected":false},"author":1,"featured_media":4276,"comment_status":"open","ping_status":"open","sticky":false,"template":"","format":"standard","meta":{"sfsi_plus_gutenberg_text_before_share":"","sfsi_plus_gutenberg_show_text_before_share":"","sfsi_plus_gutenberg_icon_type":"","sfsi_plus_gutenberg_icon_alignemt":"","sfsi_plus_gutenburg_max_per_row":"","site-sidebar-layout":"default","site-content-layout":"","ast-site-content-layout":"default","site-content-style":"default","site-sidebar-style":"default","ast-global-header-display":"","ast-banner-title-visibility":"","ast-main-header-display":"","ast-hfb-above-header-display":"","ast-hfb-below-header-display":"","ast-hfb-mobile-header-display":"","site-post-title":"","ast-breadcrumbs-content":"","ast-featured-img":"","footer-sml-layout":"","ast-disable-related-posts":"","theme-transparent-header-meta":"","adv-header-id-meta":"","stick-header-meta":"","header-above-stick-meta":"","header-main-stick-meta":"","header-below-stick-meta":"","astra-migrate-meta-layouts":"default","ast-page-background-enabled":"default","ast-page-background-meta":{"desktop":{"background-color":"var(--ast-global-color-4)","background-image":"","background-repeat":"repeat","background-position":"center center","background-size":"auto","background-attachment":"scroll","background-type":"","background-media":"","overlay-type":"","overlay-color":"","overlay-opacity":"","overlay-gradient":""},"tablet":{"background-color":"","background-image":"","background-repeat":"repeat","background-position":"center center","background-size":"auto","background-attachment":"scroll","background-type":"","background-media":"","overlay-type":"","overlay-color":"","overlay-opacity":"","overlay-gradient":""},"mobile":{"background-color":"","background-image":"","background-repeat":"repeat","background-position":"center center","background-size":"auto","background-attachment":"scroll","background-type":"","background-media":"","overlay-type":"","overlay-color":"","overlay-opacity":"","overlay-gradient":""}},"ast-content-background-meta":{"desktop":{"background-color":"var(--ast-global-color-5)","background-image":"","background-repeat":"repeat","background-position":"center center","background-size":"auto","background-attachment":"scroll","background-type":"","background-media":"","overlay-type":"","overlay-color":"","overlay-opacity":"","overlay-gradient":""},"tablet":{"background-color":"var(--ast-global-color-5)","background-image":"","background-repeat":"repeat","background-position":"center center","background-size":"auto","background-attachment":"scroll","background-type":"","background-media":"","overlay-type":"","overlay-color":"","overlay-opacity":"","overlay-gradient":""},"mobile":{"background-color":"var(--ast-global-color-5)","background-image":"","background-repeat":"repeat","background-position":"center center","background-size":"auto","background-attachment":"scroll","background-type":"","background-media":"","overlay-type":"","overlay-color":"","overlay-opacity":"","overlay-gradient":""}},"footnotes":""},"categories":[16],"tags":[],"class_list":["post-692","post","type-post","status-publish","format-standard","has-post-thumbnail","hentry","category-archives-cms"],"_links":{"self":[{"href":"https:\/\/lavoiedessansvoix.fr\/lavoie\/wp-json\/wp\/v2\/posts\/692","targetHints":{"allow":["GET"]}}],"collection":[{"href":"https:\/\/lavoiedessansvoix.fr\/lavoie\/wp-json\/wp\/v2\/posts"}],"about":[{"href":"https:\/\/lavoiedessansvoix.fr\/lavoie\/wp-json\/wp\/v2\/types\/post"}],"author":[{"embeddable":true,"href":"https:\/\/lavoiedessansvoix.fr\/lavoie\/wp-json\/wp\/v2\/users\/1"}],"replies":[{"embeddable":true,"href":"https:\/\/lavoiedessansvoix.fr\/lavoie\/wp-json\/wp\/v2\/comments?post=692"}],"version-history":[{"count":1,"href":"https:\/\/lavoiedessansvoix.fr\/lavoie\/wp-json\/wp\/v2\/posts\/692\/revisions"}],"predecessor-version":[{"id":3403,"href":"https:\/\/lavoiedessansvoix.fr\/lavoie\/wp-json\/wp\/v2\/posts\/692\/revisions\/3403"}],"wp:featuredmedia":[{"embeddable":true,"href":"https:\/\/lavoiedessansvoix.fr\/lavoie\/wp-json\/wp\/v2\/media\/4276"}],"wp:attachment":[{"href":"https:\/\/lavoiedessansvoix.fr\/lavoie\/wp-json\/wp\/v2\/media?parent=692"}],"wp:term":[{"taxonomy":"category","embeddable":true,"href":"https:\/\/lavoiedessansvoix.fr\/lavoie\/wp-json\/wp\/v2\/categories?post=692"},{"taxonomy":"post_tag","embeddable":true,"href":"https:\/\/lavoiedessansvoix.fr\/lavoie\/wp-json\/wp\/v2\/tags?post=692"}],"curies":[{"name":"wp","href":"https:\/\/api.w.org\/{rel}","templated":true}]}}