{"id":691,"date":"2019-04-01T04:17:00","date_gmt":"2019-04-01T02:17:00","guid":{"rendered":"https:\/\/lavoiedessansvoix.fr\/lavoie\/2019\/04\/01\/archive-lettre-a-mes-amis-gilets-jaunes-qu-elle-reponse-apporter-a-la-politique-repressi\/"},"modified":"2026-04-26T21:10:11","modified_gmt":"2026-04-26T19:10:11","slug":"archive-lettre-a-mes-amis-gilets-jaunes-qu-elle-reponse-apporter-a-la-politique-repressi","status":"publish","type":"post","link":"https:\/\/lavoiedessansvoix.fr\/lavoie\/2019\/04\/01\/archive-lettre-a-mes-amis-gilets-jaunes-qu-elle-reponse-apporter-a-la-politique-repressi\/","title":{"rendered":"LETTRE A MES AMIS \u00ab GILETS-JAUNES \u00bb :  QU\u2019ELLE R\u00c9PONSE APPORTER A LA POLITIQUE R\u00c9PRESSIVE DE MACRON ?"},"content":{"rendered":"<p>LETTRE A MES AMIS \u00ab GILETS-JAUNES \u00bb :     QU\u2019ELLE R\u00c9PONSE APPORTER A LA POLITIQUE R\u00c9PRESSIVE DE MACRON ?      De semaines en semaines Macron et sa bande bouclent un peu plus l\u2019espace de l\u2019expression publique, confisquent les libert\u00e9s, r\u00e9prime, arr\u00eate arbitrairement et d\u00e9f\u00e8re par millier, les manifestants en comparution imm\u00e9diate.   C\u2019est le moyen qu\u2019il ont trouv\u00e9 pour interdire dans les faits le droit de manifester qu\u2019il n\u2019ont pas os\u00e9 rayer dans les textes. Ainsi la France peuvent-ils pr\u00e9tendre reste un pays de \u00ab libert\u00e9 \u00bb o\u00f9 le droit de manifester est reconnu par la loi, quand en v\u00e9rit\u00e9 il est interdit par les m\u00e9thodes polici\u00e8res et judiciaires.   Ce dictateur est de la pire esp\u00e8ce. C\u2019est un dictateur Faux-cul, qui n\u2019ose pas assumer dans les mots la r\u00e9alit\u00e9 qu\u2019il met en \u0153uvre par les actes.    Un peuple s\u2019est lev\u00e9 le 17 novembre 2018 aux ronds-points, et crie depuis sa mis\u00e8re et ses souffrances. Et la seule v\u00e9ritable r\u00e9ponse qu\u2019a apport\u00e9e jusque-l\u00e0 ce pouvoir est d\u2019ordre r\u00e9pressif et judiciaire.    Insult\u00e9, humili\u00e9, battu, bless\u00e9, mutil\u00e9, punis, le peuple retournera-t-il \u00e0 la niche comme un chien martyris\u00e9 ?    Il ne le doit pas. Il ne le faut pas. Songez amis \u00e0 ce que serait le retour de b\u00e2ton social si nous nous couchions devant se gouvernement brutal et arrogant.    Non ! Le gouvernement \u00ab Monarchiste \u00bb dont la R\u00e9publique s\u2019est dot\u00e9, met le peuple au d\u00e9fi, l\u2019accule \u00e0 ce choix path\u00e9tique : subir sa mis\u00e8re sans broncher ou faire face \u00e0 la violence qu\u2019on lui impose. Le peuple n\u2019est pas chien et il refuse d\u2019\u00eatre esclave. C\u2019est les yeux dans les yeux qu\u2019il va relever le d\u00e9fi de ce pouvoir honni.    Oh, et c\u2019est le calcul pervers de l\u2019insolent Macron, il veut s\u00e9parer une \u00ab avant-garde \u00bb humili\u00e9e et en col\u00e8re, de la grande masse du peuple, l\u2019enfermer dans une nasse de violence d\u00e9sordonn\u00e9es et d\u00e9sesp\u00e9r\u00e9e, afin de la priver de tout soutien pour mieux la briser insolemment. Mais ce n\u2019est pas comme \u00e7a que les choses vont se passer.   Macron p\u00e8che par pr\u00e9somption. Il est s\u00fbr de sa sup\u00e9riorit\u00e9 intellectuelle et ce n\u2019est l\u00e0 en v\u00e9rit\u00e9 que le sympt\u00f4me le plus certain de sa b\u00eatise. Macron n\u2019est qu\u2019un \u00ab ANENA \u00bb.    L\u2019avant-garde ne va pas aller seule au \u00ab casse-pipe \u00bb. Elle ne va pas plus longtemps donner au pouvoir le plaisir de la d\u00e9faire en d\u00e9tail. Nous allons nous d\u00e9ployer, en milliers de r\u00e9union publiques et sur les march\u00e9s, aller au devant des gens, appeler \u00e0 la solidarit\u00e9 \u00e0 la mobilisation, et \u00e0 l&rsquo;auto-d\u00e9fense. C\u2019est le peuple tout entier qui va se soulever plus largement encore et serrer les rangs, se fonder partout, en Assembl\u00e9es citoyennes de villes et villages, f\u00e9d\u00e9r\u00e9es au niveau national dans une grande Assembl\u00e9e d\u00e9mocratique des Assembl\u00e9es, en quelque sorte une \u00ab Assembl\u00e9e Nationale populaire \u00bb. Et c\u2019est celle-ci qui recrutera, formera, \u00e9quipera et mandatera elle-m\u00eame une \u00ab garde Nationale populaire \u00bb adoss\u00e9e au vaste soutien du peuple tout entier, et qui sera charg\u00e9 de relever sans faiblir, de mani\u00e8re r\u00e9fl\u00e9chie et ordonn\u00e9e, le d\u00e9fi de la violence institutionnelle.    L\u2019insurrection est le droit sacr\u00e9 des peuples !    Patrick Seignon. \u00ab lavoiedessansvoix.fr \u00bb. Lundi 1er Avril 2019.<\/p>\n","protected":false},"excerpt":{"rendered":"<p>LETTRE A MES AMIS \u00ab GILETS-JAUNES \u00bb : QU\u2019ELLE R\u00c9PONSE APPORTER A LA POLITIQUE R\u00c9PRESSIVE DE MACRON ? De semaines [&hellip;]<\/p>\n","protected":false},"author":1,"featured_media":4275,"comment_status":"open","ping_status":"open","sticky":false,"template":"","format":"standard","meta":{"sfsi_plus_gutenberg_text_before_share":"","sfsi_plus_gutenberg_show_text_before_share":"","sfsi_plus_gutenberg_icon_type":"","sfsi_plus_gutenberg_icon_alignemt":"","sfsi_plus_gutenburg_max_per_row":"","site-sidebar-layout":"default","site-content-layout":"","ast-site-content-layout":"default","site-content-style":"default","site-sidebar-style":"default","ast-global-header-display":"","ast-banner-title-visibility":"","ast-main-header-display":"","ast-hfb-above-header-display":"","ast-hfb-below-header-display":"","ast-hfb-mobile-header-display":"","site-post-title":"","ast-breadcrumbs-content":"","ast-featured-img":"","footer-sml-layout":"","ast-disable-related-posts":"","theme-transparent-header-meta":"","adv-header-id-meta":"","stick-header-meta":"","header-above-stick-meta":"","header-main-stick-meta":"","header-below-stick-meta":"","astra-migrate-meta-layouts":"default","ast-page-background-enabled":"default","ast-page-background-meta":{"desktop":{"background-color":"var(--ast-global-color-4)","background-image":"","background-repeat":"repeat","background-position":"center center","background-size":"auto","background-attachment":"scroll","background-type":"","background-media":"","overlay-type":"","overlay-color":"","overlay-opacity":"","overlay-gradient":""},"tablet":{"background-color":"","background-image":"","background-repeat":"repeat","background-position":"center center","background-size":"auto","background-attachment":"scroll","background-type":"","background-media":"","overlay-type":"","overlay-color":"","overlay-opacity":"","overlay-gradient":""},"mobile":{"background-color":"","background-image":"","background-repeat":"repeat","background-position":"center center","background-size":"auto","background-attachment":"scroll","background-type":"","background-media":"","overlay-type":"","overlay-color":"","overlay-opacity":"","overlay-gradient":""}},"ast-content-background-meta":{"desktop":{"background-color":"var(--ast-global-color-5)","background-image":"","background-repeat":"repeat","background-position":"center center","background-size":"auto","background-attachment":"scroll","background-type":"","background-media":"","overlay-type":"","overlay-color":"","overlay-opacity":"","overlay-gradient":""},"tablet":{"background-color":"var(--ast-global-color-5)","background-image":"","background-repeat":"repeat","background-position":"center center","background-size":"auto","background-attachment":"scroll","background-type":"","background-media":"","overlay-type":"","overlay-color":"","overlay-opacity":"","overlay-gradient":""},"mobile":{"background-color":"var(--ast-global-color-5)","background-image":"","background-repeat":"repeat","background-position":"center center","background-size":"auto","background-attachment":"scroll","background-type":"","background-media":"","overlay-type":"","overlay-color":"","overlay-opacity":"","overlay-gradient":""}},"footnotes":""},"categories":[16],"tags":[],"class_list":["post-691","post","type-post","status-publish","format-standard","has-post-thumbnail","hentry","category-archives-cms"],"_links":{"self":[{"href":"https:\/\/lavoiedessansvoix.fr\/lavoie\/wp-json\/wp\/v2\/posts\/691","targetHints":{"allow":["GET"]}}],"collection":[{"href":"https:\/\/lavoiedessansvoix.fr\/lavoie\/wp-json\/wp\/v2\/posts"}],"about":[{"href":"https:\/\/lavoiedessansvoix.fr\/lavoie\/wp-json\/wp\/v2\/types\/post"}],"author":[{"embeddable":true,"href":"https:\/\/lavoiedessansvoix.fr\/lavoie\/wp-json\/wp\/v2\/users\/1"}],"replies":[{"embeddable":true,"href":"https:\/\/lavoiedessansvoix.fr\/lavoie\/wp-json\/wp\/v2\/comments?post=691"}],"version-history":[{"count":1,"href":"https:\/\/lavoiedessansvoix.fr\/lavoie\/wp-json\/wp\/v2\/posts\/691\/revisions"}],"predecessor-version":[{"id":3401,"href":"https:\/\/lavoiedessansvoix.fr\/lavoie\/wp-json\/wp\/v2\/posts\/691\/revisions\/3401"}],"wp:featuredmedia":[{"embeddable":true,"href":"https:\/\/lavoiedessansvoix.fr\/lavoie\/wp-json\/wp\/v2\/media\/4275"}],"wp:attachment":[{"href":"https:\/\/lavoiedessansvoix.fr\/lavoie\/wp-json\/wp\/v2\/media?parent=691"}],"wp:term":[{"taxonomy":"category","embeddable":true,"href":"https:\/\/lavoiedessansvoix.fr\/lavoie\/wp-json\/wp\/v2\/categories?post=691"},{"taxonomy":"post_tag","embeddable":true,"href":"https:\/\/lavoiedessansvoix.fr\/lavoie\/wp-json\/wp\/v2\/tags?post=691"}],"curies":[{"name":"wp","href":"https:\/\/api.w.org\/{rel}","templated":true}]}}