{"id":688,"date":"2019-07-11T16:39:00","date_gmt":"2019-07-11T14:39:00","guid":{"rendered":"https:\/\/lavoiedessansvoix.fr\/lavoie\/2019\/07\/11\/archive-une-oraison-pour-vincent-lambert\/"},"modified":"2026-04-26T21:09:43","modified_gmt":"2026-04-26T19:09:43","slug":"archive-une-oraison-pour-vincent-lambert","status":"publish","type":"post","link":"https:\/\/lavoiedessansvoix.fr\/lavoie\/2019\/07\/11\/archive-une-oraison-pour-vincent-lambert\/","title":{"rendered":"UNE ORAISON POUR VINCENT LAMBERT"},"content":{"rendered":"<p>UNE ORAISON POUR VINCENT LAMBERT.   Eh oui, depuis son tr\u00e9pas en 2008, Vincent Lambert est enfin mort. Jamais temps si long ne fut n\u00e9cessaire pour d\u00e9livrer un constat de d\u00e9c\u00e8s.  Voil\u00e0 onze ans que durait ce feuilleton \u00e9trange  o\u00f9 des m\u00e9decins diaboliques s\u2019effor\u00e7aient de maintenir un cadavre en vie.  Performance, certes non niable pour les docteurs Frankenstein. Mais quel horreur pour la \u00ab raison \u00bb, quel g\u00e2chis pour les deniers publics.  On poursuit de pauvres types (esses), qui fraudent quelques centaines d\u2019euros en arr\u00eats de travail mal justifi\u00e9s, et l\u2019on en d\u00e9pense des centaines de milliers pour faire vivre de par les si\u00e8cles des si\u00e8cles la momie de Toutankhamon.  Les parents de Vincent Lambert ont la \u00ab foi \u00bb greff\u00e9e au c\u0153ur. Nous respectons avec beaucoup de compassion cette affection de l\u2019esprit. S\u2019ils \u00e9taient si convaincus que le bon Dieu qui en a fait tant tuer avant de \u00ab reconnaitre les siens \u00bb \u00e9tait tellement attach\u00e9 au maintien de la \u00ab vie \u00bb (quelle vie ?) du seul Vincent, pourquoi diable s\u2019en remettaient-ils aux artifices des m\u00e9decins de Belz\u00e9buth ? Pourquoi dans ce cas ne pas confier directement la survie v\u00e9g\u00e9tative de leur fiston au soin de J\u00e9hovah ? Dieu dans lequel ils placent leurs certitudes n\u2019\u00e9tait-t-il pas mieux qualifi\u00e9 que les \u00ab Sorciers d\u2019Esculape \u00bb pour d\u00e9fier la mort ? Pourquoi diantre, plut\u00f4t que de d\u00e9penser des millions d\u2019euros d\u2019argent public pour faire vivre un mort ne l\u2019ont-ils pas plong\u00e9 dans les eaux salvatrices de Lourde ? \u00ab R\u00e9veille-toi et nage \u00bb.   La connerie humaine a encore des lendemains qui chantent\u2026. des chants Gr\u00e9goriens.  Patrick Seignon. \u00ab lavoiedessansvoix. Fr \u00bb. Jeudi 11 juillet 2019.<\/p>\n","protected":false},"excerpt":{"rendered":"<p>UNE ORAISON POUR VINCENT LAMBERT. Eh oui, depuis son tr\u00e9pas en 2008, Vincent Lambert est enfin mort. Jamais temps si [&hellip;]<\/p>\n","protected":false},"author":1,"featured_media":4272,"comment_status":"open","ping_status":"open","sticky":false,"template":"","format":"standard","meta":{"sfsi_plus_gutenberg_text_before_share":"","sfsi_plus_gutenberg_show_text_before_share":"","sfsi_plus_gutenberg_icon_type":"","sfsi_plus_gutenberg_icon_alignemt":"","sfsi_plus_gutenburg_max_per_row":"","site-sidebar-layout":"default","site-content-layout":"","ast-site-content-layout":"default","site-content-style":"default","site-sidebar-style":"default","ast-global-header-display":"","ast-banner-title-visibility":"","ast-main-header-display":"","ast-hfb-above-header-display":"","ast-hfb-below-header-display":"","ast-hfb-mobile-header-display":"","site-post-title":"","ast-breadcrumbs-content":"","ast-featured-img":"","footer-sml-layout":"","ast-disable-related-posts":"","theme-transparent-header-meta":"","adv-header-id-meta":"","stick-header-meta":"","header-above-stick-meta":"","header-main-stick-meta":"","header-below-stick-meta":"","astra-migrate-meta-layouts":"default","ast-page-background-enabled":"default","ast-page-background-meta":{"desktop":{"background-color":"var(--ast-global-color-4)","background-image":"","background-repeat":"repeat","background-position":"center center","background-size":"auto","background-attachment":"scroll","background-type":"","background-media":"","overlay-type":"","overlay-color":"","overlay-opacity":"","overlay-gradient":""},"tablet":{"background-color":"","background-image":"","background-repeat":"repeat","background-position":"center center","background-size":"auto","background-attachment":"scroll","background-type":"","background-media":"","overlay-type":"","overlay-color":"","overlay-opacity":"","overlay-gradient":""},"mobile":{"background-color":"","background-image":"","background-repeat":"repeat","background-position":"center center","background-size":"auto","background-attachment":"scroll","background-type":"","background-media":"","overlay-type":"","overlay-color":"","overlay-opacity":"","overlay-gradient":""}},"ast-content-background-meta":{"desktop":{"background-color":"var(--ast-global-color-5)","background-image":"","background-repeat":"repeat","background-position":"center center","background-size":"auto","background-attachment":"scroll","background-type":"","background-media":"","overlay-type":"","overlay-color":"","overlay-opacity":"","overlay-gradient":""},"tablet":{"background-color":"var(--ast-global-color-5)","background-image":"","background-repeat":"repeat","background-position":"center center","background-size":"auto","background-attachment":"scroll","background-type":"","background-media":"","overlay-type":"","overlay-color":"","overlay-opacity":"","overlay-gradient":""},"mobile":{"background-color":"var(--ast-global-color-5)","background-image":"","background-repeat":"repeat","background-position":"center center","background-size":"auto","background-attachment":"scroll","background-type":"","background-media":"","overlay-type":"","overlay-color":"","overlay-opacity":"","overlay-gradient":""}},"footnotes":""},"categories":[16],"tags":[],"class_list":["post-688","post","type-post","status-publish","format-standard","has-post-thumbnail","hentry","category-archives-cms"],"_links":{"self":[{"href":"https:\/\/lavoiedessansvoix.fr\/lavoie\/wp-json\/wp\/v2\/posts\/688","targetHints":{"allow":["GET"]}}],"collection":[{"href":"https:\/\/lavoiedessansvoix.fr\/lavoie\/wp-json\/wp\/v2\/posts"}],"about":[{"href":"https:\/\/lavoiedessansvoix.fr\/lavoie\/wp-json\/wp\/v2\/types\/post"}],"author":[{"embeddable":true,"href":"https:\/\/lavoiedessansvoix.fr\/lavoie\/wp-json\/wp\/v2\/users\/1"}],"replies":[{"embeddable":true,"href":"https:\/\/lavoiedessansvoix.fr\/lavoie\/wp-json\/wp\/v2\/comments?post=688"}],"version-history":[{"count":1,"href":"https:\/\/lavoiedessansvoix.fr\/lavoie\/wp-json\/wp\/v2\/posts\/688\/revisions"}],"predecessor-version":[{"id":3395,"href":"https:\/\/lavoiedessansvoix.fr\/lavoie\/wp-json\/wp\/v2\/posts\/688\/revisions\/3395"}],"wp:featuredmedia":[{"embeddable":true,"href":"https:\/\/lavoiedessansvoix.fr\/lavoie\/wp-json\/wp\/v2\/media\/4272"}],"wp:attachment":[{"href":"https:\/\/lavoiedessansvoix.fr\/lavoie\/wp-json\/wp\/v2\/media?parent=688"}],"wp:term":[{"taxonomy":"category","embeddable":true,"href":"https:\/\/lavoiedessansvoix.fr\/lavoie\/wp-json\/wp\/v2\/categories?post=688"},{"taxonomy":"post_tag","embeddable":true,"href":"https:\/\/lavoiedessansvoix.fr\/lavoie\/wp-json\/wp\/v2\/tags?post=688"}],"curies":[{"name":"wp","href":"https:\/\/api.w.org\/{rel}","templated":true}]}}