{"id":686,"date":"2019-08-03T16:13:00","date_gmt":"2019-08-03T14:13:00","guid":{"rendered":"https:\/\/lavoiedessansvoix.fr\/lavoie\/2019\/08\/03\/archive-un-crime-d-etat-est-l-affaire-de-tous-les-citoyens\/"},"modified":"2026-04-26T21:09:26","modified_gmt":"2026-04-26T19:09:26","slug":"archive-un-crime-d-etat-est-l-affaire-de-tous-les-citoyens","status":"publish","type":"post","link":"https:\/\/lavoiedessansvoix.fr\/lavoie\/2019\/08\/03\/archive-un-crime-d-etat-est-l-affaire-de-tous-les-citoyens\/","title":{"rendered":"UN CRIME D\u2019\u00c9TAT EST L\u2019AFFAIRE DE TOUS LES CITOYENS."},"content":{"rendered":"<p>UN CRIME D\u2019\u00c9TAT EST L\u2019AFFAIRE DE TOUS LES CITOYENS.                La presse et les m\u00e9dias \u00e0 la solde des banquiers et du pouvoir \u00ab macronniste \u00bb, nous rebattent les oreilles avec les regrets de la famille de Steve qui ne souhaite pas que le nom de leur enfant soit associ\u00e9 aux violences.    Primo, s\u2019agit-il vraiment des pr\u00e9occupations de la famille, ou ne serait-ce pas plut\u00f4t des extrapolations de journalistes qui s\u2019efforcent, pour servir la cause du pouvoir, de leur faire dire plus qu\u2019elle n\u2019a dit ?    Secundo, il est possible que cette famille dans la douleur et dans le deuil dise des \u00e2neries que nous lui pardonnerons bien volontiers. Mais St\u00e8ve n\u2019est pas mort victime d\u2019un accident ou serin\u00e9 par un petit truand des rue, Steve est mort, victime des actions des forces de police de la R\u00e9publique, St\u00e8ve est mort victime d\u2019un crime d\u2019\u00c9tat. Et un crime d\u2019\u00e9tat n\u2019est pas l\u2019affaire priv\u00e9e des seules victimes, d\u2019une famille en deuil, c\u2019est l\u2019affaire publique de tous les citoyens, et le jugement des victimes directes ne saurait invalider la r\u00e9action sociale.    Tertio, les parents de St\u00e8ve ne souhaitent pas que le nom de celui-ci soit associ\u00e9 aux violences qui pourraient survenir. Mais n\u2019est-ce pas d\u00e9j\u00e0 bien tard pour \u00e9mettre un tel v\u0153u ? Le nom de St\u00e8ve n\u2019est-il pas d\u00e9j\u00e0 ind\u00e9fectiblement associ\u00e9 \u00e0 la violence, aux violences ? Aux violences polici\u00e8res et \u00e0 la violence d\u2019\u00e9tat.  Les parents de St\u00e8ve r\u00e9pondent \u00e0 des journalistes de mauvaise foi, qui exploitent leur propos et leur douleur, qu\u2019ils ne veulent pas que le nom de leur fils soit associ\u00e9 aux violences que la r\u00e9v\u00e9lation du crime pourrait induire. Mais qui ne leur a jamais demand\u00e9 vraiment ce qu\u2019ils pensent de l\u2019association du nom de leur fils, la victime, \u00e0 la violence institutionnelle et \u00e0 un crime d\u2019\u00c9tat ?    Patrick Seignon. \u00ab lavoiedessansvoix.fr \u00bb. 3 ao\u00fbt 2019.<\/p>\n","protected":false},"excerpt":{"rendered":"<p>UN CRIME D\u2019\u00c9TAT EST L\u2019AFFAIRE DE TOUS LES CITOYENS. La presse et les m\u00e9dias \u00e0 la solde des banquiers et [&hellip;]<\/p>\n","protected":false},"author":1,"featured_media":4270,"comment_status":"open","ping_status":"open","sticky":false,"template":"","format":"standard","meta":{"sfsi_plus_gutenberg_text_before_share":"","sfsi_plus_gutenberg_show_text_before_share":"","sfsi_plus_gutenberg_icon_type":"","sfsi_plus_gutenberg_icon_alignemt":"","sfsi_plus_gutenburg_max_per_row":"","site-sidebar-layout":"default","site-content-layout":"","ast-site-content-layout":"default","site-content-style":"default","site-sidebar-style":"default","ast-global-header-display":"","ast-banner-title-visibility":"","ast-main-header-display":"","ast-hfb-above-header-display":"","ast-hfb-below-header-display":"","ast-hfb-mobile-header-display":"","site-post-title":"","ast-breadcrumbs-content":"","ast-featured-img":"","footer-sml-layout":"","ast-disable-related-posts":"","theme-transparent-header-meta":"","adv-header-id-meta":"","stick-header-meta":"","header-above-stick-meta":"","header-main-stick-meta":"","header-below-stick-meta":"","astra-migrate-meta-layouts":"default","ast-page-background-enabled":"default","ast-page-background-meta":{"desktop":{"background-color":"var(--ast-global-color-4)","background-image":"","background-repeat":"repeat","background-position":"center center","background-size":"auto","background-attachment":"scroll","background-type":"","background-media":"","overlay-type":"","overlay-color":"","overlay-opacity":"","overlay-gradient":""},"tablet":{"background-color":"","background-image":"","background-repeat":"repeat","background-position":"center center","background-size":"auto","background-attachment":"scroll","background-type":"","background-media":"","overlay-type":"","overlay-color":"","overlay-opacity":"","overlay-gradient":""},"mobile":{"background-color":"","background-image":"","background-repeat":"repeat","background-position":"center center","background-size":"auto","background-attachment":"scroll","background-type":"","background-media":"","overlay-type":"","overlay-color":"","overlay-opacity":"","overlay-gradient":""}},"ast-content-background-meta":{"desktop":{"background-color":"var(--ast-global-color-5)","background-image":"","background-repeat":"repeat","background-position":"center center","background-size":"auto","background-attachment":"scroll","background-type":"","background-media":"","overlay-type":"","overlay-color":"","overlay-opacity":"","overlay-gradient":""},"tablet":{"background-color":"var(--ast-global-color-5)","background-image":"","background-repeat":"repeat","background-position":"center center","background-size":"auto","background-attachment":"scroll","background-type":"","background-media":"","overlay-type":"","overlay-color":"","overlay-opacity":"","overlay-gradient":""},"mobile":{"background-color":"var(--ast-global-color-5)","background-image":"","background-repeat":"repeat","background-position":"center center","background-size":"auto","background-attachment":"scroll","background-type":"","background-media":"","overlay-type":"","overlay-color":"","overlay-opacity":"","overlay-gradient":""}},"footnotes":""},"categories":[16],"tags":[],"class_list":["post-686","post","type-post","status-publish","format-standard","has-post-thumbnail","hentry","category-archives-cms"],"_links":{"self":[{"href":"https:\/\/lavoiedessansvoix.fr\/lavoie\/wp-json\/wp\/v2\/posts\/686","targetHints":{"allow":["GET"]}}],"collection":[{"href":"https:\/\/lavoiedessansvoix.fr\/lavoie\/wp-json\/wp\/v2\/posts"}],"about":[{"href":"https:\/\/lavoiedessansvoix.fr\/lavoie\/wp-json\/wp\/v2\/types\/post"}],"author":[{"embeddable":true,"href":"https:\/\/lavoiedessansvoix.fr\/lavoie\/wp-json\/wp\/v2\/users\/1"}],"replies":[{"embeddable":true,"href":"https:\/\/lavoiedessansvoix.fr\/lavoie\/wp-json\/wp\/v2\/comments?post=686"}],"version-history":[{"count":1,"href":"https:\/\/lavoiedessansvoix.fr\/lavoie\/wp-json\/wp\/v2\/posts\/686\/revisions"}],"predecessor-version":[{"id":3391,"href":"https:\/\/lavoiedessansvoix.fr\/lavoie\/wp-json\/wp\/v2\/posts\/686\/revisions\/3391"}],"wp:featuredmedia":[{"embeddable":true,"href":"https:\/\/lavoiedessansvoix.fr\/lavoie\/wp-json\/wp\/v2\/media\/4270"}],"wp:attachment":[{"href":"https:\/\/lavoiedessansvoix.fr\/lavoie\/wp-json\/wp\/v2\/media?parent=686"}],"wp:term":[{"taxonomy":"category","embeddable":true,"href":"https:\/\/lavoiedessansvoix.fr\/lavoie\/wp-json\/wp\/v2\/categories?post=686"},{"taxonomy":"post_tag","embeddable":true,"href":"https:\/\/lavoiedessansvoix.fr\/lavoie\/wp-json\/wp\/v2\/tags?post=686"}],"curies":[{"name":"wp","href":"https:\/\/api.w.org\/{rel}","templated":true}]}}