{"id":684,"date":"2019-09-16T00:54:00","date_gmt":"2019-09-15T22:54:00","guid":{"rendered":"https:\/\/lavoiedessansvoix.fr\/lavoie\/2019\/09\/16\/archive-ou-va-les-gilets-jaunes\/"},"modified":"2026-04-26T21:09:03","modified_gmt":"2026-04-26T19:09:03","slug":"archive-ou-va-les-gilets-jaunes","status":"publish","type":"post","link":"https:\/\/lavoiedessansvoix.fr\/lavoie\/2019\/09\/16\/archive-ou-va-les-gilets-jaunes\/","title":{"rendered":"OU VA \u00ab LES GILETS-JAUNES \u00bb ?"},"content":{"rendered":"<p>OU VA \u00ab LES GILETS-JAUNES \u00bb ?       Le 17 novembre 2018, ou apr\u00e8s, vous vous \u00eates engag\u00e9s dans le mouvement des Gilets-Jaunes. Il y eut ceux de la premi\u00e8re ou de la deuxi\u00e8me heure s\u2019\u00e9tait tr\u00e8s bien. Puis il y eut ceux d\u2019apr\u00e8s et il y en aura d\u2019autres encore demain et plus tard, et c\u2019est tr\u00e8s bien aussi, car il faut que le mouvement grandisse et se renforce. Vous \u00eates, nous sommes tous les biens venus. Nous vous attendons encore par milliers.   Il y eut le premier temps. Celui de l\u2019Agora des ronds-points. Un peuple de \u00ab taiseux \u00bb se congratulait et s\u2019\u00e9veillait enfin. Protestant unanimement contre la hausse des carburants et les taxes abusives il d\u00e9couvrait qu\u2019il avait tant \u00e0 dire sur mille autres sujets. Mille revendications fusaient de centaines de milliers de bouches, et l\u2019aspiration \u00e0 un autre mod\u00e8le social, plus \u00e9galitaire et solidaire se dessinait en pointill\u00e9s.      Il y eut le deuxi\u00e8me temps. Celui de la r\u00e9ponse brutale du gouvernement et de la dispersion des ronds-points : la mise en \u0153uvre d\u2019une strat\u00e9gie r\u00e9pressive et liberticide. Il eut fallu d\u00e8s ce temps que le mouvement tire toutes les cons\u00e9quences de la nouvelle donne ainsi cr\u00e9\u00e9 et se refonde imm\u00e9diatement en \u00ab Assembl\u00e9es populaires \u00bb.   Mais ce mouvement, marqu\u00e9 au fer rouge de la d\u00e9fiance \u00e0 l\u2019\u00e9gard du monde politique, qui craignait avant toute chose la r\u00e9cup\u00e9ration, se m\u00e9fiait comme de la peste \u00ab des petits chefs \u00bb et de toute id\u00e9e de structuration ressentie comme le premier doigt dans l\u2019engrenage infernal, ne pouvait r\u00e9aliser alors pareille mutation.     Ce fut d\u2019abord le mouvement d\u2019un peuple de r\u00e9sign\u00e9s dont la col\u00e8re rentr\u00e9e s\u2019affichait enfin. La grande majorit\u00e9 des gens qui se trouv\u00e8rent sur les ronds-points manifestaient et protestaient publiquement pour la premi\u00e8re fois de leur vie. Ils se virent des millions, et pensant alors, selon le discours officiel, que la France \u00e9tait un \u00ab pays d\u00e9mocratique \u00bb, le gouvernement ne pouvait pas refuser d\u2019entendre leurs dol\u00e9ances. Aussi crurent-ils qu\u2019il apporterait au moins quelques r\u00e9ponses positives. Ils ont appris \u00e0 leurs d\u00e9pens que \u00ab la d\u00e9mocratie \u00bb n\u2019\u00e9tait en v\u00e9rit\u00e9  que voiles et maquillages pour cacher sous un jour avenant la dictature des plus riches dont Macron est un repr\u00e9sentant aboutit.   Mais d\u00e8s lors que le gouvernement ne c\u00e9dait pas, ils furent d\u00e9sorient\u00e9s, ne sachant plus ni que faire ni vraiment dans quel but.   Certains se sont \u00ab accroch\u00e9s \u00bb \u00e0 leurs ronds-points comme les moules \u00e0 leurs bouchots, d\u2019autres \u00e0 leurs manifestations, comme des fins en soi. Pourquoi faire ? Pour \u00eatre vus ? De moins en moins nombreux ? Pour faire bouger, avec toujours moins de forces un gouvernement qui avait r\u00e9sist\u00e9 \u00e0 la puissance du premier assaut ? Cette \u00ab strat\u00e9gie par d\u00e9faut \u00bb n\u2019\u00e9tait en v\u00e9rit\u00e9 que la fuite en avant, vers le mur, de ceux qui n\u2019avaient pas voulu, ou plut\u00f4t pas su ni pu, se poser \u00e0 temps la question des perspectives et d\u2019une autre strat\u00e9gie pour le mouvement.  Au fil des \u00ab actes \u00bb et des mois, le mouvement s\u2019est us\u00e9, \u00e9rod\u00e9, amenuis\u00e9. Mais le paradoxe, et c\u2019est l\u00e0 que r\u00e9side la promesse d\u2019avenir, le mouvement des Gilets-Jaunes perdure et les sympathies dont le peuple l\u2019environne ne font que cro\u00eetre et s\u2019enraciner. Cela d\u00e9montre que ce dont souffre le mouvement \u00e0 l\u2019\u00e9tape actuelle ce n\u2019est non pas tant de la fatigue de la peur ou de la lassitude, mais de l\u2019absence de perspective. Or la cl\u00e9 indispensable pour l\u2019\u00e9laboration de perspectives c\u2019est l\u2019acc\u00e8s \u00e0 un minimum de structuration. Structuration et perspective sont en l\u2019\u00e9tat des choses un couple indissociable, tel est le fond du probl\u00e8me.     Parce que le gouvernement n\u2019a pas c\u00e9d\u00e9 jusque-l\u00e0, les raisons de la col\u00e8re ont elles disparues, et les motifs de poursuivre le combat sont-ils moins grands ? Bien s\u00fbr que non. Tout au contraire. Et vous le savez bien. Le prix des carburants \u00e0 la pompe sont aujourd\u2019hui plus \u00e9lev\u00e9s qu\u2019\u00e0 l\u2019origine du mouvement. Les tarifs de l\u2019\u00e9lectricit\u00e9 qui ont augment\u00e9 de 50 % en 10 ans (c\u2019est l\u2019INSEE qui le dit) doivent augmenter encore de 5,9 % au 1er juillet. La privatisation d\u2019E.D.F.et l\u2019ouverture \u00e0 la concurrence ne devait-elle pas les faire baisser ?  \u00ab Notre gouvernement a invent\u00e9 la concurrence qui fait monter les prix \u00bb. La loi Blanquer (dite \u00ab projet de loi pour une \u00e9cole de la confiance \u00bb) poursuit et acc\u00e9l\u00e8re l\u2019\u0153uvre de privatisation rampante de l\u2019\u00e9cole publique entreprise depuis plusieurs d\u00e9cennies. Avec la liquidation du statut des cheminots et la r\u00e9forme de la SNCF c\u2019est le processus de privatisation du transport ferroviaire et le d\u00e9mant\u00e8lement du service public ferroviaire qui vient d\u2019\u00eatre mis en \u0153uvre. On assiste, avec la vente des a\u00e9roports de Paris  \u00e0 la liquidation des biens nationaux strat\u00e9giques Cependant que se poursuit la liquidation du potentiel et des emplois industriels (G\u00e9n\u00e9ral Electric \u2013 Belfort). Sous couverture de \u00ab Bio \u00bb et d\u2019agriculture raisonn\u00e9e, c\u2019est une vaste offensive financi\u00e8re et industrielle qui se met en place, sous l\u2019impulsion de la grande distribution, pour venir \u00e0 bout des derniers \u00ab Mohicans \u00bb de l\u2019agriculture traditionnelle. La course effr\u00e9n\u00e9e aux profits et \u00e0 la rentabilit\u00e9 qui implique la r\u00e9duction des revenus salariaux (salaires et salaires diff\u00e9r\u00e9s compris cotisations sociales et charges patronales) induisent la r\u00e9cession d\u00e8s lors rendu in\u00e9vitable des services publics et prestations servies impactant tous les services et tous les m\u00e9tiers. La destruction du code du travail et de toutes les lois de protection sociales, la d\u00e9r\u00e9glementation des m\u00e9tiers, l\u2019Ub\u00e9risation g\u00e9n\u00e9ralis\u00e9 ont pour finalit\u00e9 de transformer le monde du travail en un vaste \u00ab marais informe \u00bb o\u00f9 tout le monde est en concurrence avec tout le monde. Pr\u00e9carit\u00e9 g\u00e9n\u00e9ralis\u00e9e, ins\u00e9curit\u00e9 sociale permanente, salaires \u00e9cras\u00e9s.   Telle est la toile de fond qui motive tous les m\u00e9contentements multiples auxquels nous assistons : Grogne des Taxis et des autos \u00e9coles, gr\u00e8ves des Urgentistes des h\u00f4pitaux, R\u00e9forme de la fonction publique avec \u00e0 la cl\u00e9 la suppression de dizaines de milliers d\u2019emplois et surtout la transformation de dizaines de milliers d\u2019autres emplois prot\u00e9g\u00e9s en emplois pr\u00e9caires. R\u00e9forme des retraites, qui implique la liquidation de notre mod\u00e8le fran\u00e7ais de retraite par r\u00e9partition dont nous \u00e9tions si fiers, la liquidation des \u00ab r\u00e9gimes particuliers \u00bb c\u2019est-\u00e0-dire des acquis sociaux des salari\u00e9s, avec \u00e0 la cl\u00e9 vous l\u2019avez compris une chute du montant des pensions servies (certains sp\u00e9cialistes estime qu\u2019elle pourrait atteindre \u00ab moins 25 % \u00bb), c\u2019est-\u00e0-dire d\u2019une paup\u00e9risation accrue des retrait\u00e9s dans un temps o\u00f9 la mis\u00e8re s\u2019accroit d\u00e9j\u00e0 dans cette cat\u00e9gorie sociale.     C\u2019est un v\u00e9ritable cataclysme social qu\u2019entend produire la politique ultra lib\u00e9rale folle de Macron sous la dict\u00e9e du capital de taille internationale et du monde de la finance.  Alors oui, jamais raisons de se mobiliser pour venir \u00e0 bout de ce gouvernement n\u2019ont \u00e9t\u00e9 si grandes, et elles le seront encore plus demain. C\u2019est pourquoi Gilets-Jaunes, vous ne devez pas c\u00e9der au \u00ab spleen \u00bb \u00e0 la lassitude ou au d\u00e9couragement. Votre combat est plus justifi\u00e9 que jamais. La col\u00e8re l\u00e9gitime doit soutenir votre moral. Les mat\u00e9riaux inflammables s\u2019accumulent dans les soubassements de la soci\u00e9t\u00e9. Il faut entretenir et attiser la braise qui mettra le feu \u00e0 la poudri\u00e8re sociale. C\u2019est une des missions dont l\u2019Histoire vous a investi.      Le troisi\u00e8me temps est venu enfin. C\u2019est celui de la mutation du mouvement des Gilets-Jaunes en  Assembl\u00e9es Populaires, c\u2019est l\u2019Appel \u00e0 la convergence des luttes pour venir \u00e0 bout, \u00ab TOUS ENSEMBLE \u00bb de \u00ab l\u2019Ultra-lib\u00e9ralisme fou \u00bb et fonder un nouveau mod\u00e8le social, plus \u00e9galitaire et solidaire.  Pour l\u2019imm\u00e9diat le d\u00e9fi \u00e0 relever est de franchir le cap difficile de la p\u00e9riode estivale et rebondir en septembre. Le mouvement des Gilets-Jaunes doit \u00eatre l\u2019\u00e9tendard de la lutte et un appel vivant et puissant \u00e0 la convergence de toutes les luttes.    Car, quel est le d\u00e9nominateur commun de toutes les luttes et de toutes les col\u00e8res sociales ? Quel est le point de convergence, l\u2019horizon unificateur des urgentistes, des enseignants, des agriculteurs, des ch\u00f4meurs, des auto-\u00e9coles, des taxis, des retrait\u00e9s, etc.  N\u2019est-ce pas l\u2019arrogante volont\u00e9 de \u00ab l\u2019ultra lib\u00e9ralisme mondialiste \u00bb qui est la politique des plus riches, de d\u00e9r\u00e9glementer les m\u00e9tiers, de r\u00e9duire la part des revenus de la population laborieuse, de r\u00e9duire le peuple laborieux \u00e0 l\u2019\u00e9tat d\u2019assist\u00e9, et cela dans le but unique d\u2019augmenter la part des revenus du capital, de gonfler les dividendes des actionnaires et les \u00ab salaires \u00bb et parachutes dor\u00e9s des grands patrons. ?N\u2019est-ce pas au nom de cet \u00ab id\u00e9al d\u00e9ment \u00bb qu\u2019ils s\u2019acharnent \u00e0 r\u00e9duire ou d\u00e9truire les salaires et les revenus, les prestations sociales, les services publics des transports, de la sant\u00e9 de l\u2019\u00e9ducation, \u00e0 d\u00e9r\u00e9glementer les m\u00e9tiers pour transformer la population laborieuse en un vaste marais de travailleurs pr\u00e9caris\u00e9s ou d\u2019assist\u00e9s, pr\u00e9cipitant les peuples dans les souffrances et la mis\u00e8re et vouant la plan\u00e8te \u00e0 la destruction.    Notre id\u00e9al \u00e0 nous les peuples est tout autre. C\u2019est celui de la satisfaction des vrais besoins des populations et de la pr\u00e9servation de la terre qui est l\u2019Arche commune de l\u2019Humanit\u00e9.   C\u2019est l\u00e0 la v\u00e9ritable URGENCE, Il faut cesser de nous battre chacun dans notre pr\u00e9s-carr\u00e9 et de se faire battre en d\u00e9tail chacun \u00e0 notre tour. Il faut unifier toutes nos luttes et tous nos efforts en un \u00e9lan commun pour changer de R\u00e9publique et de mod\u00e8le social.   Le Pr\u00e9sident de la R\u00e9publique est la cl\u00e9 de vo\u00fbte des institutions de la cinqui\u00e8me R\u00e9publique. Il en est donc aussi le point d\u2019\u00e9quilibre qu\u2019il faut atteindre. C\u2019est pourquoi il doit-\u00eatre pour l\u2019heure la cible privil\u00e9gi\u00e9 de notre \u00e9lan populaire.       Patrick Seignon. \u00ab\u00a0lavoiedessansvoix.fr\u00a0\u00bb. 14 juin 2019, (Publi\u00e9 le16 septembre 2019).<\/p>\n","protected":false},"excerpt":{"rendered":"<p>OU VA \u00ab LES GILETS-JAUNES \u00bb ? Le 17 novembre 2018, ou apr\u00e8s, vous vous \u00eates engag\u00e9s dans le mouvement [&hellip;]<\/p>\n","protected":false},"author":1,"featured_media":4268,"comment_status":"open","ping_status":"open","sticky":false,"template":"","format":"standard","meta":{"sfsi_plus_gutenberg_text_before_share":"","sfsi_plus_gutenberg_show_text_before_share":"","sfsi_plus_gutenberg_icon_type":"","sfsi_plus_gutenberg_icon_alignemt":"","sfsi_plus_gutenburg_max_per_row":"","site-sidebar-layout":"default","site-content-layout":"","ast-site-content-layout":"default","site-content-style":"default","site-sidebar-style":"default","ast-global-header-display":"","ast-banner-title-visibility":"","ast-main-header-display":"","ast-hfb-above-header-display":"","ast-hfb-below-header-display":"","ast-hfb-mobile-header-display":"","site-post-title":"","ast-breadcrumbs-content":"","ast-featured-img":"","footer-sml-layout":"","ast-disable-related-posts":"","theme-transparent-header-meta":"","adv-header-id-meta":"","stick-header-meta":"","header-above-stick-meta":"","header-main-stick-meta":"","header-below-stick-meta":"","astra-migrate-meta-layouts":"default","ast-page-background-enabled":"default","ast-page-background-meta":{"desktop":{"background-color":"var(--ast-global-color-4)","background-image":"","background-repeat":"repeat","background-position":"center center","background-size":"auto","background-attachment":"scroll","background-type":"","background-media":"","overlay-type":"","overlay-color":"","overlay-opacity":"","overlay-gradient":""},"tablet":{"background-color":"","background-image":"","background-repeat":"repeat","background-position":"center center","background-size":"auto","background-attachment":"scroll","background-type":"","background-media":"","overlay-type":"","overlay-color":"","overlay-opacity":"","overlay-gradient":""},"mobile":{"background-color":"","background-image":"","background-repeat":"repeat","background-position":"center center","background-size":"auto","background-attachment":"scroll","background-type":"","background-media":"","overlay-type":"","overlay-color":"","overlay-opacity":"","overlay-gradient":""}},"ast-content-background-meta":{"desktop":{"background-color":"var(--ast-global-color-5)","background-image":"","background-repeat":"repeat","background-position":"center center","background-size":"auto","background-attachment":"scroll","background-type":"","background-media":"","overlay-type":"","overlay-color":"","overlay-opacity":"","overlay-gradient":""},"tablet":{"background-color":"var(--ast-global-color-5)","background-image":"","background-repeat":"repeat","background-position":"center center","background-size":"auto","background-attachment":"scroll","background-type":"","background-media":"","overlay-type":"","overlay-color":"","overlay-opacity":"","overlay-gradient":""},"mobile":{"background-color":"var(--ast-global-color-5)","background-image":"","background-repeat":"repeat","background-position":"center center","background-size":"auto","background-attachment":"scroll","background-type":"","background-media":"","overlay-type":"","overlay-color":"","overlay-opacity":"","overlay-gradient":""}},"footnotes":""},"categories":[16],"tags":[],"class_list":["post-684","post","type-post","status-publish","format-standard","has-post-thumbnail","hentry","category-archives-cms"],"_links":{"self":[{"href":"https:\/\/lavoiedessansvoix.fr\/lavoie\/wp-json\/wp\/v2\/posts\/684","targetHints":{"allow":["GET"]}}],"collection":[{"href":"https:\/\/lavoiedessansvoix.fr\/lavoie\/wp-json\/wp\/v2\/posts"}],"about":[{"href":"https:\/\/lavoiedessansvoix.fr\/lavoie\/wp-json\/wp\/v2\/types\/post"}],"author":[{"embeddable":true,"href":"https:\/\/lavoiedessansvoix.fr\/lavoie\/wp-json\/wp\/v2\/users\/1"}],"replies":[{"embeddable":true,"href":"https:\/\/lavoiedessansvoix.fr\/lavoie\/wp-json\/wp\/v2\/comments?post=684"}],"version-history":[{"count":1,"href":"https:\/\/lavoiedessansvoix.fr\/lavoie\/wp-json\/wp\/v2\/posts\/684\/revisions"}],"predecessor-version":[{"id":3387,"href":"https:\/\/lavoiedessansvoix.fr\/lavoie\/wp-json\/wp\/v2\/posts\/684\/revisions\/3387"}],"wp:featuredmedia":[{"embeddable":true,"href":"https:\/\/lavoiedessansvoix.fr\/lavoie\/wp-json\/wp\/v2\/media\/4268"}],"wp:attachment":[{"href":"https:\/\/lavoiedessansvoix.fr\/lavoie\/wp-json\/wp\/v2\/media?parent=684"}],"wp:term":[{"taxonomy":"category","embeddable":true,"href":"https:\/\/lavoiedessansvoix.fr\/lavoie\/wp-json\/wp\/v2\/categories?post=684"},{"taxonomy":"post_tag","embeddable":true,"href":"https:\/\/lavoiedessansvoix.fr\/lavoie\/wp-json\/wp\/v2\/tags?post=684"}],"curies":[{"name":"wp","href":"https:\/\/api.w.org\/{rel}","templated":true}]}}