{"id":681,"date":"2019-11-14T15:38:00","date_gmt":"2019-11-14T14:38:00","guid":{"rendered":"https:\/\/lavoiedessansvoix.fr\/lavoie\/2019\/11\/14\/archive-de-la-braise-a-l-incendie\/"},"modified":"2026-04-26T21:08:34","modified_gmt":"2026-04-26T19:08:34","slug":"archive-de-la-braise-a-l-incendie","status":"publish","type":"post","link":"https:\/\/lavoiedessansvoix.fr\/lavoie\/2019\/11\/14\/archive-de-la-braise-a-l-incendie\/","title":{"rendered":"DE LA BRAISE A L\u2019INCENDIE"},"content":{"rendered":"<p>DE LA BRAISE A L\u2019INCENDIE   Une \u00c9glise br\u00fble et tout le Landerneau des m\u00e9dias se met en branle, se lamente pleure, gratte \u00e0 toutes les cordes de la sensibilit\u00e9 fran\u00e7aise. L\u2019argent afflue \u00e0 son chevet. Des voleurs capitalistes profitent de l\u2019occasion pour se faire passer pour de g\u00e9n\u00e9reux m\u00e9c\u00e8nes avec l\u2019argent que d\u2019autre ont gagn\u00e9 pour eux au prix de leur sueur et de leur sang.       Bon, je vous l\u2019accorde, qu\u2019elle \u00c9glise ! Notre Dame de Paris, un morceau de l\u2019identit\u00e9 culturelle de la France : \u00ab Psaume sculpt\u00e9 en ronde bosse \u00bb par les dizaines de mains anonymes des parias de Dieu. Celle de Victor Hugo et de Violet le Duc, d\u2019Esm\u00e9ralda et de Quasimodo. Un sanctuaire de l\u2019art et de la foi. Je vous l\u2019avoue, moi-m\u00eame \u00ab satan\u00e9 m\u00e9cr\u00e9ant \u00bb des gouttes de je ne sais quel liquide lacrymal ont perl\u00e9 \u00e0 mes paupi\u00e8res.     La pierre, les arts, la litt\u00e9rature, la culture, mais ce ne sont que des \u00ab\u00a0s\u00e9cr\u00e9tions\u00a0\u00bb de la vie. La vie est dedans et au-dessus. La vie est au-dessus. Et pourtant : Un jeune homme s\u2019immole \u00e0 Lyon et je pleure plus encore. Et j\u2019enrage surtout du silence et de l\u2019indiff\u00e9rence des m\u00eames m\u00e9dias et de tous les donneurs de le\u00e7ons en morale et en humanisme. Du black-out cynique de l\u2019information.      Les \u00ab Bonzes du Vi\u00eat-Nam \u00bb, Jan Palach, Mohammed Bouazizi ; des peuples se lev\u00e8rent au Vi\u00eat-Nam, en Tch\u00e9coslovaquie, en Tunisie, interpell\u00e9s par les sacrifices de ses h\u00e9ros de la col\u00e8re et de la d\u00e9sesp\u00e9rance. Non je ne peux pas croire que la jeunesse fran\u00e7aise reste impassible et le peuple d\u2019ici indiff\u00e9rent au sacrifice d\u2019Anas K. Voil\u00e0 un an, nous allons en f\u00eater l\u2019anniversaire dans deux jours, que le mouvement des Gilets-jaune entretient la braise de la r\u00e9volte. Les mat\u00e9riaux inflammables se sont accumul\u00e9s dans les soubassements de la soci\u00e9t\u00e9. Certes Macron joue les pyromane-pompiers. Il a souffl\u00e9 sur la braise et craignant tout \u00e0 coup l\u2019embrasement g\u00e9n\u00e9ral, il va tenter dans les jours \u00e0 venir de circonscrire son danger en r\u00e9pandant par-ci par-l\u00e0 un peu de poudre de perlimpinpin.       Je veux croire que le feu sera pour l\u2019histoire la signe de cette ann\u00e9e 2019.      Une \u00e9glise br\u00fble et ils se lamentent. Un jeune homme s\u2019immole et ils ricanent sous cape.  Ils ne vont peut-\u00eatre plus ricaner bien longtemps.    Si la jeunesse s\u2019enflamme \u00e0 son tour c\u2019est toute la poudri\u00e8re sociale accumul\u00e9e qui pourrait prendre feu bient\u00f4t et inscrire d\u00e9cembre 2019 en lettre de feu au fronton des grandes luttes sociales et politiques du peuple de France. Patrick Seignon. \u00ab lavoiedessansvoix.fr \u00bb  Vendredi 15 novembre 2019.<\/p>\n","protected":false},"excerpt":{"rendered":"<p>DE LA BRAISE A L\u2019INCENDIE Une \u00c9glise br\u00fble et tout le Landerneau des m\u00e9dias se met en branle, se lamente [&hellip;]<\/p>\n","protected":false},"author":1,"featured_media":4264,"comment_status":"open","ping_status":"open","sticky":false,"template":"","format":"standard","meta":{"sfsi_plus_gutenberg_text_before_share":"","sfsi_plus_gutenberg_show_text_before_share":"","sfsi_plus_gutenberg_icon_type":"","sfsi_plus_gutenberg_icon_alignemt":"","sfsi_plus_gutenburg_max_per_row":"","site-sidebar-layout":"default","site-content-layout":"","ast-site-content-layout":"default","site-content-style":"default","site-sidebar-style":"default","ast-global-header-display":"","ast-banner-title-visibility":"","ast-main-header-display":"","ast-hfb-above-header-display":"","ast-hfb-below-header-display":"","ast-hfb-mobile-header-display":"","site-post-title":"","ast-breadcrumbs-content":"","ast-featured-img":"","footer-sml-layout":"","ast-disable-related-posts":"","theme-transparent-header-meta":"","adv-header-id-meta":"","stick-header-meta":"","header-above-stick-meta":"","header-main-stick-meta":"","header-below-stick-meta":"","astra-migrate-meta-layouts":"default","ast-page-background-enabled":"default","ast-page-background-meta":{"desktop":{"background-color":"var(--ast-global-color-4)","background-image":"","background-repeat":"repeat","background-position":"center center","background-size":"auto","background-attachment":"scroll","background-type":"","background-media":"","overlay-type":"","overlay-color":"","overlay-opacity":"","overlay-gradient":""},"tablet":{"background-color":"","background-image":"","background-repeat":"repeat","background-position":"center center","background-size":"auto","background-attachment":"scroll","background-type":"","background-media":"","overlay-type":"","overlay-color":"","overlay-opacity":"","overlay-gradient":""},"mobile":{"background-color":"","background-image":"","background-repeat":"repeat","background-position":"center center","background-size":"auto","background-attachment":"scroll","background-type":"","background-media":"","overlay-type":"","overlay-color":"","overlay-opacity":"","overlay-gradient":""}},"ast-content-background-meta":{"desktop":{"background-color":"var(--ast-global-color-5)","background-image":"","background-repeat":"repeat","background-position":"center center","background-size":"auto","background-attachment":"scroll","background-type":"","background-media":"","overlay-type":"","overlay-color":"","overlay-opacity":"","overlay-gradient":""},"tablet":{"background-color":"var(--ast-global-color-5)","background-image":"","background-repeat":"repeat","background-position":"center center","background-size":"auto","background-attachment":"scroll","background-type":"","background-media":"","overlay-type":"","overlay-color":"","overlay-opacity":"","overlay-gradient":""},"mobile":{"background-color":"var(--ast-global-color-5)","background-image":"","background-repeat":"repeat","background-position":"center center","background-size":"auto","background-attachment":"scroll","background-type":"","background-media":"","overlay-type":"","overlay-color":"","overlay-opacity":"","overlay-gradient":""}},"footnotes":""},"categories":[16],"tags":[],"class_list":["post-681","post","type-post","status-publish","format-standard","has-post-thumbnail","hentry","category-archives-cms"],"_links":{"self":[{"href":"https:\/\/lavoiedessansvoix.fr\/lavoie\/wp-json\/wp\/v2\/posts\/681","targetHints":{"allow":["GET"]}}],"collection":[{"href":"https:\/\/lavoiedessansvoix.fr\/lavoie\/wp-json\/wp\/v2\/posts"}],"about":[{"href":"https:\/\/lavoiedessansvoix.fr\/lavoie\/wp-json\/wp\/v2\/types\/post"}],"author":[{"embeddable":true,"href":"https:\/\/lavoiedessansvoix.fr\/lavoie\/wp-json\/wp\/v2\/users\/1"}],"replies":[{"embeddable":true,"href":"https:\/\/lavoiedessansvoix.fr\/lavoie\/wp-json\/wp\/v2\/comments?post=681"}],"version-history":[{"count":1,"href":"https:\/\/lavoiedessansvoix.fr\/lavoie\/wp-json\/wp\/v2\/posts\/681\/revisions"}],"predecessor-version":[{"id":3381,"href":"https:\/\/lavoiedessansvoix.fr\/lavoie\/wp-json\/wp\/v2\/posts\/681\/revisions\/3381"}],"wp:featuredmedia":[{"embeddable":true,"href":"https:\/\/lavoiedessansvoix.fr\/lavoie\/wp-json\/wp\/v2\/media\/4264"}],"wp:attachment":[{"href":"https:\/\/lavoiedessansvoix.fr\/lavoie\/wp-json\/wp\/v2\/media?parent=681"}],"wp:term":[{"taxonomy":"category","embeddable":true,"href":"https:\/\/lavoiedessansvoix.fr\/lavoie\/wp-json\/wp\/v2\/categories?post=681"},{"taxonomy":"post_tag","embeddable":true,"href":"https:\/\/lavoiedessansvoix.fr\/lavoie\/wp-json\/wp\/v2\/tags?post=681"}],"curies":[{"name":"wp","href":"https:\/\/api.w.org\/{rel}","templated":true}]}}