{"id":678,"date":"2019-11-28T17:22:00","date_gmt":"2019-11-28T16:22:00","guid":{"rendered":"https:\/\/lavoiedessansvoix.fr\/lavoie\/2019\/11\/28\/archive-5-decembre-tous-ensemble-enjeux-et-strategie\/"},"modified":"2026-04-26T21:08:04","modified_gmt":"2026-04-26T19:08:04","slug":"archive-5-decembre-tous-ensemble-enjeux-et-strategie","status":"publish","type":"post","link":"https:\/\/lavoiedessansvoix.fr\/lavoie\/2019\/11\/28\/archive-5-decembre-tous-ensemble-enjeux-et-strategie\/","title":{"rendered":"5 DECEMBRE, TOUS ENSEMBLE !  (Enjeux et strat\u00e9gie)"},"content":{"rendered":"<p>5 D\u00c9CEMBRE, TOUS ENSEMBLE !    (Enjeux et strat\u00e9gie)      Le feu social allum\u00e9 le 17 novembre 2018 sur les ronds-points, a \u00e9t\u00e9 attaqu\u00e9 au \u00ab flash-ball \u00bb, \u00e0 la grenade de d\u00e9sencerclement, au canon \u00e0 eau. Les flammes vives se sont apais\u00e9es mais la braise incandescente a perdur\u00e9, s\u2019est r\u00e9pandue, a couv\u00e9 sous les cendres apparentes de la r\u00e9signation et de la d\u00e9sesp\u00e9rance.      Macron voulait circonscrire l\u2019incendie en l\u2019encerclant, en l\u2019isolant, en le discr\u00e9ditant. Mais sa strat\u00e9gie a \u00ab fait long feu \u00bb.      Le pari qu\u2019a fait Macron sur l\u2019avenir du contexte social, c\u2019est   l\u2019impossibilit\u00e9 dont il \u00e9tait alors convaincu d\u2019une convergence des luttes. Chaque cat\u00e9gorie professionnelle, chaque secteur social, revendiquant et se battant chacun dans son coin, dans son pr\u00e9s-carr\u00e9, il \u00e9tait certain de venir \u00e0 bout de chacun d\u2019eux, de les entortiller avec des promesses de gascon, une aum\u00f4ne ou un peu de saucisson \u00e0 l\u2019ail. Oui mais les choses ne vont peut-\u00eatre pas se passer ainsi. La mobilisation du 5 d\u00e9cembre s\u2019annonce vaste et puissante, comme un moment symbolique de la convergence des luttes possible. Elle ne viendra pas seule \u00e0 bout de la r\u00e9sistance du gouvernement. Mais en se montrant \u00e0 lui-m\u00eame sa force et sa d\u00e9termination, par cette mobilisation le peuple pourrait bien reprendre courage et foi dans ses capacit\u00e9s propres. La journ\u00e9e du 5 d\u00e9cembre en soi   ne donnera pas la victoire, mais elle pourrait allumer le grand incendie social n\u00e9cessaire \u00e0 l\u2019obtention de celle-ci.      Alors Macron et Philippe doutent. Ils redoutent \u00e0 pr\u00e9sent le grand embrasement. Ils man\u0153uvrent et complotent. Ils ont bien entendu encore des cartes \u00e0 jouer. Toujours de la m\u00eame sorte, celles de l\u2019\u00e9parpillement et de la division : le r\u00e9gime g\u00e9n\u00e9ral contre les r\u00e9gimes particuliers, de pr\u00e9tendues concessions pour chaque r\u00e9gime particulier, etc. Et ils ont aussi bien s\u00fbr des alli\u00e9s dans chaque secteur, des \u00ab Esa\u00fc \u00bb, pr\u00eats \u00e0 n\u00e9gocier les int\u00e9r\u00eats de leurs coll\u00e8gues et des g\u00e9n\u00e9rations futures pour un plat de lentilles. Des \u00ab judas \u00bb \u00e0 l\u2019aff\u00fbt qui n\u2019attendent que le moment opportun de se faire graisser la patte pour trahir la mobilisation populaire qui enfle.      Le pouvoir des grands capitalistes de taille internationale, des banques et des supers riches dont Macron est le r\u00e9gisseur appoint\u00e9, qui tient les r\u00eanes de l\u2019\u00c9tat a d\u00e9cid\u00e9 de faire table rase du syst\u00e8me social fran\u00e7ais et main basse sur le pactole des caisses de retraites et de la s\u00e9curit\u00e9 sociale. Toute   prime\/aum\u00f4ne, toute modification du calendrier, toute pr\u00e9tendue concession faite \u00e0 telle ou telle cat\u00e9gorie, ne serait que des pi\u00e8ges pour briser le front commun. Et ceux qui s\u2019y pr\u00eateraient ou y donneraient foi dans le camp des salari\u00e9s ou autre cat\u00e9gories sociale ne seraient que des \u00ab pendards \u00bb et des tra\u00eetres \u00e0 la cause commune. Car chacun le comprend bien, de la part du gouvernement \u00e7a ne serait que reculer pour mieux sauter, et ceux qui auraient abandonn\u00e9 aujourd\u2019hui la cause commune pour un plat de lentille, ne pourraient plus demain, dans leur isolement, compter sur la solidarit\u00e9 des autres secteurs.      Le peuple de France s\u2019est sentie flou\u00e9 et trahit par presque quarante ann\u00e9es d\u2019alternance et de trahisons diverses, politiques et syndicales. Le \u00ab d\u00e9gagisme \u00bb qui s\u2019est manifest\u00e9 en 2017 et a permis \u00e0 Macron de s\u2019imposer, a \u00e9t\u00e9 une manifestation, n\u00e9gative \u00bb du rejet populaire du \u00ab syst\u00e8me \u00bb. La mobilisation des \u00ab Gilets-Jaunes \u00bb sur les ronds-points le   17 novembre 2018 en a \u00e9t\u00e9 une autre manifestation, mais plus positive car elle marquait le d\u00e9but de la remobilisation et donc la renaissance de l\u2019esp\u00e9rance en un monde diff\u00e9rent.      Le moment est venu de mettre \u00e0 genoux ce gouvernement ennemi du peuple laborieux et des plus faibles. C\u2019est la derni\u00e8re chance qui nous est donn\u00e9 avant l\u2019av\u00e8nement qui serait alors in\u00e9vitable de la premi\u00e8re femme Pr\u00e9sidente de la France. L\u2019\u00e9chec de la mobilisation actuelle serait interpr\u00e9t\u00e9 de mani\u00e8re extr\u00eamement n\u00e9gative par l\u2019opinion populaire, et ouvrirait toutes grandes les portes d\u2019une victoire \u00e9lectorale du R.N. Plus rien, plus aucun cri d\u2019orfraie, plus aucun appel au loup, ne serait en mesure d\u2019arr\u00eater la d\u00e9ferlante. Que ceux qui sont tent\u00e9 de composer avec le gouvernement actuel, de trahir les int\u00e9r\u00eats du peuple et de leur classe se le tiennent pour dit. Ils seraient devant l\u2019Histoire coresponsables de cette issue qu\u2019ils pr\u00e9tendent pourtant redouter. Le peuple veut un changement radical de politique. En finir avec l\u2019ultra lib\u00e9ralisme, inventer une nouvelle R\u00e9publique populaire, d\u00e9mocratique et solidaire. Vous avez le choix, dirigeants politiques et syndicaux, d&rsquo;\u00eatre partie prenante et acteurs de cette page glorieuse de l\u2019Histoire qui   s\u2019annonce, ou, choisir la honte d\u2019\u00eatre de ceux qui auront contribu\u00e9 \u00e0 passer la main \u00e0 Marine Le Pen.      Mettre \u00e0 genoux le gouvernement Macron Philippe, en finir avec le politique ultra lib\u00e9rale et les d\u00e9g\u00e2ts sociaux et \u00e9cologiques qu\u2019elle engendre, stopper ainsi le train fou des contre r\u00e9formes antisociales, voil\u00e0 le but que doit s\u2019assigner le \u00ab mouvement du 5 d\u00e9cembre \u00bb, voil\u00e0 la perspective qu\u2019il doit se fixer et se donner les moyens de r\u00e9aliser en poursuivant les gr\u00e8ves et les manifestations jusqu\u2019\u00e0 la victoire.      Patrick Seignon. \u00ab lavoiedessansvoix.fr \u00bb. Jeudi 28 novembre 2019.<\/p>\n","protected":false},"excerpt":{"rendered":"<p>5 D\u00c9CEMBRE, TOUS ENSEMBLE ! (Enjeux et strat\u00e9gie) Le feu social allum\u00e9 le 17 novembre 2018 sur les ronds-points, a [&hellip;]<\/p>\n","protected":false},"author":1,"featured_media":4261,"comment_status":"open","ping_status":"open","sticky":false,"template":"","format":"standard","meta":{"sfsi_plus_gutenberg_text_before_share":"","sfsi_plus_gutenberg_show_text_before_share":"","sfsi_plus_gutenberg_icon_type":"","sfsi_plus_gutenberg_icon_alignemt":"","sfsi_plus_gutenburg_max_per_row":"","site-sidebar-layout":"default","site-content-layout":"","ast-site-content-layout":"default","site-content-style":"default","site-sidebar-style":"default","ast-global-header-display":"","ast-banner-title-visibility":"","ast-main-header-display":"","ast-hfb-above-header-display":"","ast-hfb-below-header-display":"","ast-hfb-mobile-header-display":"","site-post-title":"","ast-breadcrumbs-content":"","ast-featured-img":"","footer-sml-layout":"","ast-disable-related-posts":"","theme-transparent-header-meta":"","adv-header-id-meta":"","stick-header-meta":"","header-above-stick-meta":"","header-main-stick-meta":"","header-below-stick-meta":"","astra-migrate-meta-layouts":"default","ast-page-background-enabled":"default","ast-page-background-meta":{"desktop":{"background-color":"var(--ast-global-color-4)","background-image":"","background-repeat":"repeat","background-position":"center center","background-size":"auto","background-attachment":"scroll","background-type":"","background-media":"","overlay-type":"","overlay-color":"","overlay-opacity":"","overlay-gradient":""},"tablet":{"background-color":"","background-image":"","background-repeat":"repeat","background-position":"center center","background-size":"auto","background-attachment":"scroll","background-type":"","background-media":"","overlay-type":"","overlay-color":"","overlay-opacity":"","overlay-gradient":""},"mobile":{"background-color":"","background-image":"","background-repeat":"repeat","background-position":"center center","background-size":"auto","background-attachment":"scroll","background-type":"","background-media":"","overlay-type":"","overlay-color":"","overlay-opacity":"","overlay-gradient":""}},"ast-content-background-meta":{"desktop":{"background-color":"var(--ast-global-color-5)","background-image":"","background-repeat":"repeat","background-position":"center center","background-size":"auto","background-attachment":"scroll","background-type":"","background-media":"","overlay-type":"","overlay-color":"","overlay-opacity":"","overlay-gradient":""},"tablet":{"background-color":"var(--ast-global-color-5)","background-image":"","background-repeat":"repeat","background-position":"center center","background-size":"auto","background-attachment":"scroll","background-type":"","background-media":"","overlay-type":"","overlay-color":"","overlay-opacity":"","overlay-gradient":""},"mobile":{"background-color":"var(--ast-global-color-5)","background-image":"","background-repeat":"repeat","background-position":"center center","background-size":"auto","background-attachment":"scroll","background-type":"","background-media":"","overlay-type":"","overlay-color":"","overlay-opacity":"","overlay-gradient":""}},"footnotes":""},"categories":[16],"tags":[],"class_list":["post-678","post","type-post","status-publish","format-standard","has-post-thumbnail","hentry","category-archives-cms"],"_links":{"self":[{"href":"https:\/\/lavoiedessansvoix.fr\/lavoie\/wp-json\/wp\/v2\/posts\/678","targetHints":{"allow":["GET"]}}],"collection":[{"href":"https:\/\/lavoiedessansvoix.fr\/lavoie\/wp-json\/wp\/v2\/posts"}],"about":[{"href":"https:\/\/lavoiedessansvoix.fr\/lavoie\/wp-json\/wp\/v2\/types\/post"}],"author":[{"embeddable":true,"href":"https:\/\/lavoiedessansvoix.fr\/lavoie\/wp-json\/wp\/v2\/users\/1"}],"replies":[{"embeddable":true,"href":"https:\/\/lavoiedessansvoix.fr\/lavoie\/wp-json\/wp\/v2\/comments?post=678"}],"version-history":[{"count":1,"href":"https:\/\/lavoiedessansvoix.fr\/lavoie\/wp-json\/wp\/v2\/posts\/678\/revisions"}],"predecessor-version":[{"id":3375,"href":"https:\/\/lavoiedessansvoix.fr\/lavoie\/wp-json\/wp\/v2\/posts\/678\/revisions\/3375"}],"wp:featuredmedia":[{"embeddable":true,"href":"https:\/\/lavoiedessansvoix.fr\/lavoie\/wp-json\/wp\/v2\/media\/4261"}],"wp:attachment":[{"href":"https:\/\/lavoiedessansvoix.fr\/lavoie\/wp-json\/wp\/v2\/media?parent=678"}],"wp:term":[{"taxonomy":"category","embeddable":true,"href":"https:\/\/lavoiedessansvoix.fr\/lavoie\/wp-json\/wp\/v2\/categories?post=678"},{"taxonomy":"post_tag","embeddable":true,"href":"https:\/\/lavoiedessansvoix.fr\/lavoie\/wp-json\/wp\/v2\/tags?post=678"}],"curies":[{"name":"wp","href":"https:\/\/api.w.org\/{rel}","templated":true}]}}