{"id":676,"date":"2019-12-02T04:18:00","date_gmt":"2019-12-02T03:18:00","guid":{"rendered":"https:\/\/lavoiedessansvoix.fr\/lavoie\/2019\/12\/02\/archive-revoltez-vous-adresse-a-la-jeunesse-d-en-france\/"},"modified":"2026-04-26T21:07:44","modified_gmt":"2026-04-26T19:07:44","slug":"archive-revoltez-vous-adresse-a-la-jeunesse-d-en-france","status":"publish","type":"post","link":"https:\/\/lavoiedessansvoix.fr\/lavoie\/2019\/12\/02\/archive-revoltez-vous-adresse-a-la-jeunesse-d-en-france\/","title":{"rendered":".REVOLTEZ-VOUS !  ADRESSE A LA JEUNESSE D\u2019EN FRANCE"},"content":{"rendered":"<p>REVOLTEZ-VOUS !     ADRESSE A LA JEUNESSE D\u2019EN FRANCE     Certes, quand on est jeune, la retraite \u00e7a parait fort loin, et beaucoup d\u2019entre vous se sentent d\u2019autant moins concern\u00e9s qu\u2019au train o\u00f9 vont les choses, ils se disent que \u00ab foin de retraite par r\u00e9partition ou \u00e0 point, de retraite ils n\u2019auront point \u00bb.     Cela est faux. Vous n\u2019aurez certes gu\u00e8re ou pas de retraite si vous vous r\u00e9signez. Mais ce n\u2019est absolument pas une fatalit\u00e9. Vous pouvez aussi vous mobiliser et vous d\u00e9fendre. R\u00e9voltez-vous, faites leur rendre gorge.     De m\u00eame que les acquis sociaux existants, que le pouvoir et le patronat veulent reprendre, sont les conqu\u00eates, souvent ch\u00e8rement pay\u00e9es, des luttes populaires pass\u00e9es, vous pouvez, en vous mobilisant au pr\u00e9sent, pr\u00e9server ces acquis et m\u00eame les am\u00e9liorer. L\u2019argent ne manque pas, contrairement \u00e0 ce que disent les menteurs patent\u00e9s des m\u00e9dias et du gouvernement. Il abonde m\u00eame. Mais les supers riches qui n\u2019en ont jamais assez veulent tout accaparer. (Ce n\u2019est qu\u2019un exemple, selon le classement Bloomberg Billionaire, en moins d\u2019une ann\u00e9e la fortune de Bernard Arnaud a augment\u00e9 de 31,8 milliards de dollars*). Vous ne devez pas accepter d\u2019\u00eatre r\u00e9duits \u00e0 l\u2019\u00e9tat de pauvret\u00e9, \u00e0 la pr\u00e9carit\u00e9 permanente de l\u2019emploi, \u00e0 des conditions de ch\u00f4mage humiliantes ou \u00e0 l\u2019indignit\u00e9 de l\u2019assistanat, ni \u00e0 l\u2019indigence \u00e0 la fin de votre vie professionnelle. Les supers riches doivent l\u00e2cher la part du magot qu\u2019ils vous volent au quotidien. Ils doivent vous rendre votre d\u00fb.     Macron, \u00ab le mal \u00e9lu \u00bb, veut imposer aux fran\u00e7ais un nouveau syst\u00e8me de retraite, dite \u00e0 points, qui remplacerait le syst\u00e8me actuel par \u00ab r\u00e9partition \u00bb bas\u00e9 sur la solidarit\u00e9 interg\u00e9n\u00e9rationnelle. Pourquoi ? Par-del\u00e0 les raisons mensong\u00e8res, d\u2019\u00e9galit\u00e9 et d\u2019\u00e9quit\u00e9, de la propagande officielle, quels sont ses buts r\u00e9els ?  1 &#8211; Faire des \u00e9conomies budg\u00e9taires et en faire faire aux patrons, sur le dos de tous les retrait\u00e9s dont les pensions diminueraient de 10, 15, voire 25 % selon certains experts.  2 &#8211; Faire \u00e9voluer les retraites vers les syst\u00e8mes par capitalisation, les pensions vers\u00e9es \u00e9tant insuffisantes, ceux qui le peuvent tenteront d\u2019am\u00e9liorer leur revenus post travail par de l\u2019\u00e9pargne sp\u00e9cifique.3 &#8211; De la sorte permettre en v\u00e9rit\u00e9 aux banques et au capital financier de s\u2019emparer du \u00ab pactole \u00bb des retraites (\u00ab\u00a0Le magot de 165 milliards d&rsquo;euros qui aiguise les app\u00e9tits\u00a0\u00bb titrait le journal patronal \u00ab Les \u00e9chos \u00bb le 18 juin 2018) pour faire de la sp\u00e9culation et r\u00e9aliser des dividendes avec l\u2019\u00e9pargne des salari\u00e9s.  Mais comme \u00e0 l\u2019approche de la journ\u00e9e de gr\u00e8ves et de manifestation du 5 d\u00e9cembre, les comp\u00e8res du gouvernement ont peur de l\u2019ampleur de la mobilisation et qu\u2019elle ne d\u00e9bouche sur une v\u00e9ritable convergence des m\u00e9contentements et des luttes, ils tentent encore de scinder le front commun par des moyens ignominieux :  1 &#8211; En opposant \u00ab R\u00e9gimes particulier \u00bb et \u00ab r\u00e9gime g\u00e9n\u00e9ral (de la SS). Or songez un peu retrait\u00e9s et salari\u00e9s du r\u00e9gime g\u00e9n\u00e9ral, songez un peu jeunes gens, si le gouvernement \u00ab pique \u00bb quelques milliards d\u2019euros dans les poches des retrait\u00e9s des r\u00e9gimes particuliers, pensez-vous un seul instant, qu\u2019un seul de ces euros tombera dans votre poche \u00e0 vous ? Que nenni ! Les seuls b\u00e9n\u00e9ficiaires de l\u2019appauvrissement des retrait\u00e9s des r\u00e9gimes particuliers seront bien s\u00fbr encore les \u00ab gav\u00e9s \u00bb d\u2019en haut, les banques, les organismes financiers, les supers riches, les boursicoteurs.  2 &#8211; En d\u00e9calant le calendrier de mise en application de la r\u00e9forme. Ainsi disent-ils, celle-ci qui n\u2019entrerait en application qu\u2019en 2025 ne concernerait pas les retrait\u00e9s actuels ni ceux imm\u00e9diatement \u00e0 venir (ce qui est archi-faux) mais seulement ceux n\u00e9s \u00e0 partir de 1963, voire 75 ?  Ce qui implique que contrairement \u00e0 ce que croient \u00e0 tort beaucoup de jeunes  c\u2019est bien eux en v\u00e9rit\u00e9 qui sont les premiers concern\u00e9s et qui seront le plus durement impact\u00e9s. Mais de plus, songez au caract\u00e8re odieux, carr\u00e9ment ignoble d\u2019une telle man\u0153uvre dont le sens est le suivant : souffler \u00e0 l\u2019oreille des anciens plus sensibles \u00e0 ces questions, \u00ab cela ne vous concerne pas, restez tranquilles dans votre \u00ab petit confort, vous ne serez pas impact\u00e9s, seuls les plus jeunes le seront \u00bb. Les \u00ab salauds \u00bb qui nous gouvernent voudraient que les salari\u00e9s les plus \u00e2g\u00e9s et les retrait\u00e9s pensent ainsi : \u00ab Moi je reste peinard chez moi, que mes enfants et mes petits enfants aillent se faire \u00ab empapaouter \u00bb je n\u2019en ai rien \u00e0 cirer \u00bb.Humiliation suppl\u00e9mentaire. Pour qui donc nous prennent-ils, nous, les anciens et vous les jeunes ? Pour des imb\u00e9ciles, pour des Jean-foutres, pour des pleutres ?  Nous allons ensemble leur montrer qui nous sommes r\u00e9ellement et qu\u2019il ne faut pas froisser notre dignit\u00e9 d\u2019hommes et de femmes libres. Macron va devoir renoncer \u00e0 sa r\u00e9forme de \u00ab retraites \u00e0 points \u00bb ou bien nous le chasseront \u00ab tous ensemble \u00bb.  Patrick Seignon \u00ab lavoiedessansvoix.fr \u00bb. Dimanche 1er d\u00e9cembre 2019.<\/p>\n","protected":false},"excerpt":{"rendered":"<p>REVOLTEZ-VOUS ! ADRESSE A LA JEUNESSE D\u2019EN FRANCE Certes, quand on est jeune, la retraite \u00e7a parait fort loin, et [&hellip;]<\/p>\n","protected":false},"author":1,"featured_media":4259,"comment_status":"open","ping_status":"open","sticky":false,"template":"","format":"standard","meta":{"sfsi_plus_gutenberg_text_before_share":"","sfsi_plus_gutenberg_show_text_before_share":"","sfsi_plus_gutenberg_icon_type":"","sfsi_plus_gutenberg_icon_alignemt":"","sfsi_plus_gutenburg_max_per_row":"","site-sidebar-layout":"default","site-content-layout":"","ast-site-content-layout":"default","site-content-style":"default","site-sidebar-style":"default","ast-global-header-display":"","ast-banner-title-visibility":"","ast-main-header-display":"","ast-hfb-above-header-display":"","ast-hfb-below-header-display":"","ast-hfb-mobile-header-display":"","site-post-title":"","ast-breadcrumbs-content":"","ast-featured-img":"","footer-sml-layout":"","ast-disable-related-posts":"","theme-transparent-header-meta":"","adv-header-id-meta":"","stick-header-meta":"","header-above-stick-meta":"","header-main-stick-meta":"","header-below-stick-meta":"","astra-migrate-meta-layouts":"default","ast-page-background-enabled":"default","ast-page-background-meta":{"desktop":{"background-color":"var(--ast-global-color-4)","background-image":"","background-repeat":"repeat","background-position":"center center","background-size":"auto","background-attachment":"scroll","background-type":"","background-media":"","overlay-type":"","overlay-color":"","overlay-opacity":"","overlay-gradient":""},"tablet":{"background-color":"","background-image":"","background-repeat":"repeat","background-position":"center center","background-size":"auto","background-attachment":"scroll","background-type":"","background-media":"","overlay-type":"","overlay-color":"","overlay-opacity":"","overlay-gradient":""},"mobile":{"background-color":"","background-image":"","background-repeat":"repeat","background-position":"center center","background-size":"auto","background-attachment":"scroll","background-type":"","background-media":"","overlay-type":"","overlay-color":"","overlay-opacity":"","overlay-gradient":""}},"ast-content-background-meta":{"desktop":{"background-color":"var(--ast-global-color-5)","background-image":"","background-repeat":"repeat","background-position":"center center","background-size":"auto","background-attachment":"scroll","background-type":"","background-media":"","overlay-type":"","overlay-color":"","overlay-opacity":"","overlay-gradient":""},"tablet":{"background-color":"var(--ast-global-color-5)","background-image":"","background-repeat":"repeat","background-position":"center center","background-size":"auto","background-attachment":"scroll","background-type":"","background-media":"","overlay-type":"","overlay-color":"","overlay-opacity":"","overlay-gradient":""},"mobile":{"background-color":"var(--ast-global-color-5)","background-image":"","background-repeat":"repeat","background-position":"center center","background-size":"auto","background-attachment":"scroll","background-type":"","background-media":"","overlay-type":"","overlay-color":"","overlay-opacity":"","overlay-gradient":""}},"footnotes":""},"categories":[16],"tags":[],"class_list":["post-676","post","type-post","status-publish","format-standard","has-post-thumbnail","hentry","category-archives-cms"],"_links":{"self":[{"href":"https:\/\/lavoiedessansvoix.fr\/lavoie\/wp-json\/wp\/v2\/posts\/676","targetHints":{"allow":["GET"]}}],"collection":[{"href":"https:\/\/lavoiedessansvoix.fr\/lavoie\/wp-json\/wp\/v2\/posts"}],"about":[{"href":"https:\/\/lavoiedessansvoix.fr\/lavoie\/wp-json\/wp\/v2\/types\/post"}],"author":[{"embeddable":true,"href":"https:\/\/lavoiedessansvoix.fr\/lavoie\/wp-json\/wp\/v2\/users\/1"}],"replies":[{"embeddable":true,"href":"https:\/\/lavoiedessansvoix.fr\/lavoie\/wp-json\/wp\/v2\/comments?post=676"}],"version-history":[{"count":1,"href":"https:\/\/lavoiedessansvoix.fr\/lavoie\/wp-json\/wp\/v2\/posts\/676\/revisions"}],"predecessor-version":[{"id":3371,"href":"https:\/\/lavoiedessansvoix.fr\/lavoie\/wp-json\/wp\/v2\/posts\/676\/revisions\/3371"}],"wp:featuredmedia":[{"embeddable":true,"href":"https:\/\/lavoiedessansvoix.fr\/lavoie\/wp-json\/wp\/v2\/media\/4259"}],"wp:attachment":[{"href":"https:\/\/lavoiedessansvoix.fr\/lavoie\/wp-json\/wp\/v2\/media?parent=676"}],"wp:term":[{"taxonomy":"category","embeddable":true,"href":"https:\/\/lavoiedessansvoix.fr\/lavoie\/wp-json\/wp\/v2\/categories?post=676"},{"taxonomy":"post_tag","embeddable":true,"href":"https:\/\/lavoiedessansvoix.fr\/lavoie\/wp-json\/wp\/v2\/tags?post=676"}],"curies":[{"name":"wp","href":"https:\/\/api.w.org\/{rel}","templated":true}]}}