{"id":675,"date":"2019-12-04T09:06:00","date_gmt":"2019-12-04T08:06:00","guid":{"rendered":"https:\/\/lavoiedessansvoix.fr\/lavoie\/2019\/12\/04\/archive-jeudi-5-decembre-2019-on-greve-on-manifeste\/"},"modified":"2026-04-26T21:07:35","modified_gmt":"2026-04-26T19:07:35","slug":"archive-jeudi-5-decembre-2019-on-greve-on-manifeste","status":"publish","type":"post","link":"https:\/\/lavoiedessansvoix.fr\/lavoie\/2019\/12\/04\/archive-jeudi-5-decembre-2019-on-greve-on-manifeste\/","title":{"rendered":"JEUDI 5 D\u00c9CEMBRE 2019  ON \u00ab GR\u00c9VE \u00bb ! ON MANIFESTE !"},"content":{"rendered":"<p>JEUDI 5 D\u00c9CEMBRE 2019    ON \u00ab GR\u00c9VE \u00bb ! ON MANIFESTE !             Ce jeudi 5 d\u00e9cembre s\u2019annonce comme une date marquante de la mobilisation populaire, comme le fut r\u00e9cemment le 17 novembre 2018 des Gilets-Jaunes. Elle s\u2019annonce surtout, et c\u2019est en cela qu\u2019elle est prometteuse d\u2019avenir, comme le premier acte de la convergence des luttes. De nombreuses professions et cat\u00e9gories sociales vont se retrouver \u00ab TOUS ENSEMBLE \u00bb dans les gr\u00e8ves et les manifestations, Syndicats et Gilets-Jaunes au coude \u00e0 coude.      C\u2019est autour de la question de la \u00ab contre-r\u00e9forme \u00bb du syst\u00e8me des retraites voulu par Macron que va se cristalliser dans l\u2019action ce premier manifeste vivant de la convergence des luttes.    Mais chacun le sait bien, tous vont se joindre \u00e0 cette action, professions cat\u00e9gories et secteurs sociaux, chacun avec de nombreuses autres pr\u00e9occupations et revendications : Les effectifs, les conditions de travail, les salaires, la d\u00e9fense des statuts, la d\u00e9fense des services publics, de l\u2019\u00e9cole publique, du syst\u00e8me de sant\u00e9, du droit du travail, des droits et de la dignit\u00e9 insult\u00e9e des ch\u00f4meurs, etc.    Or, n\u2019y a-t-il pas un lien entre toutes ses pr\u00e9occupations et revendications, toutes ces anxi\u00e9t\u00e9s et toutes ces col\u00e8res. Qu\u2019est-ce qui par-del\u00e0 la question des retraites, constitue la motivation commune de tout ce bouillonnement social ?    Oui, il y a un lien \u00e9vident. C\u2019est le capitalisme ultra-lib\u00e9ral qui exige les coupes budg\u00e9taires, qui exige la r\u00e9cession drastique de la part des salaires pensions et autres revenus du peuple, dans le but, \u00e0 l\u2019autre bout de la cha\u00eene de l\u2019activit\u00e9 \u00e9conomique, d\u2019accro\u00eetre la part du \u00ab profit capitaliste \u00bb les dividendes servis aux actionnaires. C\u2019est le capitalisme ultra lib\u00e9ral qui veut s\u2019emparer de toutes les sph\u00e8res de l\u2019activit\u00e9 humaine, afin de r\u00e9aliser des profits, sur la sant\u00e9 et sur l\u2019\u00e9cole mais aussi sur la police, l\u2019arm\u00e9e ou le syst\u00e8me carc\u00e9ral. Tout doit devenir marchandises, m\u00eame le savoir et la conscience.  ?    C\u2019est pour gaver les plus riches qu\u2019ils imposent des conditions de travail inhumaines aux urgentistes, et partout ailleurs, qu\u2019ils d\u00e9localisent les emplois, qu\u2019ils vendent \u00e0 l\u2019\u00e9tranger les bijoux de famille de la nation, qu\u2019ils privatisent les services publics, qu\u2019ils pillent les ressources de la plan\u00e8te, qu\u2019ils humilient les travailleurs priv\u00e9s d\u2019emploi, qu\u2019ils traitent les anciens comme du b\u00e9tail obsol\u00e8te et \u00e0 charge.    C\u2019est une n\u00e9cessit\u00e9, c\u2019est une urgence, c\u2019est un devoir pour le peuple de stopper cette machine infernale qui va nous r\u00e9duire \u00e0 l\u2019indigence.    Cette journ\u00e9e du 5 d\u00e9cembre, 1er manifeste de la convergence des luttes, doit se poursuivre par une lutte plus vaste, plus convergente, plus unie et plus d\u00e9termin\u00e9 encore, pour faire plier ce gouvernement, en finir avec Macron et la politique ultra lib\u00e9rale.    Nous voulons inventer avec vous tous, le peuple, une nouvelle R\u00e9publique vraiment d\u00e9mocratique, populaire et solidaire.  Patrick Seignon. Gilet-Jaune \u00e0 Loches. 3 d\u00e9cembre 2019<\/p>\n","protected":false},"excerpt":{"rendered":"<p>JEUDI 5 D\u00c9CEMBRE 2019 ON \u00ab GR\u00c9VE \u00bb ! ON MANIFESTE ! Ce jeudi 5 d\u00e9cembre s\u2019annonce comme une date [&hellip;]<\/p>\n","protected":false},"author":1,"featured_media":4258,"comment_status":"open","ping_status":"open","sticky":false,"template":"","format":"standard","meta":{"sfsi_plus_gutenberg_text_before_share":"","sfsi_plus_gutenberg_show_text_before_share":"","sfsi_plus_gutenberg_icon_type":"","sfsi_plus_gutenberg_icon_alignemt":"","sfsi_plus_gutenburg_max_per_row":"","site-sidebar-layout":"default","site-content-layout":"","ast-site-content-layout":"default","site-content-style":"default","site-sidebar-style":"default","ast-global-header-display":"","ast-banner-title-visibility":"","ast-main-header-display":"","ast-hfb-above-header-display":"","ast-hfb-below-header-display":"","ast-hfb-mobile-header-display":"","site-post-title":"","ast-breadcrumbs-content":"","ast-featured-img":"","footer-sml-layout":"","ast-disable-related-posts":"","theme-transparent-header-meta":"","adv-header-id-meta":"","stick-header-meta":"","header-above-stick-meta":"","header-main-stick-meta":"","header-below-stick-meta":"","astra-migrate-meta-layouts":"default","ast-page-background-enabled":"default","ast-page-background-meta":{"desktop":{"background-color":"var(--ast-global-color-4)","background-image":"","background-repeat":"repeat","background-position":"center center","background-size":"auto","background-attachment":"scroll","background-type":"","background-media":"","overlay-type":"","overlay-color":"","overlay-opacity":"","overlay-gradient":""},"tablet":{"background-color":"","background-image":"","background-repeat":"repeat","background-position":"center center","background-size":"auto","background-attachment":"scroll","background-type":"","background-media":"","overlay-type":"","overlay-color":"","overlay-opacity":"","overlay-gradient":""},"mobile":{"background-color":"","background-image":"","background-repeat":"repeat","background-position":"center center","background-size":"auto","background-attachment":"scroll","background-type":"","background-media":"","overlay-type":"","overlay-color":"","overlay-opacity":"","overlay-gradient":""}},"ast-content-background-meta":{"desktop":{"background-color":"var(--ast-global-color-5)","background-image":"","background-repeat":"repeat","background-position":"center center","background-size":"auto","background-attachment":"scroll","background-type":"","background-media":"","overlay-type":"","overlay-color":"","overlay-opacity":"","overlay-gradient":""},"tablet":{"background-color":"var(--ast-global-color-5)","background-image":"","background-repeat":"repeat","background-position":"center center","background-size":"auto","background-attachment":"scroll","background-type":"","background-media":"","overlay-type":"","overlay-color":"","overlay-opacity":"","overlay-gradient":""},"mobile":{"background-color":"var(--ast-global-color-5)","background-image":"","background-repeat":"repeat","background-position":"center center","background-size":"auto","background-attachment":"scroll","background-type":"","background-media":"","overlay-type":"","overlay-color":"","overlay-opacity":"","overlay-gradient":""}},"footnotes":""},"categories":[16],"tags":[],"class_list":["post-675","post","type-post","status-publish","format-standard","has-post-thumbnail","hentry","category-archives-cms"],"_links":{"self":[{"href":"https:\/\/lavoiedessansvoix.fr\/lavoie\/wp-json\/wp\/v2\/posts\/675","targetHints":{"allow":["GET"]}}],"collection":[{"href":"https:\/\/lavoiedessansvoix.fr\/lavoie\/wp-json\/wp\/v2\/posts"}],"about":[{"href":"https:\/\/lavoiedessansvoix.fr\/lavoie\/wp-json\/wp\/v2\/types\/post"}],"author":[{"embeddable":true,"href":"https:\/\/lavoiedessansvoix.fr\/lavoie\/wp-json\/wp\/v2\/users\/1"}],"replies":[{"embeddable":true,"href":"https:\/\/lavoiedessansvoix.fr\/lavoie\/wp-json\/wp\/v2\/comments?post=675"}],"version-history":[{"count":1,"href":"https:\/\/lavoiedessansvoix.fr\/lavoie\/wp-json\/wp\/v2\/posts\/675\/revisions"}],"predecessor-version":[{"id":3369,"href":"https:\/\/lavoiedessansvoix.fr\/lavoie\/wp-json\/wp\/v2\/posts\/675\/revisions\/3369"}],"wp:featuredmedia":[{"embeddable":true,"href":"https:\/\/lavoiedessansvoix.fr\/lavoie\/wp-json\/wp\/v2\/media\/4258"}],"wp:attachment":[{"href":"https:\/\/lavoiedessansvoix.fr\/lavoie\/wp-json\/wp\/v2\/media?parent=675"}],"wp:term":[{"taxonomy":"category","embeddable":true,"href":"https:\/\/lavoiedessansvoix.fr\/lavoie\/wp-json\/wp\/v2\/categories?post=675"},{"taxonomy":"post_tag","embeddable":true,"href":"https:\/\/lavoiedessansvoix.fr\/lavoie\/wp-json\/wp\/v2\/tags?post=675"}],"curies":[{"name":"wp","href":"https:\/\/api.w.org\/{rel}","templated":true}]}}