{"id":674,"date":"2019-12-11T15:09:00","date_gmt":"2019-12-11T14:09:00","guid":{"rendered":"https:\/\/lavoiedessansvoix.fr\/lavoie\/2019\/12\/11\/archive-identite-quot-gilet-jaune-quot\/"},"modified":"2026-04-26T21:07:25","modified_gmt":"2026-04-26T19:07:25","slug":"archive-identite-quot-gilet-jaune-quot","status":"publish","type":"post","link":"https:\/\/lavoiedessansvoix.fr\/lavoie\/2019\/12\/11\/archive-identite-quot-gilet-jaune-quot\/","title":{"rendered":"IDENTIT\u00c9 : &quot;GILET-JAUNE&quot;"},"content":{"rendered":"<p>IDENTIT\u00c9 : \u00ab\u00a0GILET-JAUNE\u00a0\u00bb Qu\u2019est-ce que les Gilets-Jaunes ? Des citoyens en col\u00e8res bien s\u00fbr. Au fil des semaines, de nombreuses cat\u00e9gories sociales, professions, secteurs d\u2019activit\u00e9 sont entr\u00e9 dans la protestation. Un grand nombre de \u00ab Gilets-Jaunes \u00bb satisfaits de leur statut de \u00ab citoyens en col\u00e8res \u00bb parmi tant d\u2019autres, et heureux de se fondre dans la multitude, estiment \u00e0 pr\u00e9sent inutile d\u2019arborer le fameux gilet embl\u00e9matique.   C\u2019est un tort. Nous voil\u00e0 rendu au mois de d\u00e9cembre 2019 dans une action de gr\u00e8ves et de manifestations aux c\u00f4t\u00e9s de nombreux salari\u00e9s venus sans ou avec leurs syndicats pour exiger le retrait du projet de r\u00e9forme Macron de retraite \u00e0 point \u00bb.  Et ceux-ci ne voient que des porteurs de Gilets-Jaunes trop peu nombreux et diss\u00e9min\u00e9s. Pas d\u2019un mouvement Gilet-Jaune coh\u00e9rent qui marque par sa pr\u00e9sence et par son empreinte.  Cette discr\u00e9tion des \u00ab G.J. \u00bb dans les manifestations est dommageable.  Non pas tant au mouvement \u00ab Gilet-Jaune \u00bb qui n\u2019a pas  d\u2019int\u00e9r\u00eats propres \u00ab de parti \u00bb \u00e0 d\u00e9fendre, mais au mouvement tout entier qui a besoin de sa singularit\u00e9 pour affermir son unit\u00e9 et affirmer sa d\u00e9termination.   Par son caract\u00e8re, \u00ab a-syndical \u00bb, \u00ab apolitique \u00bb et inter cat\u00e9goriel, le mouvement G.J. constitue en soi un appel au rassemblement de tous un \u00ab amalgame \u00bb puissant pour le maintien de l\u2019unit\u00e9 et la construction de la convergence.   Dans la suite du mouvement social en cours, des h\u00e9sitations, des peurs peuvent surgir, des pi\u00e8ges peuvent-\u00eatre tendus et des trahisons foment\u00e9es, qui mettraient \u00e0 dure \u00e9preuve sa d\u00e9termination \u00e0 gagner. Il faut un \u00ab carr\u00e9 \u00bb de combattants d\u00e9termin\u00e9s, capable par son exemplarit\u00e9 et sa pugnacit\u00e9, de rassurer ceux qui doutes et d\u2019ouvrir la voie de la victoire.  Le mouvement de gr\u00e8ves et de manifestations en cours c\u2019est cristallis\u00e9 sur le refus de la r\u00e9forme du syst\u00e8me de retraites. Celle-ci joue un moment le r\u00f4le de \u00ab revendication unificatrice \u00bb. Mais chacun le sait bien, en v\u00e9rit\u00e9, toutes les cat\u00e9gories sociales, chaque m\u00e9tier est entr\u00e9 dans le mouvement chacun avec ses revendications particuli\u00e8res. Cela peut-\u00eatre un danger mortel pour la coh\u00e9sion du mouvement tous ensemble si telle ou telle cat\u00e9gorie, n\u00e9gociant ses propres revendications, se laisse tenter par \u00ab une paix sociale s\u00e9par\u00e9e \u00bb au pr\u00e9texte de concession (en monnaie de singe) que leur ferait le gouvernement.  Mais pas d\u2019alarme. Cela peut tout aussi bien \u00eatre une chance inou\u00efe, si isolant le d\u00e9nominateur commun de toutes ces dol\u00e9ances revendications, angoisses et col\u00e8res, nous en faisons le ciment unificateur de l\u2019action.  Or quel est-il se d\u00e9nominateur commun ?  C\u2019est la volont\u00e9 arrogante du capitalisme ultra-lib\u00e9ral d\u2019imposer des coupes budg\u00e9taires drastiques dans tous les budgets sociaux, la r\u00e9cession des salaires et des pensions, la liquidation des services publics, dans le but unique, \u00e0 l\u2019autre bout de la chaine \u00e9conomique, de faire gonfler les taux de profits et les dividendes des actionnaires.  Et cela nous fait une n\u00e9cessit\u00e9, non de limiter nos revendications \u00e0 une posture strictement d\u00e9fensive de nos acquis et de nos retraites, mais \u00e0 passer \u00e0 la contre-offensive pour en finir avec le syst\u00e8me capitaliste ultra-lib\u00e9ral.   Or, ce message est sp\u00e9cifiquement celui dont est investi le mouvement des \u00ab Gilets-Jaunes \u00bb. Si l\u2019on ne veut pas que le mouvement social s\u2019enferre dans une posture d\u00e9fensive qui \u00e9quivaudrait d\u00e9j\u00e0 \u00e0 une demi-capitulation, il faut l\u2019engager sur la voie de la contestation sociale globale. C\u2019est notre responsabilit\u00e9 Historique dont nous ne pourrons venir \u00e0 bout en nous effa\u00e7ant. Plus que jamais le mouvement des \u00ab Gilets-Jaunes \u00bb doit se recomposer, se signaler, se redynamiser, se singulariser, serrer les rangs, appeler et convaincre   Je vous en prie amis, rev\u00eatez votre Gilet-jaune, Serrez-vous en carr\u00e9s dans les manifestations, avec vos propres pancartes banderoles et slogans. Munissez-vous de sonorisations, organisez vos propres prises de parole en fin de manifestation. Faites entendre vos voix vos id\u00e9es, votre d\u00e9termination \u00e0 d\u00e9crocher la victoire du peuple.  Patrick Seignon. \u00ab lavoiedessansvoix.fr \u00bb. Mercredi 11 d\u00e9cembre 2019.<\/p>\n","protected":false},"excerpt":{"rendered":"<p>IDENTIT\u00c9 : \u00ab\u00a0GILET-JAUNE\u00a0\u00bb Qu\u2019est-ce que les Gilets-Jaunes ? Des citoyens en col\u00e8res bien s\u00fbr. Au fil des semaines, de nombreuses [&hellip;]<\/p>\n","protected":false},"author":1,"featured_media":4257,"comment_status":"open","ping_status":"open","sticky":false,"template":"","format":"standard","meta":{"sfsi_plus_gutenberg_text_before_share":"","sfsi_plus_gutenberg_show_text_before_share":"","sfsi_plus_gutenberg_icon_type":"","sfsi_plus_gutenberg_icon_alignemt":"","sfsi_plus_gutenburg_max_per_row":"","site-sidebar-layout":"default","site-content-layout":"","ast-site-content-layout":"default","site-content-style":"default","site-sidebar-style":"default","ast-global-header-display":"","ast-banner-title-visibility":"","ast-main-header-display":"","ast-hfb-above-header-display":"","ast-hfb-below-header-display":"","ast-hfb-mobile-header-display":"","site-post-title":"","ast-breadcrumbs-content":"","ast-featured-img":"","footer-sml-layout":"","ast-disable-related-posts":"","theme-transparent-header-meta":"","adv-header-id-meta":"","stick-header-meta":"","header-above-stick-meta":"","header-main-stick-meta":"","header-below-stick-meta":"","astra-migrate-meta-layouts":"default","ast-page-background-enabled":"default","ast-page-background-meta":{"desktop":{"background-color":"var(--ast-global-color-4)","background-image":"","background-repeat":"repeat","background-position":"center center","background-size":"auto","background-attachment":"scroll","background-type":"","background-media":"","overlay-type":"","overlay-color":"","overlay-opacity":"","overlay-gradient":""},"tablet":{"background-color":"","background-image":"","background-repeat":"repeat","background-position":"center center","background-size":"auto","background-attachment":"scroll","background-type":"","background-media":"","overlay-type":"","overlay-color":"","overlay-opacity":"","overlay-gradient":""},"mobile":{"background-color":"","background-image":"","background-repeat":"repeat","background-position":"center center","background-size":"auto","background-attachment":"scroll","background-type":"","background-media":"","overlay-type":"","overlay-color":"","overlay-opacity":"","overlay-gradient":""}},"ast-content-background-meta":{"desktop":{"background-color":"var(--ast-global-color-5)","background-image":"","background-repeat":"repeat","background-position":"center center","background-size":"auto","background-attachment":"scroll","background-type":"","background-media":"","overlay-type":"","overlay-color":"","overlay-opacity":"","overlay-gradient":""},"tablet":{"background-color":"var(--ast-global-color-5)","background-image":"","background-repeat":"repeat","background-position":"center center","background-size":"auto","background-attachment":"scroll","background-type":"","background-media":"","overlay-type":"","overlay-color":"","overlay-opacity":"","overlay-gradient":""},"mobile":{"background-color":"var(--ast-global-color-5)","background-image":"","background-repeat":"repeat","background-position":"center center","background-size":"auto","background-attachment":"scroll","background-type":"","background-media":"","overlay-type":"","overlay-color":"","overlay-opacity":"","overlay-gradient":""}},"footnotes":""},"categories":[16],"tags":[],"class_list":["post-674","post","type-post","status-publish","format-standard","has-post-thumbnail","hentry","category-archives-cms"],"_links":{"self":[{"href":"https:\/\/lavoiedessansvoix.fr\/lavoie\/wp-json\/wp\/v2\/posts\/674","targetHints":{"allow":["GET"]}}],"collection":[{"href":"https:\/\/lavoiedessansvoix.fr\/lavoie\/wp-json\/wp\/v2\/posts"}],"about":[{"href":"https:\/\/lavoiedessansvoix.fr\/lavoie\/wp-json\/wp\/v2\/types\/post"}],"author":[{"embeddable":true,"href":"https:\/\/lavoiedessansvoix.fr\/lavoie\/wp-json\/wp\/v2\/users\/1"}],"replies":[{"embeddable":true,"href":"https:\/\/lavoiedessansvoix.fr\/lavoie\/wp-json\/wp\/v2\/comments?post=674"}],"version-history":[{"count":1,"href":"https:\/\/lavoiedessansvoix.fr\/lavoie\/wp-json\/wp\/v2\/posts\/674\/revisions"}],"predecessor-version":[{"id":3367,"href":"https:\/\/lavoiedessansvoix.fr\/lavoie\/wp-json\/wp\/v2\/posts\/674\/revisions\/3367"}],"wp:featuredmedia":[{"embeddable":true,"href":"https:\/\/lavoiedessansvoix.fr\/lavoie\/wp-json\/wp\/v2\/media\/4257"}],"wp:attachment":[{"href":"https:\/\/lavoiedessansvoix.fr\/lavoie\/wp-json\/wp\/v2\/media?parent=674"}],"wp:term":[{"taxonomy":"category","embeddable":true,"href":"https:\/\/lavoiedessansvoix.fr\/lavoie\/wp-json\/wp\/v2\/categories?post=674"},{"taxonomy":"post_tag","embeddable":true,"href":"https:\/\/lavoiedessansvoix.fr\/lavoie\/wp-json\/wp\/v2\/tags?post=674"}],"curies":[{"name":"wp","href":"https:\/\/api.w.org\/{rel}","templated":true}]}}