{"id":673,"date":"2019-12-20T04:45:00","date_gmt":"2019-12-20T03:45:00","guid":{"rendered":"https:\/\/lavoiedessansvoix.fr\/lavoie\/2019\/12\/20\/archive-la-c-f-d-t-syndicat-reformiste\/"},"modified":"2026-04-26T21:07:16","modified_gmt":"2026-04-26T19:07:16","slug":"archive-la-c-f-d-t-syndicat-reformiste","status":"publish","type":"post","link":"https:\/\/lavoiedessansvoix.fr\/lavoie\/2019\/12\/20\/archive-la-c-f-d-t-syndicat-reformiste\/","title":{"rendered":"LA C.F.D.T, SYNDICAT R\u00c9FORMISTE ?"},"content":{"rendered":"<p>LA C.F.D.T, SYNDICAT R\u00c9FORMISTE ?Je ne sais plus quel est l\u2019auteur de cette saillie, un misanthrope sans nul doute, qui a dit du langage humain qu\u2019il \u00e9tait fait pour dissimuler la pens\u00e9e. Envoy\u00e9 comme cela, c\u2019est sans nul doute un peu excessif. Il n\u2019en reste pas moins vrai que par les temps qui courent, c\u2019est devenu un sport mental infiniment pratiqu\u00e9 que de travestir le sens des mots.  Les \u00ab femmes de m\u00e9nage \u00bb ont gagn\u00e9 en consid\u00e9ration (?) pas en salaire ni reconnaissance sociale, en devenant \u00ab techniciennes de surface \u00bb Le nom \u00ab socialiste \u00bb qui \u00e9tait celui d\u2019un id\u00e9al humain \u00e0 la couleur de l\u2019esp\u00e9rance est devenu le patronyme exclusif d\u2019un parti imp\u00e9rialiste qui tient le peuple \u00e0 l\u2019\u00e9crou du syst\u00e8me capitaliste ultra-lib\u00e9ral. Et la pire \u00ab r\u00e9action \u00bb macronienne \u00bbque notre peuple ait eu \u00e0 subir depuis le 19\u00e8me si\u00e8cle se pare de la qualit\u00e9 de \u00ab parti progressiste \u00bb. C\u2019est sous l\u2019identit\u00e9 galvaud\u00e9e de \u00ab syndicat R\u00e9formiste \u00bb qu\u2019avance \u00e0 peine masqu\u00e9e la cohorte C.F.D.T. de la trahison sociale  La \u00ab C.F.D.T. \u00bb se proclame r\u00e9formiste \u00bb pour se diff\u00e9rencier des syndicats de \u00ab lutte \u00bb. Ceux-l\u00e0 seraient \u00ab jusquauboutistes \u00bb et elle serait partisane de \u00ab la n\u00e9gociation \u00bb. \u00ab Jusquauboutistes \u00bb les premiers car ils refusent de brader les acquis sociaux h\u00e9ritages du sang et des larmes de 150 ans de luttes sociales. \u00ab R\u00e9formistes \u00bb les autres parce qu\u2019ils acceptent de n\u00e9gocier l\u2019in-n\u00e9gociable, de liquider l\u2019h\u00e9ritage et de c\u00e9der pour des illusions des biens qui ne leur appartiennent pas en propre, car ils constituent le patrimoine commun de tous les salari\u00e9s.  Mais r\u00e9formiste ne veut pas dire cela. Le \u00ab R\u00e9formisme \u00bb est le vocable qui d\u00e9signe un courant de la pens\u00e9e socialiste qui se faisait fort de conduire l\u2019humanit\u00e9 \u00e0 la r\u00e9alisation de l\u2019id\u00e9al socialiste par le chemin de la r\u00e9forme en opposition \u00e0 celui de la R\u00e9volution.  Certes, on a vu depuis ce que cela donne, et plus personne ne croit \u00e0 pr\u00e9sent, pas m\u00eame les \u00ab r\u00e9formistes \u00bb (c\u2019est pourquoi ils se sont convertis \u00ab sociaux-lib\u00e9raux \u00bb) que l\u2019on puisse transformer le capitalisme en socialisme en lui injectant des doses hom\u00e9opathiques de \u00ab r\u00e9formes-chloroforme \u00bb. Il n\u2019en reste pas moins que ces \u00ab grands idiots \u00bb de r\u00e9formistes d\u2019antan pour na\u00effs qu\u2019ils \u00e9taient n\u2019en \u00e9taient pas vraiment m\u00e9chants. Ils voulaient v\u00e9ritablement ce qu\u2019ils disaient et les r\u00e9formes qu\u2019ils revendiquaient ou r\u00e9alisaient, avaient pour objet d\u2019am\u00e9liorer la condition des salari\u00e9s.  Alors, r\u00e9formiste la C.F.D.T. ? Ce \u00e0 quoi elle contribue o\u00f9 les accords qu\u2019elle paraphe n\u2019ont pas pour objet d\u2019am\u00e9liorer la condition salariale, ce sont au contraire des mesures de r\u00e9gression sociales. Ce sont non pas des r\u00e9formes, mais des \u00ab contres r\u00e9formes \u00bb. Mauvaise fille, elle brade (dilapide), de sa seule \u00ab responsabilit\u00e9 \u00bb avec l\u2019aval du patronat et sous la direction des gouvernements, un h\u00e9ritage commun qui ne lui appartient pas en propre.  Non, la C.F.D.T. n\u2019est pas un syndicat r\u00e9formiste, la C.F.D.T.est un syndicat \u00ab dilapidationniste \u00bb.  Patrick Seignon. \u00ab lavoiedessansvoix.fr \u00bb. Vendredi 20 d\u00e9cembre 2019.<\/p>\n","protected":false},"excerpt":{"rendered":"<p>LA C.F.D.T, SYNDICAT R\u00c9FORMISTE ?Je ne sais plus quel est l\u2019auteur de cette saillie, un misanthrope sans nul doute, qui [&hellip;]<\/p>\n","protected":false},"author":1,"featured_media":4256,"comment_status":"open","ping_status":"open","sticky":false,"template":"","format":"standard","meta":{"sfsi_plus_gutenberg_text_before_share":"","sfsi_plus_gutenberg_show_text_before_share":"","sfsi_plus_gutenberg_icon_type":"","sfsi_plus_gutenberg_icon_alignemt":"","sfsi_plus_gutenburg_max_per_row":"","site-sidebar-layout":"default","site-content-layout":"","ast-site-content-layout":"default","site-content-style":"default","site-sidebar-style":"default","ast-global-header-display":"","ast-banner-title-visibility":"","ast-main-header-display":"","ast-hfb-above-header-display":"","ast-hfb-below-header-display":"","ast-hfb-mobile-header-display":"","site-post-title":"","ast-breadcrumbs-content":"","ast-featured-img":"","footer-sml-layout":"","ast-disable-related-posts":"","theme-transparent-header-meta":"","adv-header-id-meta":"","stick-header-meta":"","header-above-stick-meta":"","header-main-stick-meta":"","header-below-stick-meta":"","astra-migrate-meta-layouts":"default","ast-page-background-enabled":"default","ast-page-background-meta":{"desktop":{"background-color":"var(--ast-global-color-4)","background-image":"","background-repeat":"repeat","background-position":"center center","background-size":"auto","background-attachment":"scroll","background-type":"","background-media":"","overlay-type":"","overlay-color":"","overlay-opacity":"","overlay-gradient":""},"tablet":{"background-color":"","background-image":"","background-repeat":"repeat","background-position":"center center","background-size":"auto","background-attachment":"scroll","background-type":"","background-media":"","overlay-type":"","overlay-color":"","overlay-opacity":"","overlay-gradient":""},"mobile":{"background-color":"","background-image":"","background-repeat":"repeat","background-position":"center center","background-size":"auto","background-attachment":"scroll","background-type":"","background-media":"","overlay-type":"","overlay-color":"","overlay-opacity":"","overlay-gradient":""}},"ast-content-background-meta":{"desktop":{"background-color":"var(--ast-global-color-5)","background-image":"","background-repeat":"repeat","background-position":"center center","background-size":"auto","background-attachment":"scroll","background-type":"","background-media":"","overlay-type":"","overlay-color":"","overlay-opacity":"","overlay-gradient":""},"tablet":{"background-color":"var(--ast-global-color-5)","background-image":"","background-repeat":"repeat","background-position":"center center","background-size":"auto","background-attachment":"scroll","background-type":"","background-media":"","overlay-type":"","overlay-color":"","overlay-opacity":"","overlay-gradient":""},"mobile":{"background-color":"var(--ast-global-color-5)","background-image":"","background-repeat":"repeat","background-position":"center center","background-size":"auto","background-attachment":"scroll","background-type":"","background-media":"","overlay-type":"","overlay-color":"","overlay-opacity":"","overlay-gradient":""}},"footnotes":""},"categories":[16],"tags":[],"class_list":["post-673","post","type-post","status-publish","format-standard","has-post-thumbnail","hentry","category-archives-cms"],"_links":{"self":[{"href":"https:\/\/lavoiedessansvoix.fr\/lavoie\/wp-json\/wp\/v2\/posts\/673","targetHints":{"allow":["GET"]}}],"collection":[{"href":"https:\/\/lavoiedessansvoix.fr\/lavoie\/wp-json\/wp\/v2\/posts"}],"about":[{"href":"https:\/\/lavoiedessansvoix.fr\/lavoie\/wp-json\/wp\/v2\/types\/post"}],"author":[{"embeddable":true,"href":"https:\/\/lavoiedessansvoix.fr\/lavoie\/wp-json\/wp\/v2\/users\/1"}],"replies":[{"embeddable":true,"href":"https:\/\/lavoiedessansvoix.fr\/lavoie\/wp-json\/wp\/v2\/comments?post=673"}],"version-history":[{"count":1,"href":"https:\/\/lavoiedessansvoix.fr\/lavoie\/wp-json\/wp\/v2\/posts\/673\/revisions"}],"predecessor-version":[{"id":3365,"href":"https:\/\/lavoiedessansvoix.fr\/lavoie\/wp-json\/wp\/v2\/posts\/673\/revisions\/3365"}],"wp:featuredmedia":[{"embeddable":true,"href":"https:\/\/lavoiedessansvoix.fr\/lavoie\/wp-json\/wp\/v2\/media\/4256"}],"wp:attachment":[{"href":"https:\/\/lavoiedessansvoix.fr\/lavoie\/wp-json\/wp\/v2\/media?parent=673"}],"wp:term":[{"taxonomy":"category","embeddable":true,"href":"https:\/\/lavoiedessansvoix.fr\/lavoie\/wp-json\/wp\/v2\/categories?post=673"},{"taxonomy":"post_tag","embeddable":true,"href":"https:\/\/lavoiedessansvoix.fr\/lavoie\/wp-json\/wp\/v2\/tags?post=673"}],"curies":[{"name":"wp","href":"https:\/\/api.w.org\/{rel}","templated":true}]}}