{"id":672,"date":"2019-12-21T11:08:00","date_gmt":"2019-12-21T10:08:00","guid":{"rendered":"https:\/\/lavoiedessansvoix.fr\/lavoie\/2019\/12\/21\/archive-ce-pere-noel-est-une-ordure\/"},"modified":"2026-04-26T21:07:07","modified_gmt":"2026-04-26T19:07:07","slug":"archive-ce-pere-noel-est-une-ordure","status":"publish","type":"post","link":"https:\/\/lavoiedessansvoix.fr\/lavoie\/2019\/12\/21\/archive-ce-pere-noel-est-une-ordure\/","title":{"rendered":"CE P\u00c8RE NO\u00cbL EST UNE ORDURE"},"content":{"rendered":"<p>CE P\u00c8RE NO\u00cbL EST UNE ORDURE*       On dit aux petits enfants \u00ab le P\u00e8re no\u00ebl \u00bb, mais les adultes savent qu\u2019il conviendrait de dire \u00ab les P\u00e8res-no\u00ebl \u00bb. Il y en a plusieurs en effet auxquels on s\u2019adresse en fonction de son \u00e9tat social et de son revenu.    Le premier pour les petits enfants du peuple que l\u2019on appelle aussi Saint-Nicolas.    Le second pour les enfants des d\u00e9munis que l\u2019on nomme, en langage rel\u00e2ch\u00e9, \u00ab l\u2019enfoir\u00e9 \u00bb    Le troisi\u00e8me pour les gosses des tr\u00e8s riches,  famili\u00e8rement surnomm\u00e9 \u00ab Manu \u00bb.  Ce p\u00e8re-no\u00ebl l\u00e0 est une ordure.    Il a promis 165 milliards d\u2019euros de cadeaux dans les petits coffres dor\u00e9s des enfants d\u2019assureurs de banquiers et de fonds de pension am\u00e9ricains. Ils sont contents et ils ont raisons les papas et mamans assureurs et banquiers. Un cadeau royal pour leur prog\u00e9niture \u00e7a ne se refuse pas.    Mais o\u00f9 donc \u00ab Manu \u00bb  va-t-il les prendre ces 165 milliards ? Dans les poches des mamans et papas modestes, dans les petits souliers des enfants pauvres, qui n\u2019auront plus bient\u00f4t, devenus vieux,  que des retraites de mis\u00e8re ou pas de retraite du tout.     Quand les enfants des riches pourront se gaver de caviar, d\u2019h\u00f4tels de luxes, d\u2019iles paradisiaques, de yacht \u00e0 10 millions d\u2019euros. Les enfants du peuple iront travailler jusqu\u2019\u00e0 69 ans, ou plus, et ceux des indigents solliciter les restaurants du c\u0153ur.    R\u00e9agissez Fran\u00e7ais, boutez hors de notre R\u00e9publique cette ordure de P\u00e8re-no\u00ebl l\u00e0.   P.S.  * Ce texte, amend\u00e9 a servit de base \u00e0 la r\u00e9daction d&rsquo;un tract des \u00ab\u00a0gilets-jaunes de Loches\/Sud-Touraine\u00a0\u00bb.<\/p>\n","protected":false},"excerpt":{"rendered":"<p>CE P\u00c8RE NO\u00cbL EST UNE ORDURE* On dit aux petits enfants \u00ab le P\u00e8re no\u00ebl \u00bb, mais les adultes savent [&hellip;]<\/p>\n","protected":false},"author":1,"featured_media":4255,"comment_status":"open","ping_status":"open","sticky":false,"template":"","format":"standard","meta":{"sfsi_plus_gutenberg_text_before_share":"","sfsi_plus_gutenberg_show_text_before_share":"","sfsi_plus_gutenberg_icon_type":"","sfsi_plus_gutenberg_icon_alignemt":"","sfsi_plus_gutenburg_max_per_row":"","site-sidebar-layout":"default","site-content-layout":"","ast-site-content-layout":"default","site-content-style":"default","site-sidebar-style":"default","ast-global-header-display":"","ast-banner-title-visibility":"","ast-main-header-display":"","ast-hfb-above-header-display":"","ast-hfb-below-header-display":"","ast-hfb-mobile-header-display":"","site-post-title":"","ast-breadcrumbs-content":"","ast-featured-img":"","footer-sml-layout":"","ast-disable-related-posts":"","theme-transparent-header-meta":"","adv-header-id-meta":"","stick-header-meta":"","header-above-stick-meta":"","header-main-stick-meta":"","header-below-stick-meta":"","astra-migrate-meta-layouts":"default","ast-page-background-enabled":"default","ast-page-background-meta":{"desktop":{"background-color":"var(--ast-global-color-4)","background-image":"","background-repeat":"repeat","background-position":"center center","background-size":"auto","background-attachment":"scroll","background-type":"","background-media":"","overlay-type":"","overlay-color":"","overlay-opacity":"","overlay-gradient":""},"tablet":{"background-color":"","background-image":"","background-repeat":"repeat","background-position":"center center","background-size":"auto","background-attachment":"scroll","background-type":"","background-media":"","overlay-type":"","overlay-color":"","overlay-opacity":"","overlay-gradient":""},"mobile":{"background-color":"","background-image":"","background-repeat":"repeat","background-position":"center center","background-size":"auto","background-attachment":"scroll","background-type":"","background-media":"","overlay-type":"","overlay-color":"","overlay-opacity":"","overlay-gradient":""}},"ast-content-background-meta":{"desktop":{"background-color":"var(--ast-global-color-5)","background-image":"","background-repeat":"repeat","background-position":"center center","background-size":"auto","background-attachment":"scroll","background-type":"","background-media":"","overlay-type":"","overlay-color":"","overlay-opacity":"","overlay-gradient":""},"tablet":{"background-color":"var(--ast-global-color-5)","background-image":"","background-repeat":"repeat","background-position":"center center","background-size":"auto","background-attachment":"scroll","background-type":"","background-media":"","overlay-type":"","overlay-color":"","overlay-opacity":"","overlay-gradient":""},"mobile":{"background-color":"var(--ast-global-color-5)","background-image":"","background-repeat":"repeat","background-position":"center center","background-size":"auto","background-attachment":"scroll","background-type":"","background-media":"","overlay-type":"","overlay-color":"","overlay-opacity":"","overlay-gradient":""}},"footnotes":""},"categories":[16],"tags":[],"class_list":["post-672","post","type-post","status-publish","format-standard","has-post-thumbnail","hentry","category-archives-cms"],"_links":{"self":[{"href":"https:\/\/lavoiedessansvoix.fr\/lavoie\/wp-json\/wp\/v2\/posts\/672","targetHints":{"allow":["GET"]}}],"collection":[{"href":"https:\/\/lavoiedessansvoix.fr\/lavoie\/wp-json\/wp\/v2\/posts"}],"about":[{"href":"https:\/\/lavoiedessansvoix.fr\/lavoie\/wp-json\/wp\/v2\/types\/post"}],"author":[{"embeddable":true,"href":"https:\/\/lavoiedessansvoix.fr\/lavoie\/wp-json\/wp\/v2\/users\/1"}],"replies":[{"embeddable":true,"href":"https:\/\/lavoiedessansvoix.fr\/lavoie\/wp-json\/wp\/v2\/comments?post=672"}],"version-history":[{"count":1,"href":"https:\/\/lavoiedessansvoix.fr\/lavoie\/wp-json\/wp\/v2\/posts\/672\/revisions"}],"predecessor-version":[{"id":3363,"href":"https:\/\/lavoiedessansvoix.fr\/lavoie\/wp-json\/wp\/v2\/posts\/672\/revisions\/3363"}],"wp:featuredmedia":[{"embeddable":true,"href":"https:\/\/lavoiedessansvoix.fr\/lavoie\/wp-json\/wp\/v2\/media\/4255"}],"wp:attachment":[{"href":"https:\/\/lavoiedessansvoix.fr\/lavoie\/wp-json\/wp\/v2\/media?parent=672"}],"wp:term":[{"taxonomy":"category","embeddable":true,"href":"https:\/\/lavoiedessansvoix.fr\/lavoie\/wp-json\/wp\/v2\/categories?post=672"},{"taxonomy":"post_tag","embeddable":true,"href":"https:\/\/lavoiedessansvoix.fr\/lavoie\/wp-json\/wp\/v2\/tags?post=672"}],"curies":[{"name":"wp","href":"https:\/\/api.w.org\/{rel}","templated":true}]}}