{"id":671,"date":"2019-12-21T11:14:00","date_gmt":"2019-12-21T10:14:00","guid":{"rendered":"https:\/\/lavoiedessansvoix.fr\/lavoie\/2019\/12\/21\/archive-intervention-orale-d-un-gilet-jaune-en-fin-de-manifestation-place-jean-jaures-a\/"},"modified":"2026-04-26T21:06:56","modified_gmt":"2026-04-26T19:06:56","slug":"archive-intervention-orale-d-un-gilet-jaune-en-fin-de-manifestation-place-jean-jaures-a","status":"publish","type":"post","link":"https:\/\/lavoiedessansvoix.fr\/lavoie\/2019\/12\/21\/archive-intervention-orale-d-un-gilet-jaune-en-fin-de-manifestation-place-jean-jaures-a\/","title":{"rendered":"INTERVENTION ORALE D&rsquo;UN GILET-JAUNE EN FIN DE MANIFESTATION (Place Jean-Jaur\u00e8s \u00e0 Tours. Mardi 17 d\u00e9cembre 2018)"},"content":{"rendered":"<p>INTERVENTION ORALE D&rsquo;UN GILET-JAUNE EN FIN DE MANIFESTATION (Place Jean-Jaur\u00e8s \u00e0 Tours. Mardi 17 d\u00e9cembre 2018)C&rsquo;est en soi un \u00e9v\u00e8nement et c&rsquo;est pourquoi nous le rapportons ici. Dans cette p\u00e9riode de gr\u00e8ves et de manifestations pour la d\u00e9fense du syst\u00e8me de retraite par r\u00e9partition, nonobstant l&rsquo;exigence de convergences, les organisations syndicales usant de leurs \u00ab\u00a0pr\u00e9rogatives\u00a0\u00bb ponctuent les manifestations de leurs prises de paroles. Rel\u00e9gu\u00e9 souvent au r\u00f4le de \u00ab\u00a0pi\u00e9taille\u00a0\u00bb les \u00ab\u00a0Gilets-Jaunes n&rsquo;ont alors gu\u00e8re droit au chapitre. A Tours (Indre et Loire) cette r\u00e8gle a pourtant \u00e9t\u00e9 bouscul\u00e9 lors de la manifestation du mardi 17 d\u00e9cembre. Les militants Force ouvri\u00e8res ont bien voulu pr\u00eater leur \u00ab\u00a0sono\u00a0\u00bb \u00e0 un gilet-jaune. Certes l&rsquo;intervention de celui-ci, parasit\u00e9e par d&rsquo;autres voitures sono n&rsquo;a gu\u00e8re \u00e9t\u00e9 audible. Pour autant elle n&rsquo;en constitue pas moins un \u00e9v\u00e8nement consid\u00e9rable. Une premi\u00e8re. Les \u00ab\u00a0Gilets-Jaunes\u00a0\u00bb doivent se manifester en tant que mouvement ind\u00e9pendants et faire entendre leur sp\u00e9cificit\u00e9. Aussi esp\u00e9rons-nous que cette intervention n&rsquo;aura \u00e9t\u00e9 qu&rsquo;une premi\u00e8re et que de nombreuses autres suivront partout en France.Patrick Seignon.INTERVENTION   Le 17 novembre 2018, quand les gilets-jaunes surgirent par centaines de milliers sur les ronds-points, ils r\u00e9pondaient \u00e0 un appel \u00e0 protester contre les taxes excessives et la hausse du prix des carburants.  Mais, \u00e0 peine \u00e9taient-ils rendus l\u00e0 et avaient-ils transform\u00e9s ces lieux en agoras populaires, ils r\u00e9alis\u00e8rent que leurs pr\u00e9occupations d\u00e9passaient largement la seule question du prix des carburants. Elles sont si nombreuses que nous ne pouvons les d\u00e9tailler ici. Nous pouvons toutefois les r\u00e9sumer de la sorte : \u00ab Nous voulons vivre d\u00e9cemment et dignement du vrai salaire d\u2019un vrai travail. \u00bb.Il s\u2019agissait en fait de la r\u00e9v\u00e9lation d\u2019une v\u00e9ritable angoisse sociale g\u00e9n\u00e9ralis\u00e9e.   Le 5 d\u00e9cembre 2019 quand les Fran\u00e7ais par millions se sont mis en gr\u00e8ve et ont manifest\u00e9, c\u2019\u00e9tait pour r\u00e9pondre \u00e0 un appel intersyndical \u00e0 protester contre le projet \u00ab macronien \u00bb de \u00ab r\u00e9forme \u00bb de nos syst\u00e8mes de retraites : En v\u00e9rit\u00e9 la liquidation du syst\u00e8me par r\u00e9partition fond\u00e9 sur la solidarit\u00e9 interg\u00e9n\u00e9rationnelle pour le remplacer par un syst\u00e8me \u00e9go\u00efste et bestial dit de retraite \u00ab \u00e0 points \u00bb, o\u00f9 chacun ne penserait qu\u2019\u00e0 sa peau.  Or, chacun sait bien que ces Fran\u00e7ais par millions qui protestent \u00e0 pr\u00e9sent-, au-del\u00e0 de la seule question des retraites, ont bien d\u2019autres pr\u00e9occupations aussi : L\u2019emploi, les salaires, les conditions de travail, la d\u00e9fense des statuts, la d\u00e9fense des services publics, du syst\u00e8me de sant\u00e9, de la condition faite aux anciens, la d\u00e9fense du service public de l\u2019\u00e9cole de la R\u00e9publique, la d\u00e9fense de la dignit\u00e9 des ch\u00f4meurs qui sont nos s\u0153urs et fr\u00e8res priv\u00e9s d\u2019emplois.  Il y a un lien entre tous ces maux. Quel est-il ? Qu\u2019est-ce qui relie toutes ces dol\u00e9ances et revendications et motive cette angoisse sociale ?  C\u2019est la volont\u00e9 outranci\u00e8re du capitalisme ultra-lib\u00e9ral de r\u00e9aliser des coupes budg\u00e9taires drastiques, de r\u00e9duire le niveau des salaires et des pensions, des allocations de ch\u00f4mage, des d\u00e9penses de sant\u00e9. De r\u00e9duire en fait toute la part du peuple dans le revenu national \u00e0 telle fin, \u00e0 l\u2019autre bout de la chaine, d\u2019accroitre les profits capitalistes et de gonfler les dividendes des actionnaires.  Nous sommes des millions r\u00e9unis dans cette protestation, toutes cat\u00e9gories et m\u00e9tiers confondus, syndicats et gilets-jaunes au coude \u00e0 coude. La convergence des luttes que redoutait Macron et \u00e0 laquelle il ne voulait pas croire, est \u00ab en marche \u00bb, l\u00e0 sous nos yeux.  Alors voil\u00e0 que le gouvernement des riches prend peur et nous propose un march\u00e9 pour nous convaincre de cesser la lutte et de rentrer dans nos \u00ab boites \u00bb et nos foyers.  Quel est-il ce plan ? Quel \u00abest-il ce march\u00e9 de dupes ? Nous ne toucherons pas, dans l\u2019imm\u00e9diat, disent-ils, aux r\u00e9gimes sp\u00e9ciaux des cheminots et de la RATP, et la  r\u00e9forme sera d\u00e9cal\u00e9 dans le temps, ne rentrera en vigueur qu\u2019en 2025. Les retrait\u00e9s et salari\u00e9s actuels et futurs retrait\u00e9s ne sont donc pas concern\u00e9s.  Avez-vous song\u00e9 au sens r\u00e9el d\u2019une telle proposition ? Ils ne vous demandent rien moins que de trahir vos propres enfants. De vous fiche, \u00ab apr\u00e8s moi le d\u00e9luge \u00bb du devenir de votre prog\u00e9niture. Macron en cela reste \u00e9gal \u00e0 lui-m\u00eame, arrogant et m\u00e9prisant. Nous recevons ces pr\u00e9tendues concessions comme autant d\u2019insultes \u00e0 notre bon sens et \u00e0 notre dignit\u00e9.  Car l\u2019avenir de vos enfants, savoir qu\u2019elle soci\u00e9t\u00e9 vous allez leur laisser en h\u00e9ritage, n\u2019est-ce pas au contraire votre pr\u00e9occupation essentielle ? Voulez-vous leur laisser une soci\u00e9t\u00e9 faites de ch\u00f4mage, de pr\u00e9carit\u00e9, de salaires de mis\u00e8re et d\u2019indigence ?  Nous sommes des millions mobilis\u00e9s. Ne nous d\u00e9bandons pas. Poursuivons nos actions, gr\u00e8ves, manifestations et blocages. C\u2019est maintenant que s\u2019annonce l\u2019heure d\u2019une bataille sociale d\u00e9cisive.  Monsieur Delevoye a d\u00e9missionn\u00e9 hier. Il a eu peur du verdict de la rue ce 17 d\u00e9cembre et a pr\u00e9f\u00e9r\u00e9 le devancer afin d\u2019esquiver notre col\u00e8re, et limiter les d\u00e9g\u00e2ts induits pour l\u2019avenir de sa r\u00e9forme. Mais notre col\u00e8re ne retombe pas. Elle enfle au contraire, attis\u00e9e par tabt de d\u00e9sinvolture et de cynisme.   Delevoye est convaincu de \u00ab conflit d\u2019int\u00e9r\u00eats \u00bb et passible \u00e0 ce titre de poursuites judiciaires. Mais le vrai grand scandale, le pire conflit d\u2019int\u00e9r\u00eats est au-del\u00e0 encore, c\u2019est ce gouvernement de mafieux qui nous vole et \u00ab refile \u00bb son butin &#8211; (l\u2019argent des salari\u00e9s et des retrait\u00e9s le pactole de 165 Milliards d\u2019euros de nos retraites ?) &#8211; \u00e0 ses maitres et pots de la finance.  C\u2019est notre int\u00e9r\u00eat \u00e0 nous de mettre ce gouvernement en \u00e9chec. C\u2019est notre int\u00e9r\u00eat et c\u2019est ce qu\u2019exige la morale publique dont le peuple est le seul garant : Delevoye a d\u00e9missionn\u00e9, c\u2019est votre tour messieurs Philippe et Macron. Macron d\u00e9mission. !\u2026  Nous devons mettre \u00e0 genoux le gouvernement des supers riches. Nous devons en finir avec l&rsquo;outrance du syst\u00e8me ultra-lib\u00e9ral.  Nous devons inventer ensemble une nouvelle R\u00e9publique ; Vraiment d\u00e9mocratique, populaire, sociale et solidaire.  17 d\u00e9cembre 2019<\/p>\n","protected":false},"excerpt":{"rendered":"<p>INTERVENTION ORALE D&rsquo;UN GILET-JAUNE EN FIN DE MANIFESTATION (Place Jean-Jaur\u00e8s \u00e0 Tours. Mardi 17 d\u00e9cembre 2018)C&rsquo;est en soi un \u00e9v\u00e8nement [&hellip;]<\/p>\n","protected":false},"author":1,"featured_media":4254,"comment_status":"open","ping_status":"open","sticky":false,"template":"","format":"standard","meta":{"sfsi_plus_gutenberg_text_before_share":"","sfsi_plus_gutenberg_show_text_before_share":"","sfsi_plus_gutenberg_icon_type":"","sfsi_plus_gutenberg_icon_alignemt":"","sfsi_plus_gutenburg_max_per_row":"","site-sidebar-layout":"default","site-content-layout":"","ast-site-content-layout":"default","site-content-style":"default","site-sidebar-style":"default","ast-global-header-display":"","ast-banner-title-visibility":"","ast-main-header-display":"","ast-hfb-above-header-display":"","ast-hfb-below-header-display":"","ast-hfb-mobile-header-display":"","site-post-title":"","ast-breadcrumbs-content":"","ast-featured-img":"","footer-sml-layout":"","ast-disable-related-posts":"","theme-transparent-header-meta":"","adv-header-id-meta":"","stick-header-meta":"","header-above-stick-meta":"","header-main-stick-meta":"","header-below-stick-meta":"","astra-migrate-meta-layouts":"default","ast-page-background-enabled":"default","ast-page-background-meta":{"desktop":{"background-color":"var(--ast-global-color-4)","background-image":"","background-repeat":"repeat","background-position":"center center","background-size":"auto","background-attachment":"scroll","background-type":"","background-media":"","overlay-type":"","overlay-color":"","overlay-opacity":"","overlay-gradient":""},"tablet":{"background-color":"","background-image":"","background-repeat":"repeat","background-position":"center center","background-size":"auto","background-attachment":"scroll","background-type":"","background-media":"","overlay-type":"","overlay-color":"","overlay-opacity":"","overlay-gradient":""},"mobile":{"background-color":"","background-image":"","background-repeat":"repeat","background-position":"center center","background-size":"auto","background-attachment":"scroll","background-type":"","background-media":"","overlay-type":"","overlay-color":"","overlay-opacity":"","overlay-gradient":""}},"ast-content-background-meta":{"desktop":{"background-color":"var(--ast-global-color-5)","background-image":"","background-repeat":"repeat","background-position":"center center","background-size":"auto","background-attachment":"scroll","background-type":"","background-media":"","overlay-type":"","overlay-color":"","overlay-opacity":"","overlay-gradient":""},"tablet":{"background-color":"var(--ast-global-color-5)","background-image":"","background-repeat":"repeat","background-position":"center center","background-size":"auto","background-attachment":"scroll","background-type":"","background-media":"","overlay-type":"","overlay-color":"","overlay-opacity":"","overlay-gradient":""},"mobile":{"background-color":"var(--ast-global-color-5)","background-image":"","background-repeat":"repeat","background-position":"center center","background-size":"auto","background-attachment":"scroll","background-type":"","background-media":"","overlay-type":"","overlay-color":"","overlay-opacity":"","overlay-gradient":""}},"footnotes":""},"categories":[16],"tags":[],"class_list":["post-671","post","type-post","status-publish","format-standard","has-post-thumbnail","hentry","category-archives-cms"],"_links":{"self":[{"href":"https:\/\/lavoiedessansvoix.fr\/lavoie\/wp-json\/wp\/v2\/posts\/671","targetHints":{"allow":["GET"]}}],"collection":[{"href":"https:\/\/lavoiedessansvoix.fr\/lavoie\/wp-json\/wp\/v2\/posts"}],"about":[{"href":"https:\/\/lavoiedessansvoix.fr\/lavoie\/wp-json\/wp\/v2\/types\/post"}],"author":[{"embeddable":true,"href":"https:\/\/lavoiedessansvoix.fr\/lavoie\/wp-json\/wp\/v2\/users\/1"}],"replies":[{"embeddable":true,"href":"https:\/\/lavoiedessansvoix.fr\/lavoie\/wp-json\/wp\/v2\/comments?post=671"}],"version-history":[{"count":1,"href":"https:\/\/lavoiedessansvoix.fr\/lavoie\/wp-json\/wp\/v2\/posts\/671\/revisions"}],"predecessor-version":[{"id":3361,"href":"https:\/\/lavoiedessansvoix.fr\/lavoie\/wp-json\/wp\/v2\/posts\/671\/revisions\/3361"}],"wp:featuredmedia":[{"embeddable":true,"href":"https:\/\/lavoiedessansvoix.fr\/lavoie\/wp-json\/wp\/v2\/media\/4254"}],"wp:attachment":[{"href":"https:\/\/lavoiedessansvoix.fr\/lavoie\/wp-json\/wp\/v2\/media?parent=671"}],"wp:term":[{"taxonomy":"category","embeddable":true,"href":"https:\/\/lavoiedessansvoix.fr\/lavoie\/wp-json\/wp\/v2\/categories?post=671"},{"taxonomy":"post_tag","embeddable":true,"href":"https:\/\/lavoiedessansvoix.fr\/lavoie\/wp-json\/wp\/v2\/tags?post=671"}],"curies":[{"name":"wp","href":"https:\/\/api.w.org\/{rel}","templated":true}]}}