{"id":670,"date":"2020-01-08T00:42:00","date_gmt":"2020-01-07T23:42:00","guid":{"rendered":"https:\/\/lavoiedessansvoix.fr\/lavoie\/2020\/01\/08\/archive-declaration\/"},"modified":"2026-04-26T21:06:46","modified_gmt":"2026-04-26T19:06:46","slug":"archive-declaration","status":"publish","type":"post","link":"https:\/\/lavoiedessansvoix.fr\/lavoie\/2020\/01\/08\/archive-declaration\/","title":{"rendered":"D\u00c9CLARATION"},"content":{"rendered":"<p>D\u00c9CLARATION     Les Gilets-Jaunes de Loches Sud\/Touraine, des syndicalistes, des repr\u00e9sentants des secteurs en lutte, des citoyens du grand lochois, r\u00e9unis dans le \u00ab Comit\u00e9 du 5 d\u00e9cembre \u00bb, d\u00e9clarent :    Monsieur Emmanuel Macron, Pr\u00e9sident de la R\u00e9publique, dans une prestation t\u00e9l\u00e9vis\u00e9e officielle a, selon la tradition, pr\u00e9sent\u00e9 ses v\u0153ux \u00e0 la Nation. Or ses v\u0153ux ont pris la forme, non du souhait d\u2019un avenir meilleur pour les citoyens de ce pays, mais l\u2019assurance d\u2019une noire perspective de mis\u00e8re et d\u2019indigence accrue.    Monsieur Macron pr\u00e9tend qu\u2019il ne c\u00e9dera pas, que \u00ab sa  Foutue r\u00e9forme de retraite \u00e0 points \u00bb dont l\u2019\u00e9crasante majorit\u00e9 ne veut pas sera tout de m\u00eame men\u00e9e \u00e0 termes. Comme Monsieur Jupp\u00e9 en son temps, il affirme pr\u00e9somptueux qu\u2019il \u00ab restera droit dans ses bottes \u00bb.    Parce que Macron le veut, le peuple serait-il tenu d\u2019accepter que l\u2019on ponctionne ses pensions de retraites de 10, 20 %, voire plus ?    Parce que Macron le veut, les salari\u00e9s de ce pays, retrait\u00e9s et futurs retrait\u00e9s seraient-ils tenus de se faire confisquer le \u00ab Pactole financier de leurs retraites \u00bb par les Banques Assurances et fonds de pensions am\u00e9ricains ?    Parce que Macron le veut les citoyens modestes et laborieux de ce pays seraient-ils tenus d\u2019accepter la perspective angoissante d\u2019une vieillesse indigente ?    Les salari\u00e9s, les citoyens qui s\u2019opposent \u00e0 la r\u00e9forme  Macronienne de nos syst\u00e8mes de retraites et entendent d\u00e9fendre le syst\u00e8me existant de retraites par r\u00e9partition, seraient-ils minoritaires qu\u2019ils auraient d\u00e9j\u00e0 raison. Car nul n\u2019est tenu d\u2019accepter d\u2019\u00eatre victime de vol et de racket, m\u00eame lorsque celui-ci est organis\u00e9 \u00ab au nom de la loi \u00bb.    Or, il se trouve que loin d\u2019\u00eatre minoritaire, le front du refus f\u00e9d\u00e8re l\u2019\u00e9crasante majorit\u00e9 du peuple, et que d\u00e8s lors la volont\u00e9 qu\u2019un seul homme entend imposer \u00e0 la nation toute enti\u00e8re ne rel\u00e8ve plus de l\u2019action \u00ab d\u00e9mocratique \u00bb mais d\u2019une v\u00e9ritable volont\u00e9 dictatoriale.    Si Macron ne veut-pas c\u00e9der, c\u2019est encore moins au peuple, \u00e0 l\u2019\u00e9crasante majorit\u00e9 des citoyens, de capituler ni de courber l\u2019\u00e9chine.    Si Macron ne veut pas c\u00e9der il ne reste d\u00e8s lors qu\u2019une issue au peuple c\u2019est de chasser Macron du pouvoir.    Le mot d\u2019ordre du mouvement de contestation n\u2019est d\u00e9j\u00e0 plus \u00ab Macron d\u00e9mission \u00bb qui laissait une place au libre arbitre et \u00e0 la d\u00e9cision personnelle de ce dernier. Le mot d\u2019ordre se doit \u00eatre \u00e0 pr\u00e9sent une injonction, \u00ab le cri du peuple \u00bb, l\u2019ordre que celui-ci intime au \u00ab commis de la finance\u00bb : le mot d\u2019ordre juste c\u2019est : \u00ab MACRON D\u00c9GAGE ! \u00bb    \u00ab Comit\u00e9 de lutte lochois du 5 d\u00e9cembre \u00bb, le Vendredi 3 janvier2020.<\/p>\n","protected":false},"excerpt":{"rendered":"<p>D\u00c9CLARATION Les Gilets-Jaunes de Loches Sud\/Touraine, des syndicalistes, des repr\u00e9sentants des secteurs en lutte, des citoyens du grand lochois, r\u00e9unis [&hellip;]<\/p>\n","protected":false},"author":1,"featured_media":4253,"comment_status":"open","ping_status":"open","sticky":false,"template":"","format":"standard","meta":{"sfsi_plus_gutenberg_text_before_share":"","sfsi_plus_gutenberg_show_text_before_share":"","sfsi_plus_gutenberg_icon_type":"","sfsi_plus_gutenberg_icon_alignemt":"","sfsi_plus_gutenburg_max_per_row":"","site-sidebar-layout":"default","site-content-layout":"","ast-site-content-layout":"default","site-content-style":"default","site-sidebar-style":"default","ast-global-header-display":"","ast-banner-title-visibility":"","ast-main-header-display":"","ast-hfb-above-header-display":"","ast-hfb-below-header-display":"","ast-hfb-mobile-header-display":"","site-post-title":"","ast-breadcrumbs-content":"","ast-featured-img":"","footer-sml-layout":"","ast-disable-related-posts":"","theme-transparent-header-meta":"","adv-header-id-meta":"","stick-header-meta":"","header-above-stick-meta":"","header-main-stick-meta":"","header-below-stick-meta":"","astra-migrate-meta-layouts":"default","ast-page-background-enabled":"default","ast-page-background-meta":{"desktop":{"background-color":"var(--ast-global-color-4)","background-image":"","background-repeat":"repeat","background-position":"center center","background-size":"auto","background-attachment":"scroll","background-type":"","background-media":"","overlay-type":"","overlay-color":"","overlay-opacity":"","overlay-gradient":""},"tablet":{"background-color":"","background-image":"","background-repeat":"repeat","background-position":"center center","background-size":"auto","background-attachment":"scroll","background-type":"","background-media":"","overlay-type":"","overlay-color":"","overlay-opacity":"","overlay-gradient":""},"mobile":{"background-color":"","background-image":"","background-repeat":"repeat","background-position":"center center","background-size":"auto","background-attachment":"scroll","background-type":"","background-media":"","overlay-type":"","overlay-color":"","overlay-opacity":"","overlay-gradient":""}},"ast-content-background-meta":{"desktop":{"background-color":"var(--ast-global-color-5)","background-image":"","background-repeat":"repeat","background-position":"center center","background-size":"auto","background-attachment":"scroll","background-type":"","background-media":"","overlay-type":"","overlay-color":"","overlay-opacity":"","overlay-gradient":""},"tablet":{"background-color":"var(--ast-global-color-5)","background-image":"","background-repeat":"repeat","background-position":"center center","background-size":"auto","background-attachment":"scroll","background-type":"","background-media":"","overlay-type":"","overlay-color":"","overlay-opacity":"","overlay-gradient":""},"mobile":{"background-color":"var(--ast-global-color-5)","background-image":"","background-repeat":"repeat","background-position":"center center","background-size":"auto","background-attachment":"scroll","background-type":"","background-media":"","overlay-type":"","overlay-color":"","overlay-opacity":"","overlay-gradient":""}},"footnotes":""},"categories":[16],"tags":[],"class_list":["post-670","post","type-post","status-publish","format-standard","has-post-thumbnail","hentry","category-archives-cms"],"_links":{"self":[{"href":"https:\/\/lavoiedessansvoix.fr\/lavoie\/wp-json\/wp\/v2\/posts\/670","targetHints":{"allow":["GET"]}}],"collection":[{"href":"https:\/\/lavoiedessansvoix.fr\/lavoie\/wp-json\/wp\/v2\/posts"}],"about":[{"href":"https:\/\/lavoiedessansvoix.fr\/lavoie\/wp-json\/wp\/v2\/types\/post"}],"author":[{"embeddable":true,"href":"https:\/\/lavoiedessansvoix.fr\/lavoie\/wp-json\/wp\/v2\/users\/1"}],"replies":[{"embeddable":true,"href":"https:\/\/lavoiedessansvoix.fr\/lavoie\/wp-json\/wp\/v2\/comments?post=670"}],"version-history":[{"count":1,"href":"https:\/\/lavoiedessansvoix.fr\/lavoie\/wp-json\/wp\/v2\/posts\/670\/revisions"}],"predecessor-version":[{"id":3359,"href":"https:\/\/lavoiedessansvoix.fr\/lavoie\/wp-json\/wp\/v2\/posts\/670\/revisions\/3359"}],"wp:featuredmedia":[{"embeddable":true,"href":"https:\/\/lavoiedessansvoix.fr\/lavoie\/wp-json\/wp\/v2\/media\/4253"}],"wp:attachment":[{"href":"https:\/\/lavoiedessansvoix.fr\/lavoie\/wp-json\/wp\/v2\/media?parent=670"}],"wp:term":[{"taxonomy":"category","embeddable":true,"href":"https:\/\/lavoiedessansvoix.fr\/lavoie\/wp-json\/wp\/v2\/categories?post=670"},{"taxonomy":"post_tag","embeddable":true,"href":"https:\/\/lavoiedessansvoix.fr\/lavoie\/wp-json\/wp\/v2\/tags?post=670"}],"curies":[{"name":"wp","href":"https:\/\/api.w.org\/{rel}","templated":true}]}}