{"id":669,"date":"2020-01-19T07:59:00","date_gmt":"2020-01-19T06:59:00","guid":{"rendered":"https:\/\/lavoiedessansvoix.fr\/lavoie\/2020\/01\/19\/archive-une-journee-de-chien\/"},"modified":"2026-04-26T21:06:37","modified_gmt":"2026-04-26T19:06:37","slug":"archive-une-journee-de-chien","status":"publish","type":"post","link":"https:\/\/lavoiedessansvoix.fr\/lavoie\/2020\/01\/19\/archive-une-journee-de-chien\/","title":{"rendered":"UNE JOURN\u00c9E DE CHIEN"},"content":{"rendered":"<p>UNE JOURN\u00c9E DE CHIEN \u00c7a avait mal commenc\u00e9, en ce jeudi 16 janvier 2020, pour l\u2019ignoble gouvernement de la finance actuellement aux commandes de la France.  Oh, la m\u00e9t\u00e9o n\u2019eut aucune part aux d\u00e9sagr\u00e9ments qui l\u2019attendaient. Elle \u00e9tait plut\u00f4t belle, un petit matin frais \u00e0 peine piquant et un beau soleil radieux dans un ciel de Loire. 1er coup. : L\u2019affront.  \u00ab Le secr\u00e9taire d\u2019\u00c9tat aux Transports au Technicentre SNCF, ce vendredi \u00bb  Avait titr\u00e9 la veille, avec bonhommie et assurance, \u00ab La Nouvelle R\u00e9publique \u2013 du centre \u00bb.  Et de commenter : \u00ab Alors que le mouvement de gr\u00e8ve des cheminots contre la r\u00e9forme des retraites semble marquer le pas apr\u00e8s plus de 40 jours de mobilisation, le secr\u00e9taire d\u2019\u00c9tat aupr\u00e8s de la ministre de la Transition \u00e9cologique charg\u00e9 des Transports, poursuit sa tourn\u00e9e des popotes. \u00bb  \u00abPoursuit la tourn\u00e9e des popotes \u00bb.Pensez un peu. En quelque sorte la vie normale suit son cours et Monsieur Jean Baptiste Djebbari, \u00e0 l\u2019instar du pr\u00e9sident de la R\u00e9publique et des autres membres du gouvernement, n\u2019a cure de la gr\u00e8ve, et se \u00ab colle au coquillard \u00bb la protestation des Fran\u00e7ais.  Mais le jour \u00ab J \u00bb de l\u2019\u00e9v\u00e8nement officiel attendu : \u00ab Le secr\u00e9taire d\u2019\u00c9tat aux Transports pas le bienvenu chez les cheminots \u00e0 Tours \u00bb Titrait cette fois la \u00ab Nouvelle R\u00e9publique \u00bb. \u00ab Jean-Baptiste Djebbari n&rsquo;a pas pu visiter comme pr\u00e9vu le Technicentre, le centre de maintenance r\u00e9gional de la SNCF \u00e0 Saint-Pierre-des-Corps ce vendredi 17 janvier \u00e0 11 h 30, comme pr\u00e9vu et programm\u00e9. Les cheminots \u00a0\u00bb voulaient arr\u00eater le travail le temps de ma visite, mener une op\u00e9ration ateliers morts \u00ab\u00a0. A-t-il expliqu\u00e9 lui-m\u00eame.  \u00ab Ateliers morts \u00bb pour accueillir l\u2019un des fossoyeurs de la SNCF, pouvait-on trouver une formule plus cocasse ou plus appropri\u00e9e ?  2\u00e8me coup, la calotte.  \u00ab Intrusion \u00abviolente\u00bb au si\u00e8ge de la CFDT : que s\u2019est-il r\u00e9ellement pass\u00e9 ?\u00a0\u00bb  \u00ab Ce vendredi \u00e0 la mi-journ\u00e9e au si\u00e8ge de la CFDT? Laurent Berger a accus\u00e9 \u00ab quelques dizaines d&rsquo;individus \u00bb de s&rsquo;\u00eatre \u00ab introduits violemment \u00bb au si\u00e8ge de la centrale, dans le XIX\u00e8me arrondissement de Paris. Une intrusion confirm\u00e9e par une figure de la lutte contre la r\u00e9forme des retraites, qui r\u00e9fute toutefois toute violence. \u00bb   A la mani\u00e8re des gilets-jaunes les \u00ab intrus \u00bb chantaient \u00ab On est l\u00e0, m\u00eame si Berger ne veut pas, nous on est l\u00e0. \u00bb  Cette fois la direction conf\u00e9d\u00e9rale de la CFDT et Laurent Berger, le complice de Macron, accessoirement secr\u00e9taire G\u00e9n\u00e9ral de cette centrale, \u00e9taient directement vis\u00e9s.  En 1995 nous vir\u00e2mes la \u00ab traitresse \u00bb Nicole Notat, complice de Jupp\u00e9 et en ce temps elle aussi accessoirement secr\u00e9taire G\u00e9n\u00e9rale de la CFDT, de la manifestation place de la R\u00e9publique. Aussi est-ce avec une joie non feinte que nous avons appris cette action salutaire qui prouve que les traditions ouvri\u00e8res ne se perdent pas. Nous f\u00e9licitons ceux qui l\u2019ont r\u00e9alis\u00e9e.   Ce qui ne manquera pas de vous \u00e9tonner c\u2019est la duplicit\u00e9 de la presse aux ordres et du monde politique. Ceux-ci qui s\u2019esclaffaient de joie quand en 1980 les travailleurs des chantiers navals de Gdansk en Pologne, sous la banni\u00e8re de Solidarnosc et sous la conduite de Lech Walesa mirent \u00e0 sac les si\u00e8ges des syndicats officiels, et qui s\u2019indignent ici, aujourd\u2019hui de l\u2019action des travailleurs en lutte contre la vitrine d\u2019une \u00ab centrale syndicale traitre \u00bb qui agit comme une officine gouvernementale.   3\u00e8me  coup, \u00ab la gifle \u00bb.  Et pour finir cette journ\u00e9e politiquement maussade pour le gouvernement et ses complices, le soir venu, \u00e0 l\u2019heure o\u00f9 les \u00ab bobos \u00bb se rendent au spectacle avant d\u2019aller \u00ab diner \u00bb \u00e0 la \u00ab Rotonde \u00bb ou autre \u00ab Fouquets \u00bb, Manu \u00ab l\u2019arrogant \u00bb s\u2019enquiert d\u2019aller lui aussi au th\u00e9\u00e2tre comme un quelconque bourgeois de Paris.  Oui mais !  \u00ab Des manifestants ont tent\u00e9, ce vendredi soir, de p\u00e9n\u00e9trer dans le th\u00e9\u00e2tre parisien des Bouffes du Nord, o\u00f9 le pr\u00e9sident de la R\u00e9publique assistait \u00e0 un spectacle. Emmanuel Macron a finalement \u00e9t\u00e9 exfiltr\u00e9 par les forces de l\u2019ordre. \u00bb (Newsletter La Matinale d\u2019Ouest-France).  Les \u00ab Bouffes du nord \u00bb pensez un peu ? \u00c7a ne pouvait pas-\u00eatre mieux choisit pour administrer \u00e0 ce petit morveux l\u2019une des nombreuses  \u00ab mornifles \u00bb qu\u2019il m\u00e9rite tant.  Ah vraiment ce jeudi 16 janvier fut une journ\u00e9e de chien pour la \u00ab Macronnie \u00bb. Il n\u2019est pas besoin d\u2019\u00eatre J\u00e9r\u00e9mie pour proph\u00e9tiser qu\u2019il y en aura bient\u00f4t d\u2019autres et bien pires.  Patrick Seignon. \u00ab lavoiedessansvoix.fr \u00bb. Dimanche 19 janvier 2020.<\/p>\n","protected":false},"excerpt":{"rendered":"<p>UNE JOURN\u00c9E DE CHIEN \u00c7a avait mal commenc\u00e9, en ce jeudi 16 janvier 2020, pour l\u2019ignoble gouvernement de la finance [&hellip;]<\/p>\n","protected":false},"author":1,"featured_media":4252,"comment_status":"open","ping_status":"open","sticky":false,"template":"","format":"standard","meta":{"sfsi_plus_gutenberg_text_before_share":"","sfsi_plus_gutenberg_show_text_before_share":"","sfsi_plus_gutenberg_icon_type":"","sfsi_plus_gutenberg_icon_alignemt":"","sfsi_plus_gutenburg_max_per_row":"","site-sidebar-layout":"default","site-content-layout":"","ast-site-content-layout":"default","site-content-style":"default","site-sidebar-style":"default","ast-global-header-display":"","ast-banner-title-visibility":"","ast-main-header-display":"","ast-hfb-above-header-display":"","ast-hfb-below-header-display":"","ast-hfb-mobile-header-display":"","site-post-title":"","ast-breadcrumbs-content":"","ast-featured-img":"","footer-sml-layout":"","ast-disable-related-posts":"","theme-transparent-header-meta":"","adv-header-id-meta":"","stick-header-meta":"","header-above-stick-meta":"","header-main-stick-meta":"","header-below-stick-meta":"","astra-migrate-meta-layouts":"default","ast-page-background-enabled":"default","ast-page-background-meta":{"desktop":{"background-color":"var(--ast-global-color-4)","background-image":"","background-repeat":"repeat","background-position":"center center","background-size":"auto","background-attachment":"scroll","background-type":"","background-media":"","overlay-type":"","overlay-color":"","overlay-opacity":"","overlay-gradient":""},"tablet":{"background-color":"","background-image":"","background-repeat":"repeat","background-position":"center center","background-size":"auto","background-attachment":"scroll","background-type":"","background-media":"","overlay-type":"","overlay-color":"","overlay-opacity":"","overlay-gradient":""},"mobile":{"background-color":"","background-image":"","background-repeat":"repeat","background-position":"center center","background-size":"auto","background-attachment":"scroll","background-type":"","background-media":"","overlay-type":"","overlay-color":"","overlay-opacity":"","overlay-gradient":""}},"ast-content-background-meta":{"desktop":{"background-color":"var(--ast-global-color-5)","background-image":"","background-repeat":"repeat","background-position":"center center","background-size":"auto","background-attachment":"scroll","background-type":"","background-media":"","overlay-type":"","overlay-color":"","overlay-opacity":"","overlay-gradient":""},"tablet":{"background-color":"var(--ast-global-color-5)","background-image":"","background-repeat":"repeat","background-position":"center center","background-size":"auto","background-attachment":"scroll","background-type":"","background-media":"","overlay-type":"","overlay-color":"","overlay-opacity":"","overlay-gradient":""},"mobile":{"background-color":"var(--ast-global-color-5)","background-image":"","background-repeat":"repeat","background-position":"center center","background-size":"auto","background-attachment":"scroll","background-type":"","background-media":"","overlay-type":"","overlay-color":"","overlay-opacity":"","overlay-gradient":""}},"footnotes":""},"categories":[16],"tags":[],"class_list":["post-669","post","type-post","status-publish","format-standard","has-post-thumbnail","hentry","category-archives-cms"],"_links":{"self":[{"href":"https:\/\/lavoiedessansvoix.fr\/lavoie\/wp-json\/wp\/v2\/posts\/669","targetHints":{"allow":["GET"]}}],"collection":[{"href":"https:\/\/lavoiedessansvoix.fr\/lavoie\/wp-json\/wp\/v2\/posts"}],"about":[{"href":"https:\/\/lavoiedessansvoix.fr\/lavoie\/wp-json\/wp\/v2\/types\/post"}],"author":[{"embeddable":true,"href":"https:\/\/lavoiedessansvoix.fr\/lavoie\/wp-json\/wp\/v2\/users\/1"}],"replies":[{"embeddable":true,"href":"https:\/\/lavoiedessansvoix.fr\/lavoie\/wp-json\/wp\/v2\/comments?post=669"}],"version-history":[{"count":1,"href":"https:\/\/lavoiedessansvoix.fr\/lavoie\/wp-json\/wp\/v2\/posts\/669\/revisions"}],"predecessor-version":[{"id":3357,"href":"https:\/\/lavoiedessansvoix.fr\/lavoie\/wp-json\/wp\/v2\/posts\/669\/revisions\/3357"}],"wp:featuredmedia":[{"embeddable":true,"href":"https:\/\/lavoiedessansvoix.fr\/lavoie\/wp-json\/wp\/v2\/media\/4252"}],"wp:attachment":[{"href":"https:\/\/lavoiedessansvoix.fr\/lavoie\/wp-json\/wp\/v2\/media?parent=669"}],"wp:term":[{"taxonomy":"category","embeddable":true,"href":"https:\/\/lavoiedessansvoix.fr\/lavoie\/wp-json\/wp\/v2\/categories?post=669"},{"taxonomy":"post_tag","embeddable":true,"href":"https:\/\/lavoiedessansvoix.fr\/lavoie\/wp-json\/wp\/v2\/tags?post=669"}],"curies":[{"name":"wp","href":"https:\/\/api.w.org\/{rel}","templated":true}]}}