{"id":668,"date":"2020-01-21T15:23:00","date_gmt":"2020-01-21T14:23:00","guid":{"rendered":"https:\/\/lavoiedessansvoix.fr\/lavoie\/2020\/01\/21\/archive-reflexion-philosophique-sur-les-sentiments-des-peuples-a-l-endroit-de-leurs-tyra\/"},"modified":"2026-04-26T21:06:28","modified_gmt":"2026-04-26T19:06:28","slug":"archive-reflexion-philosophique-sur-les-sentiments-des-peuples-a-l-endroit-de-leurs-tyra","status":"publish","type":"post","link":"https:\/\/lavoiedessansvoix.fr\/lavoie\/2020\/01\/21\/archive-reflexion-philosophique-sur-les-sentiments-des-peuples-a-l-endroit-de-leurs-tyra\/","title":{"rendered":"R\u00c9FLEXION PHILOSOPHIQUE :   \u00ab SUR LES SENTIMENTS DES PEUPLES A L\u2019ENDROIT DE LEURS TYRANS \u00bb"},"content":{"rendered":"<p>R\u00c9FLEXION PHILOSOPHIQUE :   \u00ab SUR LES SENTIMENTS DES PEUPLES A L\u2019ENDROIT DE LEURS TYRANS \u00bb  Dans la vie sociale normale il est certes d\u00e9shonorant pour celui qui s\u2019y pr\u00eate de souhaiter la mort d\u2019un homme. Et l\u2019appel au meurtre est lui-m\u00eame un acte d\u00e9shonorant et \u00e9minemment condamnable.  Mais souhaiter la mort de son tyran est au contraire une disposition d\u2019esprit salutaire pour un peuple.  En effet, bien que non \u00e9crit le droit d\u2019insurrection est un droit, pourtant inali\u00e9nable des peuples. La r\u00e9volte contre la tyrannie est la plus glorieuse des actions dont ceux-ci puissent s\u2019honorer, et bien entendu, cela va de soi, celle-ci commence presque toujours par la haine du Tyran et des tortionnaires \u00e0 son service.  C\u2019est pourquoi.   Tous les g\u00e9missements de ceux-ci, leurs protestations au nom de \u00ab la libert\u00e9 \u00bbde  la d\u00e9mocratie, ou de je ne sais quel humanisme qu\u2019ils ne revendiquent que pour eux-m\u00eames et les tortionnaires \u00e0 leurs service, ne sauraient-infl\u00e9chir le c\u0153ur du peuple.   Celui qui abuse du pouvoir, qui confisque les libert\u00e9s, qui bouscule sans \u00e9tats d\u2019\u00e2me un grand nombre de ces concitoyens dans l\u2019indigence ou la mis\u00e8re, qui r\u00e9prime l\u2019expression populaire et mutile ses semblables, ne saurait revendiquer, ni l \u00bbamour du peuple ni sa cl\u00e9mence.   Patrick Seignon. \u00ab lavoiedessansvoix.fr \u00bb. Mardi 21 janvier 2020.<\/p>\n","protected":false},"excerpt":{"rendered":"<p>R\u00c9FLEXION PHILOSOPHIQUE : \u00ab SUR LES SENTIMENTS DES PEUPLES A L\u2019ENDROIT DE LEURS TYRANS \u00bb Dans la vie sociale normale [&hellip;]<\/p>\n","protected":false},"author":1,"featured_media":4251,"comment_status":"open","ping_status":"open","sticky":false,"template":"","format":"standard","meta":{"sfsi_plus_gutenberg_text_before_share":"","sfsi_plus_gutenberg_show_text_before_share":"","sfsi_plus_gutenberg_icon_type":"","sfsi_plus_gutenberg_icon_alignemt":"","sfsi_plus_gutenburg_max_per_row":"","site-sidebar-layout":"default","site-content-layout":"","ast-site-content-layout":"default","site-content-style":"default","site-sidebar-style":"default","ast-global-header-display":"","ast-banner-title-visibility":"","ast-main-header-display":"","ast-hfb-above-header-display":"","ast-hfb-below-header-display":"","ast-hfb-mobile-header-display":"","site-post-title":"","ast-breadcrumbs-content":"","ast-featured-img":"","footer-sml-layout":"","ast-disable-related-posts":"","theme-transparent-header-meta":"","adv-header-id-meta":"","stick-header-meta":"","header-above-stick-meta":"","header-main-stick-meta":"","header-below-stick-meta":"","astra-migrate-meta-layouts":"default","ast-page-background-enabled":"default","ast-page-background-meta":{"desktop":{"background-color":"var(--ast-global-color-4)","background-image":"","background-repeat":"repeat","background-position":"center center","background-size":"auto","background-attachment":"scroll","background-type":"","background-media":"","overlay-type":"","overlay-color":"","overlay-opacity":"","overlay-gradient":""},"tablet":{"background-color":"","background-image":"","background-repeat":"repeat","background-position":"center center","background-size":"auto","background-attachment":"scroll","background-type":"","background-media":"","overlay-type":"","overlay-color":"","overlay-opacity":"","overlay-gradient":""},"mobile":{"background-color":"","background-image":"","background-repeat":"repeat","background-position":"center center","background-size":"auto","background-attachment":"scroll","background-type":"","background-media":"","overlay-type":"","overlay-color":"","overlay-opacity":"","overlay-gradient":""}},"ast-content-background-meta":{"desktop":{"background-color":"var(--ast-global-color-5)","background-image":"","background-repeat":"repeat","background-position":"center center","background-size":"auto","background-attachment":"scroll","background-type":"","background-media":"","overlay-type":"","overlay-color":"","overlay-opacity":"","overlay-gradient":""},"tablet":{"background-color":"var(--ast-global-color-5)","background-image":"","background-repeat":"repeat","background-position":"center center","background-size":"auto","background-attachment":"scroll","background-type":"","background-media":"","overlay-type":"","overlay-color":"","overlay-opacity":"","overlay-gradient":""},"mobile":{"background-color":"var(--ast-global-color-5)","background-image":"","background-repeat":"repeat","background-position":"center center","background-size":"auto","background-attachment":"scroll","background-type":"","background-media":"","overlay-type":"","overlay-color":"","overlay-opacity":"","overlay-gradient":""}},"footnotes":""},"categories":[16],"tags":[],"class_list":["post-668","post","type-post","status-publish","format-standard","has-post-thumbnail","hentry","category-archives-cms"],"_links":{"self":[{"href":"https:\/\/lavoiedessansvoix.fr\/lavoie\/wp-json\/wp\/v2\/posts\/668","targetHints":{"allow":["GET"]}}],"collection":[{"href":"https:\/\/lavoiedessansvoix.fr\/lavoie\/wp-json\/wp\/v2\/posts"}],"about":[{"href":"https:\/\/lavoiedessansvoix.fr\/lavoie\/wp-json\/wp\/v2\/types\/post"}],"author":[{"embeddable":true,"href":"https:\/\/lavoiedessansvoix.fr\/lavoie\/wp-json\/wp\/v2\/users\/1"}],"replies":[{"embeddable":true,"href":"https:\/\/lavoiedessansvoix.fr\/lavoie\/wp-json\/wp\/v2\/comments?post=668"}],"version-history":[{"count":1,"href":"https:\/\/lavoiedessansvoix.fr\/lavoie\/wp-json\/wp\/v2\/posts\/668\/revisions"}],"predecessor-version":[{"id":3355,"href":"https:\/\/lavoiedessansvoix.fr\/lavoie\/wp-json\/wp\/v2\/posts\/668\/revisions\/3355"}],"wp:featuredmedia":[{"embeddable":true,"href":"https:\/\/lavoiedessansvoix.fr\/lavoie\/wp-json\/wp\/v2\/media\/4251"}],"wp:attachment":[{"href":"https:\/\/lavoiedessansvoix.fr\/lavoie\/wp-json\/wp\/v2\/media?parent=668"}],"wp:term":[{"taxonomy":"category","embeddable":true,"href":"https:\/\/lavoiedessansvoix.fr\/lavoie\/wp-json\/wp\/v2\/categories?post=668"},{"taxonomy":"post_tag","embeddable":true,"href":"https:\/\/lavoiedessansvoix.fr\/lavoie\/wp-json\/wp\/v2\/tags?post=668"}],"curies":[{"name":"wp","href":"https:\/\/api.w.org\/{rel}","templated":true}]}}