{"id":667,"date":"2020-02-16T15:32:00","date_gmt":"2020-02-16T14:32:00","guid":{"rendered":"https:\/\/lavoiedessansvoix.fr\/lavoie\/2020\/02\/16\/archive-referendum-la-peau-de-chagrin-du-cretinisme-democratique-lisez-cet-article-une-s\/"},"modified":"2026-04-26T21:06:19","modified_gmt":"2026-04-26T19:06:19","slug":"archive-referendum-la-peau-de-chagrin-du-cretinisme-democratique-lisez-cet-article-une-s","status":"publish","type":"post","link":"https:\/\/lavoiedessansvoix.fr\/lavoie\/2020\/02\/16\/archive-referendum-la-peau-de-chagrin-du-cretinisme-democratique-lisez-cet-article-une-s\/","title":{"rendered":"REFERENDUM ? LA PEAU DE CHAGRIN DU CR\u00c9TINISME D\u00c9MOCRATIQUE. LISEZ CET ARTICLE, UNE SURPRISE VOUS ATTEND."},"content":{"rendered":"<p>REFERENDUM ?LA PEAU DE CHAGRIN DU CR\u00c9TINISME D\u00c9MOCRATIQUE.LISEZ CET ARTICLE, UNE SURPRISE VOUS ATTEND.Jean-Luc M\u00e9lanchon et C\u00e9cile Duflot, S\u00e9gol\u00e8ne Royal, Arnaud Montebourg et d\u2019autre, se sont prononc\u00e9s pour l\u2019organisation d\u2019un r\u00e9f\u00e9rendum d\u2019initiative populaire sur la r\u00e9forme des retraites.De prime abord, l\u2019id\u00e9e parait aguichante, en effet, et sans grand secret quant au r\u00e9sultat, si on en juge par l\u2019opposition massive que les Fran\u00e7ais font connaitre au projet du gouvernement, tant dans les manifestations que dans les sondages. Le 23 septembre, l\u2019hebdomadaire \u00ab Marianne \u00bb posait la question : \u00ab . et si le r\u00e9f\u00e9rendum \u00e9tait la meilleure des armes ? \u00bb Or, cette proposition, d\u2019apparence anodine et bonne enfant, ainsi par\u00e9e des atours les plus s\u00e9duisants de \u00ab la d\u00e9mocratie \u00bb, constitue en v\u00e9rit\u00e9 une agression innommable contre les droits \u00e9l\u00e9mentaires du travail. Oui, le r\u00e9f\u00e9rendum est la meilleure des armes, mais contre la mobilisation populaire et contre le mouvement social.Alors que l\u2019action collective (syndicale, gr\u00e9viste,) a pour fondement de lutter contre la dispersion individuelle des travailleurs face \u00e0 la puissance du capital, le recours \u00e0 la d\u00e9mocratie \u00e9lective a pour cons\u00e9quence de d\u00e9nouer ce lien social, et de ramener le monde du travail \u00e0 la case d\u00e9part, celle de l\u2019atomisation originelle. Dans le processus \u00e9lectif, les salari\u00e9s ne sont plus une force collective organis\u00e9e, consciente de ses droits et mobilis\u00e9e pour leur d\u00e9fense, mais un agglom\u00e9rat d\u2019\u00e9lecteurs isol\u00e9s.Ce qui, au demeurant, justifie le syndicalisme et l\u2019organisation collective du monde du travail, c\u2019est la conscience qu\u2019il existe dans la vie \u00e9conomique des int\u00e9r\u00eats dissemblables, voire m\u00eame contradictoires, entre capital et travail. *. Le recours \u00e0 la voie \u00e9lective a pour cons\u00e9quence de gommer cette conscience en lui substituant l\u2019illusion d\u00e9mocratique : \u00ab nous sommes tous de simples \u00ab \u00e9lecteurs \u00bb, dans les isoloirs de la R\u00e9publique, patrons et ouvriers nous sommes tous des citoyens, \u00e9gaux en droits (un homme une voix), nous sommes tous des \u00ab fr\u00e8res \u00bb chr\u00e9tiens, comme dans la conception du syndicalisme de m\u00eame ob\u00e9dience. \u00bbLa d\u00e9mocratie (nous voulons ici parler du concept non de la d\u00e9mocratie r\u00e9elle qui se pratique dans notre cinqui\u00e8me R\u00e9publique qui n\u2019en est qu\u2019un ersatz), est une chose trop s\u00e9rieuse pour qu\u2019on la d\u00e9nature. Elle n\u2019est pas tout enti\u00e8re contenue dans la pratique du suffrage universel. La r\u00e8gle majoritaire qui est certes incontournable en mati\u00e8re de d\u00e9cision politique (collective) est la r\u00e8gle n\u00e9cessaire de fonctionnement des d\u00e9mocraties \u00e9lectives, c\u2019est l\u2019outil indispensable de \u00ab l\u2019ex\u00e9cutif \u00bb. Mais suffrage universel et r\u00e8gle majoritaire ne r\u00e9sument pas encore \u00e0 eux deux l\u2019essence de la d\u00e9mocratie. La d\u00e9mocratie, c\u2019est tout autant le respect des droits des minorit\u00e9s. (Sans quoi, la r\u00e8gle majoritaire n\u2019est plus une r\u00e8gle d\u00e9mocratique, mais le voile populiste d\u2019une certaine forme de dictature). Quand dans certaines consultations locales non officielles, \u00e0 propos de l\u2019ouverture des commerces le dimanche, les m\u00eames personnes consult\u00e9es r\u00e9pondent majoritairement qu\u2019elles sont pour, et tout aussi majoritairement qu\u2019elles ne sont personnellement pas d\u2019accord pour travailler le dimanche, on voit ressurgir la contradiction fondamentale et l\u2019on pointe du doigt toute l\u2019absurdit\u00e9 de cette d\u00e9marche \u00e9lective. On a vu, dans de r\u00e9cents \u00ab r\u00e9f\u00e9rendums d\u2019entreprise \u00bb \u00e0 quelles d\u00e9rives et \u00e0 quelle nocivit\u00e9, cela conduit. Transpos\u00e9e dans la gestion des rapports sociaux fondamentaux, qui mettent en jeux des int\u00e9r\u00eats contradictoires inconciliables, la d\u00e9marche \u00e9lective devient \u00ab illusion \u00bb ou plus grave \u00ab cr\u00e9tinisme d\u00e9mocratique. \u00bbCeux qui militent pour l\u2019organisation d\u2019un r\u00e9f\u00e9rendum sur les retraites ont-ils song\u00e9 que cette approche de la gestion des rapports sociaux du travail est potentiellement destructrice des fondements de ce qu\u2019ils appellent \u00ab le partenariat social \u00bb piliers fondamentaux de la mod\u00e9ration sociale \u00e0 laquelle ils paraissent pourtant tellement attach\u00e9s ?Des gr\u00e8ves reconductibles sont annonc\u00e9es, \u00e0 partir du 12 octobre, dans un grand nombre de secteurs. Que ce mouvement se g\u00e9n\u00e9ralise et se renforce, voil\u00e0 quelle est la bonne voie. Par leur mobilisation, par la prise en main, eux-m\u00eames, de leur propre destin, les salari\u00e9s, les travailleurs, renoueront avec la conscience de leur existence en tant que \u00ab groupe \u00bb social, de leur destin commun, de leur force collective. Et cette r\u00e9surrection du mouvement est bien plus importante pour la suite de la r\u00e9sistance sociale n\u00e9cessaire que toutes les finasseries \u00e9lectorales des c\u00e9nacles politiques.Certains se sont peut-\u00eatre fourvoy\u00e9s dans cette initiative, sans avoir pris toute la mesure de la chose. Il est encore temps pour eux de se raviser. Il n\u2019y a pas de honte \u00e0 faire une erreur lorsqu\u2019on la reconnait humblement et corrige sa trajectoire. Quant aux autres, \u00e0 ceux qui s\u2019obstineront dans cette direction, il nous faut poser la question : n\u2019est-ce pas pr\u00e9cis\u00e9ment cela qui tracasse nos \u00e9narques, de droites et de gauches, la crainte, \u00e0 cette occasion, de voir, tel le Ph\u00e9nix qui rena\u00eet de ses cendres, ressurgir le mouvement social, avec sa puissance propre, et sa radicalit\u00e9, pas facile \u00e0 canaliser. N\u2019est-ce pas la raison pour laquelle ils voudraient le voir l\u00e2cher la proie pour l\u2019ombre ? N\u2019est-ce pas la raison de cette proposition saugrenue de r\u00e9f\u00e9rendum : substituer \u00e0 la puissance mobilis\u00e9e des forces vives du pays, la peau de chagrin du cr\u00e9tinisme d\u00e9mocratique ?Patrick Seignon. \u00ab lavoiedessansvoix.fr \u00bb 7 octobre 2010Surprise ? 7 octobre 2010. Elle est l\u00e0 la surprise. Vous avez bien lu ! Cet article a v\u00e9ritablement \u00e9t\u00e9 \u00e9crit et publi\u00e9 il y a 10 ans. Il n\u2019a pas pris une ride. Et si certains, les m\u00eames vous le constatez, r\u00e9it\u00e8rent les m\u00eames absurdit\u00e9s, la r\u00e9ponse \u00e0 leur faire n\u2019a pas chang\u00e9. Je n\u2019ai aucun besoin d\u2019\u00e9crire en 2020 un article pour r\u00e9pondre aux M\u00e9lenchons, \u2026\u2026\u2026., et \u2026\u2026\u2026\u2026 d\u2019aujourd\u2019hui. La r\u00e9ponse leur a d\u00e9j\u00e0 \u00e9t\u00e9 faite il y a dix ans et elle n\u2019a rien perdu de sa force ni de sa v\u00e9rit\u00e9. P.S.<\/p>\n","protected":false},"excerpt":{"rendered":"<p>REFERENDUM ?LA PEAU DE CHAGRIN DU CR\u00c9TINISME D\u00c9MOCRATIQUE.LISEZ CET ARTICLE, UNE SURPRISE VOUS ATTEND.Jean-Luc M\u00e9lanchon et C\u00e9cile Duflot, S\u00e9gol\u00e8ne Royal, [&hellip;]<\/p>\n","protected":false},"author":1,"featured_media":4250,"comment_status":"open","ping_status":"open","sticky":false,"template":"","format":"standard","meta":{"sfsi_plus_gutenberg_text_before_share":"","sfsi_plus_gutenberg_show_text_before_share":"","sfsi_plus_gutenberg_icon_type":"","sfsi_plus_gutenberg_icon_alignemt":"","sfsi_plus_gutenburg_max_per_row":"","site-sidebar-layout":"default","site-content-layout":"","ast-site-content-layout":"default","site-content-style":"default","site-sidebar-style":"default","ast-global-header-display":"","ast-banner-title-visibility":"","ast-main-header-display":"","ast-hfb-above-header-display":"","ast-hfb-below-header-display":"","ast-hfb-mobile-header-display":"","site-post-title":"","ast-breadcrumbs-content":"","ast-featured-img":"","footer-sml-layout":"","ast-disable-related-posts":"","theme-transparent-header-meta":"","adv-header-id-meta":"","stick-header-meta":"","header-above-stick-meta":"","header-main-stick-meta":"","header-below-stick-meta":"","astra-migrate-meta-layouts":"default","ast-page-background-enabled":"default","ast-page-background-meta":{"desktop":{"background-color":"var(--ast-global-color-4)","background-image":"","background-repeat":"repeat","background-position":"center center","background-size":"auto","background-attachment":"scroll","background-type":"","background-media":"","overlay-type":"","overlay-color":"","overlay-opacity":"","overlay-gradient":""},"tablet":{"background-color":"","background-image":"","background-repeat":"repeat","background-position":"center center","background-size":"auto","background-attachment":"scroll","background-type":"","background-media":"","overlay-type":"","overlay-color":"","overlay-opacity":"","overlay-gradient":""},"mobile":{"background-color":"","background-image":"","background-repeat":"repeat","background-position":"center center","background-size":"auto","background-attachment":"scroll","background-type":"","background-media":"","overlay-type":"","overlay-color":"","overlay-opacity":"","overlay-gradient":""}},"ast-content-background-meta":{"desktop":{"background-color":"var(--ast-global-color-5)","background-image":"","background-repeat":"repeat","background-position":"center center","background-size":"auto","background-attachment":"scroll","background-type":"","background-media":"","overlay-type":"","overlay-color":"","overlay-opacity":"","overlay-gradient":""},"tablet":{"background-color":"var(--ast-global-color-5)","background-image":"","background-repeat":"repeat","background-position":"center center","background-size":"auto","background-attachment":"scroll","background-type":"","background-media":"","overlay-type":"","overlay-color":"","overlay-opacity":"","overlay-gradient":""},"mobile":{"background-color":"var(--ast-global-color-5)","background-image":"","background-repeat":"repeat","background-position":"center center","background-size":"auto","background-attachment":"scroll","background-type":"","background-media":"","overlay-type":"","overlay-color":"","overlay-opacity":"","overlay-gradient":""}},"footnotes":""},"categories":[16],"tags":[],"class_list":["post-667","post","type-post","status-publish","format-standard","has-post-thumbnail","hentry","category-archives-cms"],"_links":{"self":[{"href":"https:\/\/lavoiedessansvoix.fr\/lavoie\/wp-json\/wp\/v2\/posts\/667","targetHints":{"allow":["GET"]}}],"collection":[{"href":"https:\/\/lavoiedessansvoix.fr\/lavoie\/wp-json\/wp\/v2\/posts"}],"about":[{"href":"https:\/\/lavoiedessansvoix.fr\/lavoie\/wp-json\/wp\/v2\/types\/post"}],"author":[{"embeddable":true,"href":"https:\/\/lavoiedessansvoix.fr\/lavoie\/wp-json\/wp\/v2\/users\/1"}],"replies":[{"embeddable":true,"href":"https:\/\/lavoiedessansvoix.fr\/lavoie\/wp-json\/wp\/v2\/comments?post=667"}],"version-history":[{"count":1,"href":"https:\/\/lavoiedessansvoix.fr\/lavoie\/wp-json\/wp\/v2\/posts\/667\/revisions"}],"predecessor-version":[{"id":3353,"href":"https:\/\/lavoiedessansvoix.fr\/lavoie\/wp-json\/wp\/v2\/posts\/667\/revisions\/3353"}],"wp:featuredmedia":[{"embeddable":true,"href":"https:\/\/lavoiedessansvoix.fr\/lavoie\/wp-json\/wp\/v2\/media\/4250"}],"wp:attachment":[{"href":"https:\/\/lavoiedessansvoix.fr\/lavoie\/wp-json\/wp\/v2\/media?parent=667"}],"wp:term":[{"taxonomy":"category","embeddable":true,"href":"https:\/\/lavoiedessansvoix.fr\/lavoie\/wp-json\/wp\/v2\/categories?post=667"},{"taxonomy":"post_tag","embeddable":true,"href":"https:\/\/lavoiedessansvoix.fr\/lavoie\/wp-json\/wp\/v2\/tags?post=667"}],"curies":[{"name":"wp","href":"https:\/\/api.w.org\/{rel}","templated":true}]}}