{"id":665,"date":"2020-02-16T16:07:00","date_gmt":"2020-02-16T15:07:00","guid":{"rendered":"https:\/\/lavoiedessansvoix.fr\/lavoie\/2020\/02\/16\/archive-la-branlee\/"},"modified":"2026-04-26T21:06:01","modified_gmt":"2026-04-26T19:06:01","slug":"archive-la-branlee","status":"publish","type":"post","link":"https:\/\/lavoiedessansvoix.fr\/lavoie\/2020\/02\/16\/archive-la-branlee\/","title":{"rendered":"LA \u00ab BRANL\u00c9E \u00bb"},"content":{"rendered":"<p>LA \u00ab BRANL\u00c9E \u00bbVoil\u00e0 un pr\u00e9tendu homme m\u00fbr et p\u00e8re de famille, ministre et moralisateur \u00e0 ses heures, au demeurant homme de confiance du prince qui se \u00ab branle \u00bb et se \u00ab sealfise \u00bb comme un ado attard\u00e9 et lubrique.Et il ose, pas m\u00eame le rouge au front, se montrer encore en public. Certes il se retire de la course \u00e0 la Mairie de Paris. Mais n\u2019est-ce pas de toute existence publique qu\u2019un pareil ostrogot devrait disparaitre ?Que risque cet homme, rien bien s\u00fbr au plan judiciaire, il n\u2019est pas interdit de se branler et la prise d\u2019image qui \u00ab ressort \u00bb de la sph\u00e8re priv\u00e9e n\u2019aurait jamais d\u00fb en \u00ab ressortir \u00bb. Alors ce sont ceux qui ont divulgu\u00e9 des images intimes qui sont expos\u00e9s \u00e0 des poursuites et menac\u00e9s d\u00e9j\u00e0 des foudres d\u2019une justice \u00e0 deux vitesses, la m\u00eame qui a extrait r\u00e9cemment Patrick Balkany de sa ge\u00f4le parce qu\u2019il ne se plaisait pas en prison.Menac\u00e9s de poursuites judiciaires ceux qui ont divulgu\u00e9es ces images ? Ne conviendrait-il pas plut\u00f4t de les assimiler \u00e0 des \u00ab lanceurs d\u2019alertes \u00bb ? ne convient-il pas plut\u00f4t de les remercier d\u2019avoir mis en lumi\u00e8re l\u2019immaturit\u00e9, la morgue, l\u2019insondable b\u00eatise incapacitante de certains individus qui se pavanent sur les plates-bandes ou dans les plus hautes sph\u00e8res du pouvoir ? Griveaux \u00ab se branle \u00bb\u2026. Macron \u00ab s\u2019en branle \u00bb depuis 2 ans et demi de \u00ab tous ces cons \u00bb qui protestent, qui manifestent et font gr\u00e8ve, qui d\u00e9missionnent jettent leurs blouses blanches ou bleues ou leurs hermines. Alors puisque ces graveleux aiment tant se masturber, ne serait-il pas judicieux de leur en fiche une sacr\u00e9e de branl\u00e9e ?Patrick Seignon. \u00ab lavoiedessansvoix.fr \u00bb. samedi 15 f\u00e9vrier 2020.<\/p>\n","protected":false},"excerpt":{"rendered":"<p>LA \u00ab BRANL\u00c9E \u00bbVoil\u00e0 un pr\u00e9tendu homme m\u00fbr et p\u00e8re de famille, ministre et moralisateur \u00e0 ses heures, au demeurant [&hellip;]<\/p>\n","protected":false},"author":1,"featured_media":4248,"comment_status":"open","ping_status":"open","sticky":false,"template":"","format":"standard","meta":{"sfsi_plus_gutenberg_text_before_share":"","sfsi_plus_gutenberg_show_text_before_share":"","sfsi_plus_gutenberg_icon_type":"","sfsi_plus_gutenberg_icon_alignemt":"","sfsi_plus_gutenburg_max_per_row":"","site-sidebar-layout":"default","site-content-layout":"","ast-site-content-layout":"default","site-content-style":"default","site-sidebar-style":"default","ast-global-header-display":"","ast-banner-title-visibility":"","ast-main-header-display":"","ast-hfb-above-header-display":"","ast-hfb-below-header-display":"","ast-hfb-mobile-header-display":"","site-post-title":"","ast-breadcrumbs-content":"","ast-featured-img":"","footer-sml-layout":"","ast-disable-related-posts":"","theme-transparent-header-meta":"","adv-header-id-meta":"","stick-header-meta":"","header-above-stick-meta":"","header-main-stick-meta":"","header-below-stick-meta":"","astra-migrate-meta-layouts":"default","ast-page-background-enabled":"default","ast-page-background-meta":{"desktop":{"background-color":"var(--ast-global-color-4)","background-image":"","background-repeat":"repeat","background-position":"center center","background-size":"auto","background-attachment":"scroll","background-type":"","background-media":"","overlay-type":"","overlay-color":"","overlay-opacity":"","overlay-gradient":""},"tablet":{"background-color":"","background-image":"","background-repeat":"repeat","background-position":"center center","background-size":"auto","background-attachment":"scroll","background-type":"","background-media":"","overlay-type":"","overlay-color":"","overlay-opacity":"","overlay-gradient":""},"mobile":{"background-color":"","background-image":"","background-repeat":"repeat","background-position":"center center","background-size":"auto","background-attachment":"scroll","background-type":"","background-media":"","overlay-type":"","overlay-color":"","overlay-opacity":"","overlay-gradient":""}},"ast-content-background-meta":{"desktop":{"background-color":"var(--ast-global-color-5)","background-image":"","background-repeat":"repeat","background-position":"center center","background-size":"auto","background-attachment":"scroll","background-type":"","background-media":"","overlay-type":"","overlay-color":"","overlay-opacity":"","overlay-gradient":""},"tablet":{"background-color":"var(--ast-global-color-5)","background-image":"","background-repeat":"repeat","background-position":"center center","background-size":"auto","background-attachment":"scroll","background-type":"","background-media":"","overlay-type":"","overlay-color":"","overlay-opacity":"","overlay-gradient":""},"mobile":{"background-color":"var(--ast-global-color-5)","background-image":"","background-repeat":"repeat","background-position":"center center","background-size":"auto","background-attachment":"scroll","background-type":"","background-media":"","overlay-type":"","overlay-color":"","overlay-opacity":"","overlay-gradient":""}},"footnotes":""},"categories":[16],"tags":[],"class_list":["post-665","post","type-post","status-publish","format-standard","has-post-thumbnail","hentry","category-archives-cms"],"_links":{"self":[{"href":"https:\/\/lavoiedessansvoix.fr\/lavoie\/wp-json\/wp\/v2\/posts\/665","targetHints":{"allow":["GET"]}}],"collection":[{"href":"https:\/\/lavoiedessansvoix.fr\/lavoie\/wp-json\/wp\/v2\/posts"}],"about":[{"href":"https:\/\/lavoiedessansvoix.fr\/lavoie\/wp-json\/wp\/v2\/types\/post"}],"author":[{"embeddable":true,"href":"https:\/\/lavoiedessansvoix.fr\/lavoie\/wp-json\/wp\/v2\/users\/1"}],"replies":[{"embeddable":true,"href":"https:\/\/lavoiedessansvoix.fr\/lavoie\/wp-json\/wp\/v2\/comments?post=665"}],"version-history":[{"count":1,"href":"https:\/\/lavoiedessansvoix.fr\/lavoie\/wp-json\/wp\/v2\/posts\/665\/revisions"}],"predecessor-version":[{"id":3349,"href":"https:\/\/lavoiedessansvoix.fr\/lavoie\/wp-json\/wp\/v2\/posts\/665\/revisions\/3349"}],"wp:featuredmedia":[{"embeddable":true,"href":"https:\/\/lavoiedessansvoix.fr\/lavoie\/wp-json\/wp\/v2\/media\/4248"}],"wp:attachment":[{"href":"https:\/\/lavoiedessansvoix.fr\/lavoie\/wp-json\/wp\/v2\/media?parent=665"}],"wp:term":[{"taxonomy":"category","embeddable":true,"href":"https:\/\/lavoiedessansvoix.fr\/lavoie\/wp-json\/wp\/v2\/categories?post=665"},{"taxonomy":"post_tag","embeddable":true,"href":"https:\/\/lavoiedessansvoix.fr\/lavoie\/wp-json\/wp\/v2\/tags?post=665"}],"curies":[{"name":"wp","href":"https:\/\/api.w.org\/{rel}","templated":true}]}}