{"id":664,"date":"2020-03-01T06:06:00","date_gmt":"2020-03-01T05:06:00","guid":{"rendered":"https:\/\/lavoiedessansvoix.fr\/lavoie\/2020\/03\/01\/archive-49-3-ils-ont-passe-le-rubicon\/"},"modified":"2026-04-26T21:05:50","modified_gmt":"2026-04-26T19:05:50","slug":"archive-49-3-ils-ont-passe-le-rubicon","status":"publish","type":"post","link":"https:\/\/lavoiedessansvoix.fr\/lavoie\/2020\/03\/01\/archive-49-3-ils-ont-passe-le-rubicon\/","title":{"rendered":"49-3 : ILS ONT PASSE LE \u00ab RUBICON \u00bb"},"content":{"rendered":"<p>49-3 : ILS ONT PASSE LE \u00ab RUBICON \u00bbSon projet de r\u00e9forme des retraites largement rejet\u00e9 par l\u2019opinion g\u00e9n\u00e9rale, massivement contest\u00e9 par les gr\u00e8ves et manifestations communes ou particuli\u00e8res d\u2019une multitude de cat\u00e9gories sociales et professions, emp\u00eatr\u00e9 dans l\u2019amateurisme du gouvernement, retoqu\u00e9 par le conseil d\u2019Etat, g\u00e9n\u00e9rant de plus en plus de doutes dans les m\u00e9dias et les rangs de la droite politique et du carr\u00e9 m\u00eame des \u00ab godillots marcheurs \u00bb, qui eut cru que ce gouvernement dont l\u2019outrecuidance n\u2019est pourtant plus \u00e0 d\u00e9montrer, oserait pousser celle-ci si loin ?Certes ce n\u2019est pas la premi\u00e8re fois, sous la 5\u00e8me R\u00e9publique que des gouvernements font usage du dispositif \u00ab autoritaire \u00bb qu\u2019est le \u00ab 49-3 \u00bb. Cela ne justifie pas pour autant le nouvel usage qui en est fait. La seule preuve historique qu\u2019ass\u00e8ne le dernier recours en date au 49-3, c\u2019est celle du \u00ab coup d\u2019\u00c9tat permanent \u00bb qui est la caract\u00e9ristique de la 5\u00e8me R\u00e9publique. La seule v\u00e9ritable d\u00e9monstration \u00e0 laquelle parvient Edouard Philippe en usant de \u00ab cette LBD parlementaire \u00bb comme l\u2019a dit Adrien Quatennens, c\u2019est celle du caract\u00e8re autoritaire de la constitution en cours, et le point de non-retour dans l\u2019autoritarisme auquel celle-ci est parvenue sous l\u2019impulsion d\u2019une \u00e9quipe de brutes. Oui, Le 49-3 a \u00e9t\u00e9 \u00ab d\u00e9gain\u00e9 \u00bb maintes fois dans le pass\u00e9. Mais jamais aucun gouvernement n\u2019avait os\u00e9 en faire usage dans une situation sociale et politique aussi d\u00e9grad\u00e9e, \u00e0 15 jours de l\u2019\u00e9ch\u00e9ance \u00e9lectorale des municipales. Jamais aucun gouvernement n\u2019avait os\u00e9 ainsi prendre \u00e0 rebrousse poils la majorit\u00e9 \u00e9crasante et incontestable de l\u2019opinion, \u00e0 tel point que le recours au 49-3 d\u00e9cid\u00e9 hier par le gouvernement Philippe s\u2019apparente, plus qu\u2019\u00e0 un crachat \u00e0 la face de \u00ab Marianne \u00bb plus qu\u2019\u00e0 une insulte au peuple, \u00e0 une v\u00e9ritable provocation. Ce gouvernement sous la conduite du Monarque R\u00e9publicain arrogant et hautain qui tr\u00f4ne \u00e0 l\u2019\u00c9lys\u00e9e, est un authentique gouvernement de guerre civile. Par ce nouvel attentat contre l\u2019opinion publique et la d\u00e9mocratie, il vient de signifier clairement au peuple de France, qu\u2019il avait l\u2019intention de parvenir \u00e0 ses fins fusse par les moyens de la coercition et au prix d\u2019une vaste action r\u00e9pressive. Tenez-vous le pour dit citoyens, la 5\u00e8me R\u00e9publique, mais n\u2019\u00e9tait-ce pas inscrit dans son capital g\u00e9n\u00e9tique, baroude lourdement \u00e0 pr\u00e9sent dans les mar\u00e9cages de la dictature.Le peuple de France ne doit pas se laisser ainsi r\u00e9duire en servitude. Le peuple de France qui a grav\u00e9 quelques-unes des plus nobles pages de l\u2019Histoire universelle, refond\u00e9 la d\u00e9mocratie moderne \u00e9crit la d\u00e9claration des droits de l\u2019Homme et du citoyen, s\u2019en laisserait il ainsi conter ?La riposte doit \u00eatre imm\u00e9diate et terrible. Il faut faire rendre gorge et sans attendre \u00e0 ces aspirants Tyrans et dictateurs. Il faut balayer les institutions de la 5\u00e8me R\u00e9publique au vent de l\u2019Histoire avec le morveux aux pr\u00e9tentions bonapartistes qui en est la cl\u00e9 de vo\u00fbte et le garant actuel. Fiers, t\u00eates hautes, combatifs et d\u00e9termin\u00e9s, pr\u00e9parez-vous amis \u00e0 r\u00e9pondre en masse aux appels \u00e0 la mobilisation et \u00e0 la lutte. Patrick Seignon. \u00ab lavoiedessansvoix.fr \u00bb. Dimanche 1er mars 2020.<\/p>\n","protected":false},"excerpt":{"rendered":"<p>49-3 : ILS ONT PASSE LE \u00ab RUBICON \u00bbSon projet de r\u00e9forme des retraites largement rejet\u00e9 par l\u2019opinion g\u00e9n\u00e9rale, massivement [&hellip;]<\/p>\n","protected":false},"author":1,"featured_media":4247,"comment_status":"open","ping_status":"open","sticky":false,"template":"","format":"standard","meta":{"sfsi_plus_gutenberg_text_before_share":"","sfsi_plus_gutenberg_show_text_before_share":"","sfsi_plus_gutenberg_icon_type":"","sfsi_plus_gutenberg_icon_alignemt":"","sfsi_plus_gutenburg_max_per_row":"","site-sidebar-layout":"default","site-content-layout":"","ast-site-content-layout":"default","site-content-style":"default","site-sidebar-style":"default","ast-global-header-display":"","ast-banner-title-visibility":"","ast-main-header-display":"","ast-hfb-above-header-display":"","ast-hfb-below-header-display":"","ast-hfb-mobile-header-display":"","site-post-title":"","ast-breadcrumbs-content":"","ast-featured-img":"","footer-sml-layout":"","ast-disable-related-posts":"","theme-transparent-header-meta":"","adv-header-id-meta":"","stick-header-meta":"","header-above-stick-meta":"","header-main-stick-meta":"","header-below-stick-meta":"","astra-migrate-meta-layouts":"default","ast-page-background-enabled":"default","ast-page-background-meta":{"desktop":{"background-color":"var(--ast-global-color-4)","background-image":"","background-repeat":"repeat","background-position":"center center","background-size":"auto","background-attachment":"scroll","background-type":"","background-media":"","overlay-type":"","overlay-color":"","overlay-opacity":"","overlay-gradient":""},"tablet":{"background-color":"","background-image":"","background-repeat":"repeat","background-position":"center center","background-size":"auto","background-attachment":"scroll","background-type":"","background-media":"","overlay-type":"","overlay-color":"","overlay-opacity":"","overlay-gradient":""},"mobile":{"background-color":"","background-image":"","background-repeat":"repeat","background-position":"center center","background-size":"auto","background-attachment":"scroll","background-type":"","background-media":"","overlay-type":"","overlay-color":"","overlay-opacity":"","overlay-gradient":""}},"ast-content-background-meta":{"desktop":{"background-color":"var(--ast-global-color-5)","background-image":"","background-repeat":"repeat","background-position":"center center","background-size":"auto","background-attachment":"scroll","background-type":"","background-media":"","overlay-type":"","overlay-color":"","overlay-opacity":"","overlay-gradient":""},"tablet":{"background-color":"var(--ast-global-color-5)","background-image":"","background-repeat":"repeat","background-position":"center center","background-size":"auto","background-attachment":"scroll","background-type":"","background-media":"","overlay-type":"","overlay-color":"","overlay-opacity":"","overlay-gradient":""},"mobile":{"background-color":"var(--ast-global-color-5)","background-image":"","background-repeat":"repeat","background-position":"center center","background-size":"auto","background-attachment":"scroll","background-type":"","background-media":"","overlay-type":"","overlay-color":"","overlay-opacity":"","overlay-gradient":""}},"footnotes":""},"categories":[16],"tags":[],"class_list":["post-664","post","type-post","status-publish","format-standard","has-post-thumbnail","hentry","category-archives-cms"],"_links":{"self":[{"href":"https:\/\/lavoiedessansvoix.fr\/lavoie\/wp-json\/wp\/v2\/posts\/664","targetHints":{"allow":["GET"]}}],"collection":[{"href":"https:\/\/lavoiedessansvoix.fr\/lavoie\/wp-json\/wp\/v2\/posts"}],"about":[{"href":"https:\/\/lavoiedessansvoix.fr\/lavoie\/wp-json\/wp\/v2\/types\/post"}],"author":[{"embeddable":true,"href":"https:\/\/lavoiedessansvoix.fr\/lavoie\/wp-json\/wp\/v2\/users\/1"}],"replies":[{"embeddable":true,"href":"https:\/\/lavoiedessansvoix.fr\/lavoie\/wp-json\/wp\/v2\/comments?post=664"}],"version-history":[{"count":1,"href":"https:\/\/lavoiedessansvoix.fr\/lavoie\/wp-json\/wp\/v2\/posts\/664\/revisions"}],"predecessor-version":[{"id":3347,"href":"https:\/\/lavoiedessansvoix.fr\/lavoie\/wp-json\/wp\/v2\/posts\/664\/revisions\/3347"}],"wp:featuredmedia":[{"embeddable":true,"href":"https:\/\/lavoiedessansvoix.fr\/lavoie\/wp-json\/wp\/v2\/media\/4247"}],"wp:attachment":[{"href":"https:\/\/lavoiedessansvoix.fr\/lavoie\/wp-json\/wp\/v2\/media?parent=664"}],"wp:term":[{"taxonomy":"category","embeddable":true,"href":"https:\/\/lavoiedessansvoix.fr\/lavoie\/wp-json\/wp\/v2\/categories?post=664"},{"taxonomy":"post_tag","embeddable":true,"href":"https:\/\/lavoiedessansvoix.fr\/lavoie\/wp-json\/wp\/v2\/tags?post=664"}],"curies":[{"name":"wp","href":"https:\/\/api.w.org\/{rel}","templated":true}]}}