{"id":661,"date":"2020-04-17T02:13:00","date_gmt":"2020-04-17T00:13:00","guid":{"rendered":"https:\/\/lavoiedessansvoix.fr\/lavoie\/2020\/04\/17\/archive-il-faut-neutraliser-corona-pyrrhus\/"},"modified":"2026-04-26T21:05:22","modified_gmt":"2026-04-26T19:05:22","slug":"archive-il-faut-neutraliser-corona-pyrrhus","status":"publish","type":"post","link":"https:\/\/lavoiedessansvoix.fr\/lavoie\/2020\/04\/17\/archive-il-faut-neutraliser-corona-pyrrhus\/","title":{"rendered":"IL FAUT NEUTRALISER \u00ab CORONA-PYRRHUS \u00bb"},"content":{"rendered":"<p>IL FAUT NEUTRALISER \u00ab CORONA-PYRRHUS \u00bbCe soir-l\u00e0 Macron avait un rendez-vous t\u00e9l\u00e9visuel avec les Fran\u00e7ais. Il devait rendre compte des conclusions que lui avait inspir\u00e9 le \u00ab grand d\u00e9bat \u00bb qu\u2019il avait invent\u00e9 pour occulter dans l\u2019opinion la r\u00e9volte des gilets-jaunes. Un an ! Un an d\u00e9j\u00e0 ! Gla\u00e7ant anniversaire, \u00ab Notre Dame de Paris \u00bb brulait. L\u2019\u0153uvre presque mill\u00e9naire d\u2019un peuple de la foi, d\u2019artistes, de compagnons, d\u2019artisans de g\u00e9nie, partait en fum\u00e9e. Adieu Louis XI, Esm\u00e9ralda Ph\u00e9bus, quasimodo et Victor Hugo, la fl\u00e8che de Violet le Duc s\u2019effondrait dans la nef. Une aubaine pour le petit \u00ab rond de cuir \u00bb qui sauf \u00ab compter \u00bb et \u00ab palper \u00bb n\u2019a jamais rien cr\u00e9\u00e9 de sa vie, et qui allait ainsi pouvoir \u00ab la fermer \u00bb vu qu\u2019il n\u2019avait rien \u00e0 dire. O\u00f9 en est-on un an plus tard ? Le r\u00e9gisseur des Banques qui nous gouvernent at impos\u00e9 par la force une r\u00e9forme des retraites inique dont personne ne veut et d\u00e9daign\u00e9 la p\u00e9tition de plus d\u2019un million de Fran\u00e7ais oppos\u00e9 \u00e0 sa folle politique de privatisation des biens publics  Le pays est au bord de l\u2019explosion. Peut-il aller plus loin dans \u00ab ses r\u00e9formes \u00bb anti populaires ? Voil\u00e0 que s\u2019allume alors un nouvel incendie, \u00ab bact\u00e9riologique \u00bb celui-l\u00e0. Mais cette fois il d\u00e9complexe, il \u00ab l\u2019ouvre toute grande \u00bb ; Il \u00ab l\u2019ouvre \u00bb m\u00eame une fois par semaine, il nous fatigue, il ferait bien de la fermer. Jupit\u00e9rien, d\u2019un geste auguste il fige le pays, \u00ab On est en guerre \u00bb et \u00e0 la fin de la guerre vous savez quoi ? Il faudra relever le pays, l\u2019\u00e9conomie. Et ce sont les pauvres le peuple qui devra trimer, lui et ses comp\u00e8res comme toujours \u00ab compterons et palperons \u00bb. Comment sait-on \u00e7\u00e0 ? C\u2019est simple, on nous joue la m\u00eame \u00ab m\u00e9lodie \u00bb wagn\u00e9rienne apr\u00e8s chaque guerre.Comme l\u2019incendie de Notre Dame la pand\u00e9mie de Corona Virus est une aubaine pour Macron sa bande et ses pots de la finance. Des milliers de petites entreprises vont s\u2019effondrer des dizaines de milliers de ch\u00f4meurs suppl\u00e9mentaires vont se presser derri\u00e8re leurs \u00e9crans d\u2019ordinateurs quand ils en ont. Des milliers choieront dans la marginalit\u00e9 et l\u2019extr\u00eame pauvret\u00e9. La bande \u00e0 Macron, en catimini, \u00e0 coup d\u2019ordonnances effacera (Ils ont d\u00e9j\u00e0 commenc\u00e9) un si\u00e8cle et demi d\u2019acquis sociaux et de protection juridique et sociale des salari\u00e9s au pr\u00e9texte de \u00ab l\u2019effort national qu\u2019il faut bien consentir \u00bb. Et au bout du compte, en haut de la pyramide la concentration du capital fera un bond suppl\u00e9mentaire dans quelques mains de moins en moins nombreuses, celles des pots de\u2026 Vous savez qui ?Depuis que cet homme a \u00e9t\u00e9 \u00e9lu par d\u00e9faut, d\u2019autre ont dit par \u00ab hold-up \u00bb ou par \u00ab effraction \u00bb en 2017, outre l\u2019autodaf\u00e9 du code du travail, les catastrophes n\u2019ont pas cess\u00e9 de s\u2019abattre sur notre peuple et notre pauvre pays.Avril 2019 Incendie de Notre DameAvril 2020 \u00ab Corona virus \u00bbQu\u2019adviendra-t-il en avril 2021 si nous laissons ce calamiteux aux commandes ?Il faut cesser de tergiverser, il faut neutraliser sans plus attendre l&rsquo; Empereur \u00ab Corona Pyrrhus. Patrick Seignon. \u00ab lavoiedessansvoix.fr \u00bb. Jeudi 16 avril 2020.<\/p>\n","protected":false},"excerpt":{"rendered":"<p>IL FAUT NEUTRALISER \u00ab CORONA-PYRRHUS \u00bbCe soir-l\u00e0 Macron avait un rendez-vous t\u00e9l\u00e9visuel avec les Fran\u00e7ais. Il devait rendre compte des [&hellip;]<\/p>\n","protected":false},"author":1,"featured_media":4244,"comment_status":"open","ping_status":"open","sticky":false,"template":"","format":"standard","meta":{"sfsi_plus_gutenberg_text_before_share":"","sfsi_plus_gutenberg_show_text_before_share":"","sfsi_plus_gutenberg_icon_type":"","sfsi_plus_gutenberg_icon_alignemt":"","sfsi_plus_gutenburg_max_per_row":"","site-sidebar-layout":"default","site-content-layout":"","ast-site-content-layout":"default","site-content-style":"default","site-sidebar-style":"default","ast-global-header-display":"","ast-banner-title-visibility":"","ast-main-header-display":"","ast-hfb-above-header-display":"","ast-hfb-below-header-display":"","ast-hfb-mobile-header-display":"","site-post-title":"","ast-breadcrumbs-content":"","ast-featured-img":"","footer-sml-layout":"","ast-disable-related-posts":"","theme-transparent-header-meta":"","adv-header-id-meta":"","stick-header-meta":"","header-above-stick-meta":"","header-main-stick-meta":"","header-below-stick-meta":"","astra-migrate-meta-layouts":"default","ast-page-background-enabled":"default","ast-page-background-meta":{"desktop":{"background-color":"var(--ast-global-color-4)","background-image":"","background-repeat":"repeat","background-position":"center center","background-size":"auto","background-attachment":"scroll","background-type":"","background-media":"","overlay-type":"","overlay-color":"","overlay-opacity":"","overlay-gradient":""},"tablet":{"background-color":"","background-image":"","background-repeat":"repeat","background-position":"center center","background-size":"auto","background-attachment":"scroll","background-type":"","background-media":"","overlay-type":"","overlay-color":"","overlay-opacity":"","overlay-gradient":""},"mobile":{"background-color":"","background-image":"","background-repeat":"repeat","background-position":"center center","background-size":"auto","background-attachment":"scroll","background-type":"","background-media":"","overlay-type":"","overlay-color":"","overlay-opacity":"","overlay-gradient":""}},"ast-content-background-meta":{"desktop":{"background-color":"var(--ast-global-color-5)","background-image":"","background-repeat":"repeat","background-position":"center center","background-size":"auto","background-attachment":"scroll","background-type":"","background-media":"","overlay-type":"","overlay-color":"","overlay-opacity":"","overlay-gradient":""},"tablet":{"background-color":"var(--ast-global-color-5)","background-image":"","background-repeat":"repeat","background-position":"center center","background-size":"auto","background-attachment":"scroll","background-type":"","background-media":"","overlay-type":"","overlay-color":"","overlay-opacity":"","overlay-gradient":""},"mobile":{"background-color":"var(--ast-global-color-5)","background-image":"","background-repeat":"repeat","background-position":"center center","background-size":"auto","background-attachment":"scroll","background-type":"","background-media":"","overlay-type":"","overlay-color":"","overlay-opacity":"","overlay-gradient":""}},"footnotes":""},"categories":[16],"tags":[],"class_list":["post-661","post","type-post","status-publish","format-standard","has-post-thumbnail","hentry","category-archives-cms"],"_links":{"self":[{"href":"https:\/\/lavoiedessansvoix.fr\/lavoie\/wp-json\/wp\/v2\/posts\/661","targetHints":{"allow":["GET"]}}],"collection":[{"href":"https:\/\/lavoiedessansvoix.fr\/lavoie\/wp-json\/wp\/v2\/posts"}],"about":[{"href":"https:\/\/lavoiedessansvoix.fr\/lavoie\/wp-json\/wp\/v2\/types\/post"}],"author":[{"embeddable":true,"href":"https:\/\/lavoiedessansvoix.fr\/lavoie\/wp-json\/wp\/v2\/users\/1"}],"replies":[{"embeddable":true,"href":"https:\/\/lavoiedessansvoix.fr\/lavoie\/wp-json\/wp\/v2\/comments?post=661"}],"version-history":[{"count":1,"href":"https:\/\/lavoiedessansvoix.fr\/lavoie\/wp-json\/wp\/v2\/posts\/661\/revisions"}],"predecessor-version":[{"id":3341,"href":"https:\/\/lavoiedessansvoix.fr\/lavoie\/wp-json\/wp\/v2\/posts\/661\/revisions\/3341"}],"wp:featuredmedia":[{"embeddable":true,"href":"https:\/\/lavoiedessansvoix.fr\/lavoie\/wp-json\/wp\/v2\/media\/4244"}],"wp:attachment":[{"href":"https:\/\/lavoiedessansvoix.fr\/lavoie\/wp-json\/wp\/v2\/media?parent=661"}],"wp:term":[{"taxonomy":"category","embeddable":true,"href":"https:\/\/lavoiedessansvoix.fr\/lavoie\/wp-json\/wp\/v2\/categories?post=661"},{"taxonomy":"post_tag","embeddable":true,"href":"https:\/\/lavoiedessansvoix.fr\/lavoie\/wp-json\/wp\/v2\/tags?post=661"}],"curies":[{"name":"wp","href":"https:\/\/api.w.org\/{rel}","templated":true}]}}