{"id":660,"date":"2020-04-30T17:15:00","date_gmt":"2020-04-30T15:15:00","guid":{"rendered":"https:\/\/lavoiedessansvoix.fr\/lavoie\/2020\/04\/30\/archive-1er-mai-qui-dechante-et-1er-mai-qui-chante\/"},"modified":"2026-04-26T21:05:14","modified_gmt":"2026-04-26T19:05:14","slug":"archive-1er-mai-qui-dechante-et-1er-mai-qui-chante","status":"publish","type":"post","link":"https:\/\/lavoiedessansvoix.fr\/lavoie\/2020\/04\/30\/archive-1er-mai-qui-dechante-et-1er-mai-qui-chante\/","title":{"rendered":"1er MAI QUI DECHANTE ET 1er MAI QUI CHANTE"},"content":{"rendered":"<p>1er MAI QUI DECHANTE ET 1er MAI QUI CHANTEJ\u2019ai commenc\u00e9 \u00e0 travailler \u00e0 15 ans et cette ann\u00e9e-l\u00e0 m\u00eame je me syndiquais pour la premi\u00e8re fois \u00e0 la CGT. La bourse du travail \u00e0 Aix en Provence, si\u00e8ge de l\u2019Union locale \u00e9tait (est toujours) un petit vieil immeuble situ\u00e9 en haut du cours Sextius non loin des anciens thermes. J\u2019ai \u00ab b\u00e9n\u00e9vol\u00e9 \u00bb un temps \u00e0 nettoyer et ranger les caves. Je trouvais des brochures anciennes qui sentaient l\u2019odeur \u00e2cre du papier humide. Ce fut ma v\u00e9ritable premi\u00e8re rencontre avec la litt\u00e9rature syndicale et politique, avec les luttes sociales du pass\u00e9, avec les fant\u00f4mes de nos p\u00e8res et grands-p\u00e8res qui avaient \u00e9t\u00e9 les acteurs du mouvement ouvrier moderne. D\u00e8s ce temps je ne ratai aucune manifestation du premier mai dont je connaissais d\u00e9j\u00e0 un peu l\u2019Histoire tragique et don la symbolique me parlait si fort.Pendant 35 ans au moins je n\u2019ai jamais \u00e9tait absent \u00e0 une manifestation du premier mai, et il y eut m\u00eame quelques ann\u00e9es o\u00f9 j\u2019en fis deux, en un temps ou le courant politique dans lequel je m\u2019\u00e9tais engag\u00e9 faisait ce jour-l\u00e0 sa propre manifestation, non en opposition ni concurrence \u00e0 celle des syndicats, mais compl\u00e9mentaire en quelque sorte. Pour exprimer plus de jeunesse et de combativit\u00e9.Puis v\u00eent un temps des mornes premier Mai de division et de d\u00e9sertion. Des manifestations appesanties, des traines savates, des revendications tellement amorties et d\u00e9natur\u00e9es par la pseudo \u00ab gauche politique \u00bb qu\u2019elles n\u2019avaient plus aucune attractivit\u00e9. Ils \u00e9taient trop mous, trop tristes ces premiers mai l\u00e0, et j\u2019avoue \u00abqu\u2019\u00e0 mon corps d\u00e9fendant \u00bb  j\u2019ai choisi quelques fois de ne pas voir pour ne pas trop souffrir. Je ne pouvais supporter une telle d\u00e9liquescence de ce qui aurait d\u00fb \u00eatre une journ\u00e9e de lutte joyeuse et ardente.Je n\u2019avais pourtant pas tout vu. Voil\u00e0 venu le 1er Mai 2020, le plus triste de mon existence militante. Je n\u2019aurais pas m\u00eame cette fois l\u2019heur de choisir de manifester ou pas. Il n\u2019y aura pas de manifestation, pas de premier MAI. Le \u00ab Corona virus \u00bb a tu\u00e9 la journ\u00e9e internationale de lutte des travailleurs.Le 17 novembre 2018 se levait le mouvement des \u00ab Gilets-Jaunes \u00bb. A l\u2019approche du premier mai 2019 nous milit\u00e2mes ardemment pour un \u00ab Ier Mai de convergence des luttes \u00bb. Dans les mois qui suivirent un d\u00e9but de convergence se manifesta dans les luttes et manifestations contre la r\u00e9forme des retraites. La France sociale bouillonnait toutes cat\u00e9gories confondues et m\u00eame la tortue des centurions parlementaire de la \u00ab majorit\u00e9 \u00bb commen\u00e7ait \u00e0 se d\u00e9liter. C\u2019est alors, \u00ab semblant crever le ciel, qu\u2019a surgit l\u2019aigle noir \u00bb. La pand\u00e9mie de Corona virus est survenue comme une aubaine, pour un pouvoir discr\u00e9dit\u00e9. C\u2019est elle qui a redonn\u00e9 la main \u00e0 un pr\u00e9sident honni et l\u2019a autoris\u00e9 \u00e0 jouer \u00e0 nouveau \u00ab au chef de la Nation \u00bb. Lui dont plus personne ne voulait entendre la parole fielleuse ni voir la mine m\u00e9prisante. Une chape de plomb c\u2019est abattue sur le pays. Un froid glacial c\u2019est empar\u00e9 des consciences. Plus rien ne bouge sans \u00eatre sollicit\u00e9, la vie sociale c\u2019est fig\u00e9, p\u00e9trifi\u00e9, \u00ab l\u2019autre \u00bb \u00e0 d\u00e9faut d\u2019\u00eatre l\u2019ennemi est d\u00e9j\u00e0 l\u2019\u00e9tranger par o\u00f9 vient le danger. On ne s\u2019embrasse plus, on ne se congratule plus, on se regarde avec suspicion, \u00e0 distance, en chien de fa\u00efence. Il y a toujours sur terre des \u00eatres humains hagards. Mais l\u2019humanit\u00e9 n\u2019est plus, elle a \u00e9t\u00e9 suspendue.Aubaine ! Oui, je l\u2019ai d\u00e9j\u00e0 \u00e9crit pr\u00e9c\u00e9demment, cette calamit\u00e9 des hommes, comme les guerres et les grandes crises, est une aubaine pour les banquiers et les grands maitres d\u2019industries, et bien s\u00fbr pour les gouvernements qui les servent. Des milliers d\u2019entreprises vont mourir, de dizaines de milliers de ch\u00f4meurs suppl\u00e9mentaire vont se presser sur les listes de \u00ab demandeurs d\u2019emploi \u00bb, des dizaines de milliers de personnes vont-\u00eatre pr\u00e9cipit\u00e9es dans l\u2019extr\u00eame pauvret\u00e9, \u00ab les maitres \u00bb vont jouer le refrain de \u00ab l\u2019Union Nationale \u00bb en haut, et de l\u2019effort national pour le peuple d\u2019en bas, appel\u00e9 \u00e0 faire des sacrifices pour \u00ab relever le pays \u00bb. Ce sont des p\u00e9riodes propices \u00e0 l\u2019acc\u00e9l\u00e9ration de la concentration du capital, tout en haut, dans quelques mains de moins en moins nombreuses. Triste 1er mai !A la fin des ann\u00e9es 80 le tocsin de l\u2019Histoire sonna l\u2019effondrement \u00ab du bloc sovi\u00e9tique \u00bb. Mais c\u2019\u00e9tait plus que cela. L\u2019esp\u00e9rance m\u00eame des peuples en un avenir meilleur fut \u00e9teinte. Les tenants et apologistes du syst\u00e8me capitaliste se pavanaient en saluant leur victoire totale sur le mod\u00e8le \u00ab collectiviste \u00bb. C\u2019\u00e9tait la fin de l\u2019Histoire ? Non, en v\u00e9rit\u00e9 c\u2019\u00e9tait plut\u00f4t un recommencement. Sit\u00f4t d\u00e9barrass\u00e9 de l\u2019Hypoth\u00e8que socialiste l\u2019imp\u00e9rialisme capitaliste renoua avec ses vieux d\u00e9mons, ses valeurs fondamentales d\u2019agressivit\u00e9, d\u00e9clenchant (1991) la guerre contre l\u2019Irak, (qui en contenait de nombreuses autres en germe) v\u00e9ritable manifeste de ses intentions de domination plan\u00e9taire.  Trente ann\u00e9es ne se sont pas \u00e9coul\u00e9es que d\u00e9j\u00e0 l\u2019incurie de ce monde dont ils pr\u00e9tendaient faire le fondement de \u00ab du nouvel ordre mondial \u00bb \u00e9clate au grand jour. Le \u00ab Covid 19 est certes une calamit\u00e9. Le capitalisme ultra-lib\u00e9ral en est une, bien plus grande encore. La \u00ab rentabilit\u00e9 \u00bb capitaliste hauss\u00e9 au niveau de valeur fondamentale du monde, la marchandisation de la sant\u00e9. \u00ab Sacrifier une dame de 84 ans souffrant d\u2019insuffisance cardiaque pour sauver un homme de 45 ans \u00bb, c\u2019est \u00ab Mengele \u00bb, c\u2019est le fascisme \u00e0 fleur de peau d\u2019une soci\u00e9t\u00e9 moribonde, c\u2019est la barbarie qui s\u2019empare d\u00e9j\u00e0 de nous et de nos consciences.L\u2019Ultra-lib\u00e9ralisme c\u2019est la barbarie.Ne perdons pas courage \u00ab l\u2019an qui vient est meilleur \u00bb. Ne l\u2019appelle-t-on pas \u00ab la roue \u00bb de l\u2019l\u2019Histoire ? Elle tourne. Et le temps viendra juste apr\u00e8s des pires col\u00e8res et des r\u00e9voltes. Le \u00ab Covid 19 \u00bb a tu\u00e9 la journ\u00e9e internationale de lutte des travailleurs ? Comme Lazare elle ressuscitera, comme le Ph\u00e9nix elle rejaillira plus belle encore. Ils nous volent le premier mai 2020 ? Celui de 2021 n\u2019en sera que plus grand et plus beau et plus terrible. Dans cet avenir si proche nous attends une nouvelle R\u00e9publique populaire et vraiment d\u00e9mocratique que nous allons faire tous ensemble. Patrick Seignon. \u00ab lavoiedessansvoix.fr \u00bb. Jeudi 30 avril 2020.<\/p>\n","protected":false},"excerpt":{"rendered":"<p>1er MAI QUI DECHANTE ET 1er MAI QUI CHANTEJ\u2019ai commenc\u00e9 \u00e0 travailler \u00e0 15 ans et cette ann\u00e9e-l\u00e0 m\u00eame je [&hellip;]<\/p>\n","protected":false},"author":1,"featured_media":4243,"comment_status":"open","ping_status":"open","sticky":false,"template":"","format":"standard","meta":{"sfsi_plus_gutenberg_text_before_share":"","sfsi_plus_gutenberg_show_text_before_share":"","sfsi_plus_gutenberg_icon_type":"","sfsi_plus_gutenberg_icon_alignemt":"","sfsi_plus_gutenburg_max_per_row":"","site-sidebar-layout":"default","site-content-layout":"","ast-site-content-layout":"default","site-content-style":"default","site-sidebar-style":"default","ast-global-header-display":"","ast-banner-title-visibility":"","ast-main-header-display":"","ast-hfb-above-header-display":"","ast-hfb-below-header-display":"","ast-hfb-mobile-header-display":"","site-post-title":"","ast-breadcrumbs-content":"","ast-featured-img":"","footer-sml-layout":"","ast-disable-related-posts":"","theme-transparent-header-meta":"","adv-header-id-meta":"","stick-header-meta":"","header-above-stick-meta":"","header-main-stick-meta":"","header-below-stick-meta":"","astra-migrate-meta-layouts":"default","ast-page-background-enabled":"default","ast-page-background-meta":{"desktop":{"background-color":"var(--ast-global-color-4)","background-image":"","background-repeat":"repeat","background-position":"center center","background-size":"auto","background-attachment":"scroll","background-type":"","background-media":"","overlay-type":"","overlay-color":"","overlay-opacity":"","overlay-gradient":""},"tablet":{"background-color":"","background-image":"","background-repeat":"repeat","background-position":"center center","background-size":"auto","background-attachment":"scroll","background-type":"","background-media":"","overlay-type":"","overlay-color":"","overlay-opacity":"","overlay-gradient":""},"mobile":{"background-color":"","background-image":"","background-repeat":"repeat","background-position":"center center","background-size":"auto","background-attachment":"scroll","background-type":"","background-media":"","overlay-type":"","overlay-color":"","overlay-opacity":"","overlay-gradient":""}},"ast-content-background-meta":{"desktop":{"background-color":"var(--ast-global-color-5)","background-image":"","background-repeat":"repeat","background-position":"center center","background-size":"auto","background-attachment":"scroll","background-type":"","background-media":"","overlay-type":"","overlay-color":"","overlay-opacity":"","overlay-gradient":""},"tablet":{"background-color":"var(--ast-global-color-5)","background-image":"","background-repeat":"repeat","background-position":"center center","background-size":"auto","background-attachment":"scroll","background-type":"","background-media":"","overlay-type":"","overlay-color":"","overlay-opacity":"","overlay-gradient":""},"mobile":{"background-color":"var(--ast-global-color-5)","background-image":"","background-repeat":"repeat","background-position":"center center","background-size":"auto","background-attachment":"scroll","background-type":"","background-media":"","overlay-type":"","overlay-color":"","overlay-opacity":"","overlay-gradient":""}},"footnotes":""},"categories":[16],"tags":[],"class_list":["post-660","post","type-post","status-publish","format-standard","has-post-thumbnail","hentry","category-archives-cms"],"_links":{"self":[{"href":"https:\/\/lavoiedessansvoix.fr\/lavoie\/wp-json\/wp\/v2\/posts\/660","targetHints":{"allow":["GET"]}}],"collection":[{"href":"https:\/\/lavoiedessansvoix.fr\/lavoie\/wp-json\/wp\/v2\/posts"}],"about":[{"href":"https:\/\/lavoiedessansvoix.fr\/lavoie\/wp-json\/wp\/v2\/types\/post"}],"author":[{"embeddable":true,"href":"https:\/\/lavoiedessansvoix.fr\/lavoie\/wp-json\/wp\/v2\/users\/1"}],"replies":[{"embeddable":true,"href":"https:\/\/lavoiedessansvoix.fr\/lavoie\/wp-json\/wp\/v2\/comments?post=660"}],"version-history":[{"count":1,"href":"https:\/\/lavoiedessansvoix.fr\/lavoie\/wp-json\/wp\/v2\/posts\/660\/revisions"}],"predecessor-version":[{"id":3339,"href":"https:\/\/lavoiedessansvoix.fr\/lavoie\/wp-json\/wp\/v2\/posts\/660\/revisions\/3339"}],"wp:featuredmedia":[{"embeddable":true,"href":"https:\/\/lavoiedessansvoix.fr\/lavoie\/wp-json\/wp\/v2\/media\/4243"}],"wp:attachment":[{"href":"https:\/\/lavoiedessansvoix.fr\/lavoie\/wp-json\/wp\/v2\/media?parent=660"}],"wp:term":[{"taxonomy":"category","embeddable":true,"href":"https:\/\/lavoiedessansvoix.fr\/lavoie\/wp-json\/wp\/v2\/categories?post=660"},{"taxonomy":"post_tag","embeddable":true,"href":"https:\/\/lavoiedessansvoix.fr\/lavoie\/wp-json\/wp\/v2\/tags?post=660"}],"curies":[{"name":"wp","href":"https:\/\/api.w.org\/{rel}","templated":true}]}}