{"id":659,"date":"2020-05-01T10:42:00","date_gmt":"2020-05-01T08:42:00","guid":{"rendered":"https:\/\/lavoiedessansvoix.fr\/lavoie\/2020\/05\/01\/archive-plouf\/"},"modified":"2026-04-26T21:05:05","modified_gmt":"2026-04-26T19:05:05","slug":"archive-plouf","status":"publish","type":"post","link":"https:\/\/lavoiedessansvoix.fr\/lavoie\/2020\/05\/01\/archive-plouf\/","title":{"rendered":"PLOUF"},"content":{"rendered":"<p>PLOUFhttps:\/\/lavoiedessansvoix.fr\/forum\/images\/macron.PNGEmmanuel Macron que certains ont voulu pr\u00e9senter comme un \u00ab grand communiquant \u00bb n\u2019a jamais cess\u00e9 depuis qu\u2019il est apparu dans le paysage politique, d\u2019enchainer les maladresses langagi\u00e8res et les\u00ab bourdes oratoires. \u00bb Crise sanitaire oblige, il s\u2019efforce de paraitre s\u00e9rieux et respectueux d\u2019autrui. Il convoque toutes ses capacit\u00e9s de \u00ab self contr\u00f4le \u00bb et d\u2019auto censure. Il ne s\u2019en loupe pas moins. Le voil\u00e0 qui affiche une mine contrite afin de masquer sa face m\u00e9prisante, or le naturel affleure dans son propos sans qu\u2019il puisse rien maitriser, sans m\u00eame qu\u2019il s\u2019en rendre compte.En ce premier Mai 2020 il voulait saisir l\u2019occasion de d\u00e9livrer un message \u00e9logieux \u00e0 l\u2019adresse du monde du travail. Il a bien besoin de caresser les travailleurs dans le sens du poil juste avant de leur infliger la pire r\u00e9gression de l\u2019Histoire sociale. Mais m\u00eame en cette circonstance le m\u00e9pris suinte de ses paroles et empeste son propos.\u00abC&rsquo;est gr\u00e2ce au travail que la nation tient\u00bbExactement le genre de propos mielleux et flatteurs que les maitres \u00ab faux-culs \u00bb adressent \u00e0 leurs domestiques avec une tape sur l\u2019\u00e9paule \u00ab Bonjour mon brave \u00bb et une poign\u00e9e de main \u00ab Vous avez fait du bon travail, continuez comme \u00e7a \u00bb.C\u2019est gr\u00e2ce au travail que la Nation tient ? Flatterie ou m\u00e9pris ? La Nation ne tient pas seulement, ELLE EXISTE gr\u00e2ce au travail, et les gros porcs qui s\u2019engraissent et amassent des fortunes colossales gr\u00e2ce \u00e0 ce qu\u2019ils nomment \u00ab le travail de l\u2019argent \u00bb \u00ab cr\u00e8veraient la gueule ouverte si l\u2019on s\u2019arr\u00eatait de trimer \u00bb. Et Macron le banquier n\u2019aurait pas m\u00eame de place sur cette terre.Le m\u00e9pris sue \u00e0 chaque d\u00e9tour de phrase dans ce court message. \u00abAujourd&rsquo;hui, pas de rassemblement dans nos villes pour f\u00eater, comme nous le faisions depuis tant d&rsquo;ann\u00e9es \u00bb Comme NOUS le faisons. De qui se moque-t-il ? Macron se range dans le rang des travailleurs ? Nous n\u2019avons jamais manifest\u00e9 ni m\u00eame gard\u00e9 les cochons  ensemble monsieur. Il est arriv\u00e9 plus souvent que lorsque nous avons manifest\u00e9 vous nous ayez insult\u00e9 ou envoy\u00e9 vos forces r\u00e9pressives. \u00ab Il indique \u00abavoir une pens\u00e9e en ce jour pour les organisations syndicales qui ne peuvent tenir les traditionnels d\u00e9fil\u00e9s, avoir une pens\u00e9e pour les travailleuses, les travailleurs de notre pays\u00bb. Il a donc une pens\u00e9e pour les syndicats et les travailleurs en ce premier Mai o\u00f9 ils ne peuvent manifester. Mais n\u2019a-t-il pas eu une pens\u00e9e semblable le 1er mai 2019 quand par le d\u00e9ploiement gigantesque de force de police il a interdit la convergence des manifestants sur Paris afin de limiter l\u2019impact de la manifestation cette ann\u00e9e-l\u00e0 ?  Une pens\u00e9e, merci, mais de quel genre ?\u00abEt pourtant, l&rsquo;esprit du 1er mai, cet esprit de solidarit\u00e9 entre les travailleurs, n&rsquo;a peut-\u00eatre jamais \u00e9t\u00e9 aussi puissant, aussi vivant\u00a0\u00bb. Certes la solidarit\u00e9 est un sentiment fort qui nourrit l\u2019esprit du monde du travail, mais ce n\u2019est pas tout ; La solidarit\u00e9 nait de la souffrance et surtout des luttes partag\u00e9es. Or dans tout le message pas la moindre allusion aux luttes fondatrices. Que serait-ce sans elle \u00ab la solidarit\u00e9 \u00bb sinon le partage des pleurs et des lamentations, \u00ab la simple fraternit\u00e9 chr\u00e9tienne \u00bb ? La solidarit\u00e9 du monde du travail n\u2019est pas le seul produit \u00ab du subit\u2019,  c\u2019est un concept noble et fier le ciment unificateur \u00ab du vouloir \u00bb forg\u00e9 au feu des luttes partag\u00e9es et des r\u00e9pressions ; L\u2019isoler de ce contexte est aussi une forme de m\u00e9pris.\u00ab Emmanuel Macron souligne que c&rsquo;est gr\u00e2ce \u00abau travail, au d\u00e9vouement de nos soignants, des personnels de la protection civile, des forces de l&rsquo;ordre, des Arm\u00e9es, que nous sauvons chaque jour tant de vies\u00bb.\u00a0\u00bb  Mais il omet de dire que c\u2019est \u00e0 cause de l\u2019incurie des gouvernements successifs dont le sien, de, l\u2019imp\u00e9ritie, du syst\u00e8me capitaliste ultra lib\u00e9ral dont il est le chantre et le d\u00e9fenseur des valeurs \u00bb de \u00ab profit \u00bb de comp\u00e9titivit\u00e9 \u00bb de \u00ab marchandisation \u00bb que nous avons tant de morts. Or, passer de la pommade \u00e0 ceux qui triment et prennent des risques sans vouloir admettre ses fautes, c\u2019est encore une autre forme de \u00ab je-m\u2019en-foutisme \u00bbet de m\u00e9pris.\u00abPriv\u00e9s des rituels de cette journ\u00e9e, nous en \u00e9prouvons aujourd&rsquo;hui toute la valeur, tout le sens.\u00a0\u00bb Rituels \u00bb Macron ne sait pas de quoi il parle. Il n\u2019est pas l\u00e0 l\u2019invit\u00e9 d\u2019honneur du diner annuel du \u00ab C.R.I.F. \u00bb, on n\u2019est pas dans \u00ab le religieux \u00bb Les travailleurs qui manifestent les premiers mai ne vont pas \u00e0 \u00ab un pardon \u00bb.  Les premiers mai sont des Rendez-vous de luttes et l\u2019occasion de manifester le caract\u00e8re international des luttes ouvri\u00e8res. Quand \u00e0 en \u00e9prouver \u00ab toute la valeur et le sens \u00bb chacun a bien compris que c\u2019est archi faux car cette valeur et ce sens sont d\u2019\u00e9vidence  inaccessible au banquier, qui occulte l\u2019esprit de lutte et de transformation sociale fondateurs de cette manifestation. \u00ab\u00a0Avec cette volont\u00e9 forte: retrouver d\u00e8s que possible les 1er mai joyeux, chamailleurs parfois qui font notre Nation\u00bb.\u00ab Joyeux \u00bb pourquoi pas ? La lutte sociale n\u2019est-elle pas la f\u00eate des opprim\u00e9s ?  Mais \u00ab chamailleurs \u00bb, nous ne sommes pas au village d\u2019Ast\u00e9rix et quoique en disent parfois Macron les Fran\u00e7ais ne peuvent \u00eatre r\u00e9duits \u00e0 la d\u00e9finition de Gaulois r\u00e9fractaires.  On, se dresse fi\u00e8rement, on se bat obstin\u00e9ment pour des salaires des conditions de travail meilleurs, pour notre s\u00e9curit\u00e9 et notre dignit\u00e9, et Macron ne voit dans ces combats \u00ab que des chamailleries \u00bb Encore une fois cela d\u00e9montre en qu\u2019elle m\u00e9sestime il tient les travailleurs qui s\u2019insurgent. Encore une fois ce qu\u2019il con\u00e7oit comme des paroles d\u2019apaisement se r\u00e9v\u00e8lent \u00eatre fort d\u00e9sobligeants. Il y a au demeurant dans l\u2019usage de ce mot de \u00ab chamaillerie \u00bb quelque chose de \u00ab paternaliste et d\u2019infantilisant \u00bb. Macron une fois de plus eut mieux fait de se taire. \u00ab En ce premier Mai 2020 \u00bb avons-nous remarqu\u00e9, \u00ab  Il a bien besoin de caresser les travailleurs dans le sens du poil juste avant de leur infliger les pires r\u00e9gressions de l\u2019Histoire sociale ; \u00bb Il tente un \u00e9loge du travail. Les oisifs et les \u00ab maitre \u00bb en effets ont un besoin vital du travail d\u2019autrui. Mais il ne parvient pas m\u00eame \u00e0 s\u2019\u00e9lever au-dessus de l\u2019esprit de Vichy : \u00ab Travail , Famille, Patrie ; \u00bb Vichy non plus n\u2019avait rien contre le travail ni les gentils travailleurs et \u00ab leurs rituels joyeux \u00bb il leur inventa m\u00eame \u00ab la f\u00eate du travail \u00bb en \u00e9change de \u00ab la journ\u00e9e internationale de lutte \u00bb, et le premier mai f\u00e9ri\u00e9 ch\u00f4m\u00e9 \u00bbNon le premier mai n\u2019est pas la f\u00eate du travail. Le travail est une ali\u00e9nation, ce n\u2019est pas une f\u00eate. Le premier Mai est une date de comm\u00e9moration de toutes les luttes ouvri\u00e8res internationales, c\u2019est une journ\u00e9e internationale de luttes et de mobilisations et c\u2019est en ce sens qu\u2019il peut \u00e9ventuellement prendre tout de m\u00eame une dimension \u00ab festive \u00bb si l\u2019on admet que la lutte \u00e9mancipatrice \u00ab est la f\u00eate des opprim\u00e9s \u00bb. \u00abMes chers compatriotes, nous les retrouverons, ces 1er mai heureux !\u00bb conclu-t-il. Bien s\u00fbr \u00ab Manu \u00bb que nous les retrouverons. Sans toi, ou mieux encore \u00ab contre toi \u00bb et tes satan\u00e9es r\u00e9formes, ordonnances et 49\/3. Et sais-tu m\u00eame ce qui serait vraiment joyeux et ferait du premier mai 2021 un des plus festif de l\u2019histoire des luttes sociales en France ? Ce serait si tu d\u00e9barrassais le plancher, si comme Ben-Ali ou Moubarak tu avais enfin disparu les all\u00e9es du pouvoir.Patrick Seignon. \u00ab lavoiedessansvoix.fr \u00bb. Vendredi 1er mai 2020.https:\/\/lavoiedessansvoix.fr\/forum\/content.php\/1279-PLOUF<\/p>\n","protected":false},"excerpt":{"rendered":"<p>PLOUFhttps:\/\/lavoiedessansvoix.fr\/forum\/images\/macron.PNGEmmanuel Macron que certains ont voulu pr\u00e9senter comme un \u00ab grand communiquant \u00bb n\u2019a jamais cess\u00e9 depuis qu\u2019il est apparu [&hellip;]<\/p>\n","protected":false},"author":1,"featured_media":4242,"comment_status":"open","ping_status":"open","sticky":false,"template":"","format":"standard","meta":{"sfsi_plus_gutenberg_text_before_share":"","sfsi_plus_gutenberg_show_text_before_share":"","sfsi_plus_gutenberg_icon_type":"","sfsi_plus_gutenberg_icon_alignemt":"","sfsi_plus_gutenburg_max_per_row":"","site-sidebar-layout":"default","site-content-layout":"","ast-site-content-layout":"default","site-content-style":"default","site-sidebar-style":"default","ast-global-header-display":"","ast-banner-title-visibility":"","ast-main-header-display":"","ast-hfb-above-header-display":"","ast-hfb-below-header-display":"","ast-hfb-mobile-header-display":"","site-post-title":"","ast-breadcrumbs-content":"","ast-featured-img":"","footer-sml-layout":"","ast-disable-related-posts":"","theme-transparent-header-meta":"","adv-header-id-meta":"","stick-header-meta":"","header-above-stick-meta":"","header-main-stick-meta":"","header-below-stick-meta":"","astra-migrate-meta-layouts":"default","ast-page-background-enabled":"default","ast-page-background-meta":{"desktop":{"background-color":"var(--ast-global-color-4)","background-image":"","background-repeat":"repeat","background-position":"center center","background-size":"auto","background-attachment":"scroll","background-type":"","background-media":"","overlay-type":"","overlay-color":"","overlay-opacity":"","overlay-gradient":""},"tablet":{"background-color":"","background-image":"","background-repeat":"repeat","background-position":"center center","background-size":"auto","background-attachment":"scroll","background-type":"","background-media":"","overlay-type":"","overlay-color":"","overlay-opacity":"","overlay-gradient":""},"mobile":{"background-color":"","background-image":"","background-repeat":"repeat","background-position":"center center","background-size":"auto","background-attachment":"scroll","background-type":"","background-media":"","overlay-type":"","overlay-color":"","overlay-opacity":"","overlay-gradient":""}},"ast-content-background-meta":{"desktop":{"background-color":"var(--ast-global-color-5)","background-image":"","background-repeat":"repeat","background-position":"center center","background-size":"auto","background-attachment":"scroll","background-type":"","background-media":"","overlay-type":"","overlay-color":"","overlay-opacity":"","overlay-gradient":""},"tablet":{"background-color":"var(--ast-global-color-5)","background-image":"","background-repeat":"repeat","background-position":"center center","background-size":"auto","background-attachment":"scroll","background-type":"","background-media":"","overlay-type":"","overlay-color":"","overlay-opacity":"","overlay-gradient":""},"mobile":{"background-color":"var(--ast-global-color-5)","background-image":"","background-repeat":"repeat","background-position":"center center","background-size":"auto","background-attachment":"scroll","background-type":"","background-media":"","overlay-type":"","overlay-color":"","overlay-opacity":"","overlay-gradient":""}},"footnotes":""},"categories":[16],"tags":[],"class_list":["post-659","post","type-post","status-publish","format-standard","has-post-thumbnail","hentry","category-archives-cms"],"_links":{"self":[{"href":"https:\/\/lavoiedessansvoix.fr\/lavoie\/wp-json\/wp\/v2\/posts\/659","targetHints":{"allow":["GET"]}}],"collection":[{"href":"https:\/\/lavoiedessansvoix.fr\/lavoie\/wp-json\/wp\/v2\/posts"}],"about":[{"href":"https:\/\/lavoiedessansvoix.fr\/lavoie\/wp-json\/wp\/v2\/types\/post"}],"author":[{"embeddable":true,"href":"https:\/\/lavoiedessansvoix.fr\/lavoie\/wp-json\/wp\/v2\/users\/1"}],"replies":[{"embeddable":true,"href":"https:\/\/lavoiedessansvoix.fr\/lavoie\/wp-json\/wp\/v2\/comments?post=659"}],"version-history":[{"count":1,"href":"https:\/\/lavoiedessansvoix.fr\/lavoie\/wp-json\/wp\/v2\/posts\/659\/revisions"}],"predecessor-version":[{"id":3337,"href":"https:\/\/lavoiedessansvoix.fr\/lavoie\/wp-json\/wp\/v2\/posts\/659\/revisions\/3337"}],"wp:featuredmedia":[{"embeddable":true,"href":"https:\/\/lavoiedessansvoix.fr\/lavoie\/wp-json\/wp\/v2\/media\/4242"}],"wp:attachment":[{"href":"https:\/\/lavoiedessansvoix.fr\/lavoie\/wp-json\/wp\/v2\/media?parent=659"}],"wp:term":[{"taxonomy":"category","embeddable":true,"href":"https:\/\/lavoiedessansvoix.fr\/lavoie\/wp-json\/wp\/v2\/categories?post=659"},{"taxonomy":"post_tag","embeddable":true,"href":"https:\/\/lavoiedessansvoix.fr\/lavoie\/wp-json\/wp\/v2\/tags?post=659"}],"curies":[{"name":"wp","href":"https:\/\/api.w.org\/{rel}","templated":true}]}}