{"id":656,"date":"2020-05-11T16:07:00","date_gmt":"2020-05-11T14:07:00","guid":{"rendered":"https:\/\/lavoiedessansvoix.fr\/lavoie\/2020\/05\/11\/archive-le-bilan-quotidien-obeit-comme-un-chien\/"},"modified":"2026-04-26T21:04:27","modified_gmt":"2026-04-26T19:04:27","slug":"archive-le-bilan-quotidien-obeit-comme-un-chien","status":"publish","type":"post","link":"https:\/\/lavoiedessansvoix.fr\/lavoie\/2020\/05\/11\/archive-le-bilan-quotidien-obeit-comme-un-chien\/","title":{"rendered":"LE BILAN QUOTIDIEN OB\u00c9IT COMME UN CHIEN"},"content":{"rendered":"<p>LE BILAN QUOTIDIEN OB\u00c9IT COMME UN CHIENSi le gouvernement \u00ab d\u00e9confine \u00bb c\u2019est parce que la propagation du virus est en r\u00e9gression. Si ce n\u2019\u00e9tait pas le cas, que faudrait-il en d\u00e9duire de pas tr\u00e8s \u00e9logieux pour cette \u00e9quipe de tar\u00e9s ?Donc la propagation du virus est en r\u00e9gression et la pand\u00e9mie en voie d\u2019extinction. Ah oui, mais c\u2019\u00e9tait trop bien cette super puissance que les dirigeants s\u2019\u00e9taient ainsi arrog\u00e9 sur un peuple terroris\u00e9. Avec la fin de la pand\u00e9mie et des mesures de confinement, ces gouvernants redoutent de perdre leur pouvoir mal\u00e9fique sur la population. Il faut entretenir la peur, il faut perp\u00e9tuer la terreur qui transforme le peuple en troupeau de brebis docile.Alors \u00e0 cette fin d\u2019entretenir la peur, il y a bien s\u00fbr, contre tout ce qu\u2019enseigne l\u2019\u00e9pid\u00e9miologie, la th\u00e9orie du rebond. Mais la menace du rebond a peu de chance de fonctionner si les chiffres de la mortalit\u00e9 et des cas d\u00e9clar\u00e9s baissent chaque jour. Ceux qui en ce cas s\u2019accrocheraient \u00e0 leur fantasme, foin de faire peur passeraient bient\u00f4t pour des \u00ab ben\u00eats \u00bb voire des cloches.Au secours M\u00e9dor ! Alors qu\u2019avant-hier le bilan de mortalit\u00e9 imput\u00e9 \u00e0 tort ou \u00e0 raison au \u00ab Covid 19 \u00bb \u00e9tait de 70 victimes, voil\u00e0 qu\u2019au premier jour du \u00ab d\u00e9confinement \u00bb officiel IL REBONDIT A 267, comme tout expr\u00e8s pour donner raison aux \u00ab Cassandres \u00bb et justifier la terreur morale qu\u2019ils entendent poursuivre. Ils vont l\u2019apprendre bient\u00f4t. Contrairement \u00e0 ce qu\u2019affirment certains misanthropes, les Fran\u00e7ais ne sont pas, ni des veaux ni des moutons. Ils n\u2019ont pas peur des chiens.Patrick Seignon. \u00ab lavoiedessansvoix.fr \u00bb. Lundi 11 mai 2020.<\/p>\n","protected":false},"excerpt":{"rendered":"<p>LE BILAN QUOTIDIEN OB\u00c9IT COMME UN CHIENSi le gouvernement \u00ab d\u00e9confine \u00bb c\u2019est parce que la propagation du virus est [&hellip;]<\/p>\n","protected":false},"author":1,"featured_media":4239,"comment_status":"open","ping_status":"open","sticky":false,"template":"","format":"standard","meta":{"sfsi_plus_gutenberg_text_before_share":"","sfsi_plus_gutenberg_show_text_before_share":"","sfsi_plus_gutenberg_icon_type":"","sfsi_plus_gutenberg_icon_alignemt":"","sfsi_plus_gutenburg_max_per_row":"","site-sidebar-layout":"default","site-content-layout":"","ast-site-content-layout":"default","site-content-style":"default","site-sidebar-style":"default","ast-global-header-display":"","ast-banner-title-visibility":"","ast-main-header-display":"","ast-hfb-above-header-display":"","ast-hfb-below-header-display":"","ast-hfb-mobile-header-display":"","site-post-title":"","ast-breadcrumbs-content":"","ast-featured-img":"","footer-sml-layout":"","ast-disable-related-posts":"","theme-transparent-header-meta":"","adv-header-id-meta":"","stick-header-meta":"","header-above-stick-meta":"","header-main-stick-meta":"","header-below-stick-meta":"","astra-migrate-meta-layouts":"default","ast-page-background-enabled":"default","ast-page-background-meta":{"desktop":{"background-color":"var(--ast-global-color-4)","background-image":"","background-repeat":"repeat","background-position":"center center","background-size":"auto","background-attachment":"scroll","background-type":"","background-media":"","overlay-type":"","overlay-color":"","overlay-opacity":"","overlay-gradient":""},"tablet":{"background-color":"","background-image":"","background-repeat":"repeat","background-position":"center center","background-size":"auto","background-attachment":"scroll","background-type":"","background-media":"","overlay-type":"","overlay-color":"","overlay-opacity":"","overlay-gradient":""},"mobile":{"background-color":"","background-image":"","background-repeat":"repeat","background-position":"center center","background-size":"auto","background-attachment":"scroll","background-type":"","background-media":"","overlay-type":"","overlay-color":"","overlay-opacity":"","overlay-gradient":""}},"ast-content-background-meta":{"desktop":{"background-color":"var(--ast-global-color-5)","background-image":"","background-repeat":"repeat","background-position":"center center","background-size":"auto","background-attachment":"scroll","background-type":"","background-media":"","overlay-type":"","overlay-color":"","overlay-opacity":"","overlay-gradient":""},"tablet":{"background-color":"var(--ast-global-color-5)","background-image":"","background-repeat":"repeat","background-position":"center center","background-size":"auto","background-attachment":"scroll","background-type":"","background-media":"","overlay-type":"","overlay-color":"","overlay-opacity":"","overlay-gradient":""},"mobile":{"background-color":"var(--ast-global-color-5)","background-image":"","background-repeat":"repeat","background-position":"center center","background-size":"auto","background-attachment":"scroll","background-type":"","background-media":"","overlay-type":"","overlay-color":"","overlay-opacity":"","overlay-gradient":""}},"footnotes":""},"categories":[16],"tags":[],"class_list":["post-656","post","type-post","status-publish","format-standard","has-post-thumbnail","hentry","category-archives-cms"],"_links":{"self":[{"href":"https:\/\/lavoiedessansvoix.fr\/lavoie\/wp-json\/wp\/v2\/posts\/656","targetHints":{"allow":["GET"]}}],"collection":[{"href":"https:\/\/lavoiedessansvoix.fr\/lavoie\/wp-json\/wp\/v2\/posts"}],"about":[{"href":"https:\/\/lavoiedessansvoix.fr\/lavoie\/wp-json\/wp\/v2\/types\/post"}],"author":[{"embeddable":true,"href":"https:\/\/lavoiedessansvoix.fr\/lavoie\/wp-json\/wp\/v2\/users\/1"}],"replies":[{"embeddable":true,"href":"https:\/\/lavoiedessansvoix.fr\/lavoie\/wp-json\/wp\/v2\/comments?post=656"}],"version-history":[{"count":1,"href":"https:\/\/lavoiedessansvoix.fr\/lavoie\/wp-json\/wp\/v2\/posts\/656\/revisions"}],"predecessor-version":[{"id":3331,"href":"https:\/\/lavoiedessansvoix.fr\/lavoie\/wp-json\/wp\/v2\/posts\/656\/revisions\/3331"}],"wp:featuredmedia":[{"embeddable":true,"href":"https:\/\/lavoiedessansvoix.fr\/lavoie\/wp-json\/wp\/v2\/media\/4239"}],"wp:attachment":[{"href":"https:\/\/lavoiedessansvoix.fr\/lavoie\/wp-json\/wp\/v2\/media?parent=656"}],"wp:term":[{"taxonomy":"category","embeddable":true,"href":"https:\/\/lavoiedessansvoix.fr\/lavoie\/wp-json\/wp\/v2\/categories?post=656"},{"taxonomy":"post_tag","embeddable":true,"href":"https:\/\/lavoiedessansvoix.fr\/lavoie\/wp-json\/wp\/v2\/tags?post=656"}],"curies":[{"name":"wp","href":"https:\/\/api.w.org\/{rel}","templated":true}]}}