{"id":651,"date":"2020-06-13T07:35:00","date_gmt":"2020-06-13T05:35:00","guid":{"rendered":"https:\/\/lavoiedessansvoix.fr\/lavoie\/2020\/06\/13\/archive-les-policiers-revendiquent\/"},"modified":"2026-04-26T21:03:44","modified_gmt":"2026-04-26T19:03:44","slug":"archive-les-policiers-revendiquent","status":"publish","type":"post","link":"https:\/\/lavoiedessansvoix.fr\/lavoie\/2020\/06\/13\/archive-les-policiers-revendiquent\/","title":{"rendered":"LES POLICIERS REVENDIQUENT ?"},"content":{"rendered":"<p>LES POLICIERS REVENDIQUENT ?Mais que revendiquent les policiers, de meilleurs salaires, de meilleures conditions de travail, le paiement des heures suppl\u00e9mentaires en retard ? Non ! Ce qu\u2019ils revendiquent c\u2019est le droit d\u2019\u00e9trangler les gens. Et comme cette pratique, les faits l\u2019ont dramatiquement prouv\u00e9, est une pratique dangereuse mettant en danger la vie d\u2019autrui, la revendication des policiers revient \u00e0 revendiquer le droit de mettre des citoyens en danger.Faut-il le rappeler, Le r\u00f4le th\u00e9oriquement d\u00e9volue \u00e0 la police, au moins selon la philosophie officielle est de prot\u00e9ger la population et non de lui \u00eatre un danger suppl\u00e9mentaire.Faut-il le rappeler, le r\u00f4le des policiers est d\u2019appr\u00e9hender les personnes soup\u00e7onn\u00e9es de d\u00e9lits et les d\u00e9linquants, pas de les blesser, pas de les torturer, pas de les tuer.Faut-il le rappeler, la peine de mort n\u2019existe plus en France. Elle a \u00e9t\u00e9 supprim\u00e9e de l\u2019arsenal p\u00e9nal en 1981. Il n\u2019appartient pas aux policiers de l\u2019appliquer de fait, de mani\u00e8re tout \u00e0 fait arbitraire et sans m\u00eame un proc\u00e8s pr\u00e9alable. Les policiers veulent \u00eatre respect\u00e9s. Pourquoi pas ?Qu\u2019ils commencent donc par se respecter eux-m\u00eames en s\u2019interdisant de s\u2019adonner \u00e0 des pratiques discriminatoires ou brutales qui rel\u00e8vent de la barbarie des r\u00e9gimes dictatoriaux et non du service pond\u00e9r\u00e9 d\u2019une R\u00e9publique qui se dit d\u00e9mocratique.Patrick Seignon. \u00ab lavoiedessansvoix.fr \u00bb. Samedi 13 juin 2020.<\/p>\n","protected":false},"excerpt":{"rendered":"<p>LES POLICIERS REVENDIQUENT ?Mais que revendiquent les policiers, de meilleurs salaires, de meilleures conditions de travail, le paiement des heures [&hellip;]<\/p>\n","protected":false},"author":1,"featured_media":4234,"comment_status":"open","ping_status":"open","sticky":false,"template":"","format":"standard","meta":{"sfsi_plus_gutenberg_text_before_share":"","sfsi_plus_gutenberg_show_text_before_share":"","sfsi_plus_gutenberg_icon_type":"","sfsi_plus_gutenberg_icon_alignemt":"","sfsi_plus_gutenburg_max_per_row":"","site-sidebar-layout":"default","site-content-layout":"","ast-site-content-layout":"default","site-content-style":"default","site-sidebar-style":"default","ast-global-header-display":"","ast-banner-title-visibility":"","ast-main-header-display":"","ast-hfb-above-header-display":"","ast-hfb-below-header-display":"","ast-hfb-mobile-header-display":"","site-post-title":"","ast-breadcrumbs-content":"","ast-featured-img":"","footer-sml-layout":"","ast-disable-related-posts":"","theme-transparent-header-meta":"","adv-header-id-meta":"","stick-header-meta":"","header-above-stick-meta":"","header-main-stick-meta":"","header-below-stick-meta":"","astra-migrate-meta-layouts":"default","ast-page-background-enabled":"default","ast-page-background-meta":{"desktop":{"background-color":"var(--ast-global-color-4)","background-image":"","background-repeat":"repeat","background-position":"center center","background-size":"auto","background-attachment":"scroll","background-type":"","background-media":"","overlay-type":"","overlay-color":"","overlay-opacity":"","overlay-gradient":""},"tablet":{"background-color":"","background-image":"","background-repeat":"repeat","background-position":"center center","background-size":"auto","background-attachment":"scroll","background-type":"","background-media":"","overlay-type":"","overlay-color":"","overlay-opacity":"","overlay-gradient":""},"mobile":{"background-color":"","background-image":"","background-repeat":"repeat","background-position":"center center","background-size":"auto","background-attachment":"scroll","background-type":"","background-media":"","overlay-type":"","overlay-color":"","overlay-opacity":"","overlay-gradient":""}},"ast-content-background-meta":{"desktop":{"background-color":"var(--ast-global-color-5)","background-image":"","background-repeat":"repeat","background-position":"center center","background-size":"auto","background-attachment":"scroll","background-type":"","background-media":"","overlay-type":"","overlay-color":"","overlay-opacity":"","overlay-gradient":""},"tablet":{"background-color":"var(--ast-global-color-5)","background-image":"","background-repeat":"repeat","background-position":"center center","background-size":"auto","background-attachment":"scroll","background-type":"","background-media":"","overlay-type":"","overlay-color":"","overlay-opacity":"","overlay-gradient":""},"mobile":{"background-color":"var(--ast-global-color-5)","background-image":"","background-repeat":"repeat","background-position":"center center","background-size":"auto","background-attachment":"scroll","background-type":"","background-media":"","overlay-type":"","overlay-color":"","overlay-opacity":"","overlay-gradient":""}},"footnotes":""},"categories":[16],"tags":[],"class_list":["post-651","post","type-post","status-publish","format-standard","has-post-thumbnail","hentry","category-archives-cms"],"_links":{"self":[{"href":"https:\/\/lavoiedessansvoix.fr\/lavoie\/wp-json\/wp\/v2\/posts\/651","targetHints":{"allow":["GET"]}}],"collection":[{"href":"https:\/\/lavoiedessansvoix.fr\/lavoie\/wp-json\/wp\/v2\/posts"}],"about":[{"href":"https:\/\/lavoiedessansvoix.fr\/lavoie\/wp-json\/wp\/v2\/types\/post"}],"author":[{"embeddable":true,"href":"https:\/\/lavoiedessansvoix.fr\/lavoie\/wp-json\/wp\/v2\/users\/1"}],"replies":[{"embeddable":true,"href":"https:\/\/lavoiedessansvoix.fr\/lavoie\/wp-json\/wp\/v2\/comments?post=651"}],"version-history":[{"count":1,"href":"https:\/\/lavoiedessansvoix.fr\/lavoie\/wp-json\/wp\/v2\/posts\/651\/revisions"}],"predecessor-version":[{"id":3321,"href":"https:\/\/lavoiedessansvoix.fr\/lavoie\/wp-json\/wp\/v2\/posts\/651\/revisions\/3321"}],"wp:featuredmedia":[{"embeddable":true,"href":"https:\/\/lavoiedessansvoix.fr\/lavoie\/wp-json\/wp\/v2\/media\/4234"}],"wp:attachment":[{"href":"https:\/\/lavoiedessansvoix.fr\/lavoie\/wp-json\/wp\/v2\/media?parent=651"}],"wp:term":[{"taxonomy":"category","embeddable":true,"href":"https:\/\/lavoiedessansvoix.fr\/lavoie\/wp-json\/wp\/v2\/categories?post=651"},{"taxonomy":"post_tag","embeddable":true,"href":"https:\/\/lavoiedessansvoix.fr\/lavoie\/wp-json\/wp\/v2\/tags?post=651"}],"curies":[{"name":"wp","href":"https:\/\/api.w.org\/{rel}","templated":true}]}}