{"id":649,"date":"2020-07-26T08:13:00","date_gmt":"2020-07-26T06:13:00","guid":{"rendered":"https:\/\/lavoiedessansvoix.fr\/lavoie\/2020\/07\/26\/archive-le-masque-glace-de-la-mort\/"},"modified":"2026-04-26T21:03:25","modified_gmt":"2026-04-26T19:03:25","slug":"archive-le-masque-glace-de-la-mort","status":"publish","type":"post","link":"https:\/\/lavoiedessansvoix.fr\/lavoie\/2020\/07\/26\/archive-le-masque-glace-de-la-mort\/","title":{"rendered":"LE MASQUE GLACE DE LA MORT"},"content":{"rendered":"<p>LE MASQUE GLACE DE LA MORTLes victimes de la pand\u00e9mie de \u00ab Covid 19 \u00bb ont \u00e9t\u00e9, sans conteste possible, nombreuses, trop nombreuses. C\u2019est une disposition bien naturelle de l\u2019humanit\u00e9 de ha\u00efr la mort et de trouver qu\u2019elle fait toujours trop de d\u00e9g\u00e2ts. \u00ab Il faut bien mourir de quelque chose pourtant \u00bb disent en raillant les \u00ab bravaches \u00bb. Moi je ne suis pas d\u2019accord, je voudrais mourir de rien. Pas m\u00eame d\u2019amour, c\u2019est trop con. Ou pour \u00eatre plus  exact, je voudrais ne pas mourir du tout. Et pourtant, il est vrai, il faut bien s\u2019y r\u00e9soudre. Au terme, plus ou moins tardif de la \u00ab longue maladie \u00bb qu\u2019est l\u2019existence nous \u00ab plions tous un jour notre parapluie. Tient ! Mais d\u2019o\u00f9 nous viens cette expression \u00e9trange : \u00ab plier son parapluie \u00bb ? Je ne l\u2019ai pas trouv\u00e9. Mais elle est claire \u00e0 mon sens. On passe sa vie \u00e0 se cajoler, \u00e0 se chouchouter, \u00e0 se prot\u00e9ger, \u00e0 s\u2019abriter pour \u00e9chapper aux orages et aux maladies. Puis un jour on cesse de se prot\u00e9ger, on accepte enfin le verdict que l\u2019on croyait inacceptable, on \u00ab ferme son parapluie \u00bb pour aller s\u2019assoir poliment \u00e0 la droite de Dieu (au fait, pourquoi \u00e0 sa droite ? Moi j\u2019irais m\u2019assoir \u00e0 sa gauche\u2026. Ou derri\u00e8re.)Armure, protection, bouclier, parapluie, MASQUE !\u2026 Le masque avec lequel des d\u00e9cideurs d\u2019en haut vous ordonnent de vous pr\u00e9munir n\u2019est rien autre qu\u2019une protection tout comme un \u00ab  parapluie \u00bb qu\u2019il faudra bien se r\u00e9soudre \u00e0 remiser un jour. Oui, mais quand ? Au train o\u00f9 vont les choses collerez-vous un masque \u00e0 vos enfants d\u00e8s la naissance ? Devrez-vous vivre votre existence enti\u00e8re sous le masque en attendant que le masque de la mort vous fige d\u00e9finitivement le visage ?Alors, ainsi prot\u00e9g\u00e9s la mort ne vous viendra peut-\u00eatre pas du Corona virus, mais ne vous viendra-t-elle pas des deux salmonelles que vous aviez ingurgit\u00e9es avec vos \u0153ufs du matin et mainte fois recycl\u00e9es et multipli\u00e9es dans l\u2019intimit\u00e9 f\u00e9tide de cet appendice facial ? Pas mort du Corona Virus ? Cela m\u00eame reste \u00e0 voir. C\u2019est tout petit un virus et c\u2019est vicieux. C\u2019est tout petit : pas un seul mat\u00e9riau poreux, permettant tout de m\u00eame de respirer ne pr\u00e9sente une texture assez fines pour stopper le moindre virus. A moins de faire comme une \u00ab lumi\u00e8re \u00bb de ma connaissance, des  masques en toile cir\u00e9e et de mourir comme avec le corona, mais plus vite et plus surement \u00ab d\u2019insuffisance respiratoire \u00bb. Non, le masque ne prot\u00e8ge pas des virus, il \u00e9vite seulement, si vous en \u00eates porteur que vous ne le dispersiez en postillons autour de vous. Il \u00e9vite aussi que vous n\u2019ingurgitiez les postillons qu\u2019un ostrogot aurez l\u2019inconvenance de vous cracher dans la bouche.Or, disant cela je ne nie en rien la dangerosit\u00e9 ni la \u00ab l\u00e9talit\u00e9 \u00bb du \u00ab coronavirus \u00bb. Je pr\u00e9tends m\u00eame que ses victimes sont en v\u00e9rit\u00e9 bien plus nombreuses que ne l\u2019affirme la comptabilit\u00e9 macabre \u00e0 laquelle les m\u00e9dias ce sont pr\u00eat\u00e9 avec d\u00e9lectation pendant plusieurs semaines. Victimes du corona lui-m\u00eame ou des folles politiques conduites en son nom. Il faudrait y ajouter en effet toutes celles collat\u00e9rales du \u00ab confinement \u00bb et de la propagande officielle d\u00e9bile et anxiog\u00e8ne. Combien d\u2019enfants battus, de femmes (ou d\u2019hommes) violent\u00e9es, combien plus de vieux morts d\u2019isolement et de tristesse dans leurs EPADH qu\u2019il n\u2019y en eut du virus lui-m\u00eame ? Combien de ces pauvres victimes de la barbarie comptabilis\u00e9es, pour gonfler les chiffres, comme des victimes du covid ? Combien d\u2019hypocondries latentes devenues pathog\u00e8nes, conduisant \u00e0 la d\u00e9pression ou au suicide La catastrophe humanitaire et \u00e9conomique va dire toute sa v\u00e9rit\u00e9 \u00e0 la rentr\u00e9e sociale de septembre. Cette r\u00e9alit\u00e9 bien palpable va engendrer des angoisses et des col\u00e8res terribles. Alors le gouvernement pense avoir trouv\u00e9 une parade pr\u00e9alable. Lorsque le peuple s\u2019agite rien n\u2019est-il pas plus efficace en effet que de lui d\u00e9signer un \u00bbleurre \u00bb \u00e0 courir, une t\u00eate de turc, un ennemi \u00e0 battre : Il peut s\u2019agir alors \u00ab d\u2019 un ennemi ext\u00e9rieur \u00bb, \u00ab de sorci\u00e8res de Salem \u00bb, \u00ab de n\u00e8gres marrons \u00bb, de \u00ab jud\u00e9o-bolch\u00e9vique \u00bb ou de \u00ab l\u2019immigr\u00e9 \u00bb, Ou bien m\u00eame d\u2019un virus ! Certes \u00e7a ne s\u2019\u00e9tait encore jamais fait. Mais pensez, le coup de g\u00e9nie, un ennemi omnipr\u00e9sent et invisible, dont les pouvoirs publics d\u00e9cident seuls, (car ils en ont la pr\u00e9science), de la pr\u00e9sence ou du degr\u00e9 de nuisance. . A la rentr\u00e9e de septembre, apr\u00e8s vous avoir tenu haletants sous le masque tout l\u2019\u00e9t\u00e9, au pr\u00e9texte de \u00ab la deuxi\u00e8me vague annonc\u00e9e \u00bb pour l\u2019automne ou l\u2019hiver, il feront monter \u00e0 nouveau en puissance les ench\u00e8res de la terreur de la machine m\u00e9diatique. Ils focaliseront, m\u00e9thode hypnotique, anesth\u00e9siante, les attentions et les angoisses sur le retour probable de la pand\u00e9mie, cependant qu\u2019ils nous plumerons vivants, passeront en force toute les pires mesures antisociales (retraites) qu\u2019ils ont gard\u00e9 sous le coude. Tel est leur dessein machiav\u00e9lique.Des centaines de milliers de ch\u00f4meurs suppl\u00e9mentaires, des dizaines de milliers de petites entreprises r\u00e9duites \u00e0 la faillite, des milliers de familles disloqu\u00e9es, expuls\u00e9es de leur logement, des dizaines de milliers qui vont choir dans la plus extr\u00eame pauvret\u00e9, des milliers de suicides. Les politiques aberrantes et barbares mises en \u0153uvre au pr\u00e9texte de lutte contre le \u00ab covid 19 \u00bb feront bien plus de victimes que n\u2019en a fait la pand\u00e9mie elle-m\u00eame. Mais ils ont gard\u00e9 en m\u00e9moire la saillie de Georgina Dufoix, ils se sont d\u00e9j\u00e0 absout, \u00ab ils sont \u00ab responsables mais pas coupables \u00bb. Tout \u00e7\u00e0 c\u2019est rien que la faute du m\u00e9chant corona. \u00bbIls savent que la situation pourrait devenir dans ce contexte, rapidement explosive. Ils ont pris les devants. Ils tentent de nous t\u00e9taniser avec le danger suppos\u00e9 d\u2019une deuxi\u00e8me vague de \u00ab covid 19 \u00bb, Ils veulent nous b\u00e2illonner avec \u00ab le masque \u00bb. Vous avez remarqu\u00e9 que j\u2019ai maintes fois dans ce texte \u00e9crit \u00ab vous \u00bb quand j\u2019aurai aussi bien pu \u00e9crire \u00ab nous \u00bb. C\u2019est que pour ma part je ne suis pas concern\u00e9 par le port du masque. J\u2019ai pris la ferme r\u00e9solution de le refuser. J\u2019ai pris la ferme disposition de ne pas ob\u00e9ir aux d\u00e9lires \u00ab ubuesques \u00bb d\u2019un pouvoir fou.Vous non plus ne vous laissez pas abuser plus longtemps; rebiffez-vous contre les d\u00e9rives autoritaires, Tombez le masque, respirez \u00e0 pleins poumons le grand air de la libert\u00e9 et pr\u00e9parez-vous, je serai des v\u00f4tre,  \u00e0 mettre en \u00e9chec les desseins machiav\u00e9liques de la bande \u00e0 Macron. Songez-y ? Le visage c\u2019est l\u2019identit\u00e9 visible, le miroir o\u00f9 l\u2019humanit\u00e9 se reconnait et se congratule. C\u2019est l\u2019ouverture, l\u2019accueil et la convivialit\u00e9. Le masque c\u2019est le visage mutil\u00e9\u00e9, c\u2019est la d\u00e9shumanisation, c\u2019est la bestialit\u00e9 en marche, c\u2019est le sourire confisqu\u00e9, les \u00eatres transform\u00e9s en fant\u00f4mes, c\u2019est le masque glac\u00e9 de la mort qui saisit d\u00e9j\u00e0 le monde des vivants. . Patrick Seignon. \u00ab lavoiedessansvoix.fr \u00bb. Samedi 25 juillet 2020.<\/p>\n","protected":false},"excerpt":{"rendered":"<p>LE MASQUE GLACE DE LA MORTLes victimes de la pand\u00e9mie de \u00ab Covid 19 \u00bb ont \u00e9t\u00e9, sans conteste possible, [&hellip;]<\/p>\n","protected":false},"author":1,"featured_media":4232,"comment_status":"open","ping_status":"open","sticky":false,"template":"","format":"standard","meta":{"sfsi_plus_gutenberg_text_before_share":"","sfsi_plus_gutenberg_show_text_before_share":"","sfsi_plus_gutenberg_icon_type":"","sfsi_plus_gutenberg_icon_alignemt":"","sfsi_plus_gutenburg_max_per_row":"","site-sidebar-layout":"default","site-content-layout":"","ast-site-content-layout":"default","site-content-style":"default","site-sidebar-style":"default","ast-global-header-display":"","ast-banner-title-visibility":"","ast-main-header-display":"","ast-hfb-above-header-display":"","ast-hfb-below-header-display":"","ast-hfb-mobile-header-display":"","site-post-title":"","ast-breadcrumbs-content":"","ast-featured-img":"","footer-sml-layout":"","ast-disable-related-posts":"","theme-transparent-header-meta":"","adv-header-id-meta":"","stick-header-meta":"","header-above-stick-meta":"","header-main-stick-meta":"","header-below-stick-meta":"","astra-migrate-meta-layouts":"default","ast-page-background-enabled":"default","ast-page-background-meta":{"desktop":{"background-color":"var(--ast-global-color-4)","background-image":"","background-repeat":"repeat","background-position":"center center","background-size":"auto","background-attachment":"scroll","background-type":"","background-media":"","overlay-type":"","overlay-color":"","overlay-opacity":"","overlay-gradient":""},"tablet":{"background-color":"","background-image":"","background-repeat":"repeat","background-position":"center center","background-size":"auto","background-attachment":"scroll","background-type":"","background-media":"","overlay-type":"","overlay-color":"","overlay-opacity":"","overlay-gradient":""},"mobile":{"background-color":"","background-image":"","background-repeat":"repeat","background-position":"center center","background-size":"auto","background-attachment":"scroll","background-type":"","background-media":"","overlay-type":"","overlay-color":"","overlay-opacity":"","overlay-gradient":""}},"ast-content-background-meta":{"desktop":{"background-color":"var(--ast-global-color-5)","background-image":"","background-repeat":"repeat","background-position":"center center","background-size":"auto","background-attachment":"scroll","background-type":"","background-media":"","overlay-type":"","overlay-color":"","overlay-opacity":"","overlay-gradient":""},"tablet":{"background-color":"var(--ast-global-color-5)","background-image":"","background-repeat":"repeat","background-position":"center center","background-size":"auto","background-attachment":"scroll","background-type":"","background-media":"","overlay-type":"","overlay-color":"","overlay-opacity":"","overlay-gradient":""},"mobile":{"background-color":"var(--ast-global-color-5)","background-image":"","background-repeat":"repeat","background-position":"center center","background-size":"auto","background-attachment":"scroll","background-type":"","background-media":"","overlay-type":"","overlay-color":"","overlay-opacity":"","overlay-gradient":""}},"footnotes":""},"categories":[16],"tags":[],"class_list":["post-649","post","type-post","status-publish","format-standard","has-post-thumbnail","hentry","category-archives-cms"],"_links":{"self":[{"href":"https:\/\/lavoiedessansvoix.fr\/lavoie\/wp-json\/wp\/v2\/posts\/649","targetHints":{"allow":["GET"]}}],"collection":[{"href":"https:\/\/lavoiedessansvoix.fr\/lavoie\/wp-json\/wp\/v2\/posts"}],"about":[{"href":"https:\/\/lavoiedessansvoix.fr\/lavoie\/wp-json\/wp\/v2\/types\/post"}],"author":[{"embeddable":true,"href":"https:\/\/lavoiedessansvoix.fr\/lavoie\/wp-json\/wp\/v2\/users\/1"}],"replies":[{"embeddable":true,"href":"https:\/\/lavoiedessansvoix.fr\/lavoie\/wp-json\/wp\/v2\/comments?post=649"}],"version-history":[{"count":1,"href":"https:\/\/lavoiedessansvoix.fr\/lavoie\/wp-json\/wp\/v2\/posts\/649\/revisions"}],"predecessor-version":[{"id":3317,"href":"https:\/\/lavoiedessansvoix.fr\/lavoie\/wp-json\/wp\/v2\/posts\/649\/revisions\/3317"}],"wp:featuredmedia":[{"embeddable":true,"href":"https:\/\/lavoiedessansvoix.fr\/lavoie\/wp-json\/wp\/v2\/media\/4232"}],"wp:attachment":[{"href":"https:\/\/lavoiedessansvoix.fr\/lavoie\/wp-json\/wp\/v2\/media?parent=649"}],"wp:term":[{"taxonomy":"category","embeddable":true,"href":"https:\/\/lavoiedessansvoix.fr\/lavoie\/wp-json\/wp\/v2\/categories?post=649"},{"taxonomy":"post_tag","embeddable":true,"href":"https:\/\/lavoiedessansvoix.fr\/lavoie\/wp-json\/wp\/v2\/tags?post=649"}],"curies":[{"name":"wp","href":"https:\/\/api.w.org\/{rel}","templated":true}]}}