{"id":644,"date":"2020-08-16T15:36:00","date_gmt":"2020-08-16T13:36:00","guid":{"rendered":"https:\/\/lavoiedessansvoix.fr\/lavoie\/2020\/08\/16\/archive-bravo-madame\/"},"modified":"2026-04-26T21:02:47","modified_gmt":"2026-04-26T19:02:47","slug":"archive-bravo-madame","status":"publish","type":"post","link":"https:\/\/lavoiedessansvoix.fr\/lavoie\/2020\/08\/16\/archive-bravo-madame\/","title":{"rendered":"BRAVO MADAME !"},"content":{"rendered":"<p>BRAVO MADAME !Chers amis,Je relaie ici un article de presse qui rend compte \u00e0 sa fa\u00e7on de la libre expression d&rsquo;une \u00e9lue \u00e9cologiste de Nice. Libre expression qui lui vaut les hurlements de la meute des chiens au service de \u00ab\u00a0la v\u00e9rit\u00e9 officielle\u00a0\u00bb. Il faut tout d&rsquo;abord saluer ici la clairvoyance de Sylvie Bonaldi et son grand courage. Je vous invite \u00e0 faire suivre et partager largement cet article qui illustre si clairement la d\u00e9rive totalitaire dans laquelle nous sommes entr\u00e9.P.S.\u00a0\u00bbBref, le port du masque ne sert absolument \u00e0 rien\u00a0\u00bb Une conseill\u00e8re municipale suscite la pol\u00e9mique \u00e0 NiceConseill\u00e8re municipale d&rsquo;opposition \u00e0 Nice, Sylvie Bonaldi a publi\u00e9 sur les r\u00e9seaux sociaux, ce mercredi 12 ao\u00fbt, un message dans lequel elle met en cause l&rsquo;efficacit\u00e9 du port du masque. Une position qui n&rsquo;a pas manqu\u00e9 de faire r\u00e9agir.Publi\u00e9 le 13\/08\/2020 \u00e0 17h55 \u2022 Mis \u00e0 jour le 14\/08\/2020 \u00e0 09h46  Sylvie Bonaldi, conseill\u00e8re municipale du groupe Nice \u00c9cologique \u2022 \u00a9 niceecologique.fr Alpes-Maritimes Nice Une \u00e9lue \u00e9cologiste d\u00e9masqu\u00e9eLa conseill\u00e8re municipale \u00e9cologiste a partag\u00e9 ce mardi sur son compte Facebook une vid\u00e9o dans laquelle deux anciens m\u00e9decins s\u2019expriment sur les d\u00e9clarations du gouvernement durant la crise sanitaire, des positions qu\u2019ils jugent \u00ab incoh\u00e9rentes \u00bb. Mais ce sont surtout les propos accompagnant cette vid\u00e9o qui ont suscit\u00e9 de tr\u00e8s vives r\u00e9actions.  Le directeur du cabinet du maire de Nice, Anthony Borr\u00e9, a point\u00e9 l'\u00a0\u00bbirresponsabilit\u00e9\u00a0\u00bb du contenu de cette publication. De son c\u00f4t\u00e9, l&rsquo;ancien conseiller municipal d&rsquo;opposition, Patrick Allemand interpelle la responsabilit\u00e9 du groupe \u00e9cologiste face \u00e0 cette position.  \u00ab\u00a0Il emp\u00eache une bonne oxyg\u00e9nation, notamment du cerveau\u00a0\u00bbOutre la mise en cause par Sylvie Bonaldi  de l&rsquo;efficacit\u00e9 du port du masque, les arguments utilis\u00e9s ont choqu\u00e9 les internautes. Des propos jug\u00e9s complotistes  \u00ab c&rsquo;est \u00e0 la fois pour mesurer la soumission d&rsquo;un peuple et pour manipuler \u00bb, et des arguments  difficilement recevables \u00ab le virus est beaucoup plus petit que les mailles des masques \u00bb, \u00ab il emp\u00eache une bonne oxyg\u00e9nation, notamment du cerveau \u00bb.    R\u00e9action d&rsquo;un internaute sur Facebook suite au post de Sylvie Bonaldi contre le port du masque \u2022 \u00a9 Capture de la page Facebook de Sylvie Bonaldi    Commentaire sur Facebook suite au post d&rsquo;une \u00e9lue \u00e9cologiste ni\u00e7oise jugeant le masque inefficace \u2022 \u00a9 Capture de la page Facebook de Sylvie Bonaldi  Une parole libre mais \u2026Le pr\u00e9sident de \u00ab\u00a0Nice \u00c9cologique\u00a0\u00bb au sein du conseil municipal, Jean Marc Governatori, estime que l&rsquo;\u00e9change d&rsquo;id\u00e9es doit \u00eatre pr\u00e9serv\u00e9 mais regrette cette prise de position individuelle et rappelle celle de son groupe politique.Le conseiller municipal \u00e9voque l&rsquo;avis de certains m\u00e9decins qui remettent en cause le port du masque \u00e0 l\u2019ext\u00e9rieur, \u00e0 l&rsquo;instar Jean-Fran\u00e7ois Toussaint, professeur de physiologie \u00e0 Universit\u00e9 de Paris qui s&rsquo;est exprim\u00e9 en ce sens, le 10 ao\u00fbt dernier, sur l&rsquo;antenne de nos confr\u00e8res de RMC.Sylvie Bonaldi se dit choqu\u00e9e par les r\u00e9actions suscit\u00e9es et n\u2019a pas souhait\u00e9 s\u2019exprimer devant nos cam\u00e9ras. Jean-Marc Governatori l&rsquo;a joint par t\u00e9l\u00e9phone. Cependant ce jeudi, l\u2019\u00e9lue a r\u00e9pondu \u00e0 ses d\u00e9tracteurs sur la toile :  \u00ab j&rsquo;\u00e9tais farouche d\u00e9fenseuse du port du masque notamment pour \u00e9viter le confinement. N\u00e9anmoins de plus en plus de voix dans le milieu medico-scientifique s&rsquo;\u00e9l\u00e8vent pour mettre en garde. Le risque serait que les gens se sentent prot\u00e9g\u00e9s par le port du masque. Je ne suis donc pas irresponsable au contraire. Et j&rsquo;aimerais que l&rsquo;on parle plus de pr\u00e9vention pour l&rsquo;immunit\u00e9 \u00bb.Le risque serait que les gens se sentent prot\u00e9g\u00e9s par le port du masque. Je ne suis donc pas irresponsable au contraire.Sylvie BonaldiEn fin de journ\u00e9e, la publication sur le compte Facebook de la conseill\u00e8re a \u00e9t\u00e9 supprim\u00e9e. Il reste sur Twitter, un post o\u00f9 elle a tenu \u00e0 pr\u00e9ciser sa position en d&rsquo;autres termes. Moins pol\u00e9miques.<\/p>\n","protected":false},"excerpt":{"rendered":"<p>BRAVO MADAME !Chers amis,Je relaie ici un article de presse qui rend compte \u00e0 sa fa\u00e7on de la libre expression [&hellip;]<\/p>\n","protected":false},"author":1,"featured_media":4228,"comment_status":"open","ping_status":"open","sticky":false,"template":"","format":"standard","meta":{"sfsi_plus_gutenberg_text_before_share":"","sfsi_plus_gutenberg_show_text_before_share":"","sfsi_plus_gutenberg_icon_type":"","sfsi_plus_gutenberg_icon_alignemt":"","sfsi_plus_gutenburg_max_per_row":"","site-sidebar-layout":"default","site-content-layout":"","ast-site-content-layout":"default","site-content-style":"default","site-sidebar-style":"default","ast-global-header-display":"","ast-banner-title-visibility":"","ast-main-header-display":"","ast-hfb-above-header-display":"","ast-hfb-below-header-display":"","ast-hfb-mobile-header-display":"","site-post-title":"","ast-breadcrumbs-content":"","ast-featured-img":"","footer-sml-layout":"","ast-disable-related-posts":"","theme-transparent-header-meta":"","adv-header-id-meta":"","stick-header-meta":"","header-above-stick-meta":"","header-main-stick-meta":"","header-below-stick-meta":"","astra-migrate-meta-layouts":"default","ast-page-background-enabled":"default","ast-page-background-meta":{"desktop":{"background-color":"var(--ast-global-color-4)","background-image":"","background-repeat":"repeat","background-position":"center center","background-size":"auto","background-attachment":"scroll","background-type":"","background-media":"","overlay-type":"","overlay-color":"","overlay-opacity":"","overlay-gradient":""},"tablet":{"background-color":"","background-image":"","background-repeat":"repeat","background-position":"center center","background-size":"auto","background-attachment":"scroll","background-type":"","background-media":"","overlay-type":"","overlay-color":"","overlay-opacity":"","overlay-gradient":""},"mobile":{"background-color":"","background-image":"","background-repeat":"repeat","background-position":"center center","background-size":"auto","background-attachment":"scroll","background-type":"","background-media":"","overlay-type":"","overlay-color":"","overlay-opacity":"","overlay-gradient":""}},"ast-content-background-meta":{"desktop":{"background-color":"var(--ast-global-color-5)","background-image":"","background-repeat":"repeat","background-position":"center center","background-size":"auto","background-attachment":"scroll","background-type":"","background-media":"","overlay-type":"","overlay-color":"","overlay-opacity":"","overlay-gradient":""},"tablet":{"background-color":"var(--ast-global-color-5)","background-image":"","background-repeat":"repeat","background-position":"center center","background-size":"auto","background-attachment":"scroll","background-type":"","background-media":"","overlay-type":"","overlay-color":"","overlay-opacity":"","overlay-gradient":""},"mobile":{"background-color":"var(--ast-global-color-5)","background-image":"","background-repeat":"repeat","background-position":"center center","background-size":"auto","background-attachment":"scroll","background-type":"","background-media":"","overlay-type":"","overlay-color":"","overlay-opacity":"","overlay-gradient":""}},"footnotes":""},"categories":[16],"tags":[],"class_list":["post-644","post","type-post","status-publish","format-standard","has-post-thumbnail","hentry","category-archives-cms"],"_links":{"self":[{"href":"https:\/\/lavoiedessansvoix.fr\/lavoie\/wp-json\/wp\/v2\/posts\/644","targetHints":{"allow":["GET"]}}],"collection":[{"href":"https:\/\/lavoiedessansvoix.fr\/lavoie\/wp-json\/wp\/v2\/posts"}],"about":[{"href":"https:\/\/lavoiedessansvoix.fr\/lavoie\/wp-json\/wp\/v2\/types\/post"}],"author":[{"embeddable":true,"href":"https:\/\/lavoiedessansvoix.fr\/lavoie\/wp-json\/wp\/v2\/users\/1"}],"replies":[{"embeddable":true,"href":"https:\/\/lavoiedessansvoix.fr\/lavoie\/wp-json\/wp\/v2\/comments?post=644"}],"version-history":[{"count":1,"href":"https:\/\/lavoiedessansvoix.fr\/lavoie\/wp-json\/wp\/v2\/posts\/644\/revisions"}],"predecessor-version":[{"id":3307,"href":"https:\/\/lavoiedessansvoix.fr\/lavoie\/wp-json\/wp\/v2\/posts\/644\/revisions\/3307"}],"wp:featuredmedia":[{"embeddable":true,"href":"https:\/\/lavoiedessansvoix.fr\/lavoie\/wp-json\/wp\/v2\/media\/4228"}],"wp:attachment":[{"href":"https:\/\/lavoiedessansvoix.fr\/lavoie\/wp-json\/wp\/v2\/media?parent=644"}],"wp:term":[{"taxonomy":"category","embeddable":true,"href":"https:\/\/lavoiedessansvoix.fr\/lavoie\/wp-json\/wp\/v2\/categories?post=644"},{"taxonomy":"post_tag","embeddable":true,"href":"https:\/\/lavoiedessansvoix.fr\/lavoie\/wp-json\/wp\/v2\/tags?post=644"}],"curies":[{"name":"wp","href":"https:\/\/api.w.org\/{rel}","templated":true}]}}