{"id":642,"date":"2020-08-18T02:00:00","date_gmt":"2020-08-18T00:00:00","guid":{"rendered":"https:\/\/lavoiedessansvoix.fr\/lavoie\/2020\/08\/18\/archive-appel-a-l-organisation-de-la-resistance\/"},"modified":"2026-04-26T21:02:29","modified_gmt":"2026-04-26T19:02:29","slug":"archive-appel-a-l-organisation-de-la-resistance","status":"publish","type":"post","link":"https:\/\/lavoiedessansvoix.fr\/lavoie\/2020\/08\/18\/archive-appel-a-l-organisation-de-la-resistance\/","title":{"rendered":"APPEL A L\u2019ORGANISATION DE LA RESISTANCE"},"content":{"rendered":"<p>APPEL A L\u2019ORGANISATION DE LA RESISTANCEChers amis, Il y a cinq jours j\u2019\u00e9crivais ceci : \u00ab Un groupe priv\u00e9 \u00ab Facebook \u00bb (comme le groupe priv\u00e9 \u00ab On est l\u00e0 \u00bb par exemple) a \u00e9t\u00e9 cr\u00e9\u00e9 en Alsace. Il s\u2019intitule : \u00ab\u00a0Contre le masque obligatoire, pour la libert\u00e9 de respirer et de sourire\u00a0\u00bb. Je l\u2019ai d\u00e9couvert hier soir. Je me suis imm\u00e9diatement inscrit.  (Il comptait alors 2967 membres, le lendemain, 3166 \u00e9taient inscrits \u00e0 7 heures 50 le matin) \u00bb. Vendredi matin le m\u00eame groupe comptait plus de 4400 membres. De toute \u00e9vidence un ph\u00e9nom\u00e8ne de cristallisation se produisait de nature \u00e0 r\u00e9v\u00e9ler l\u2019ampleur r\u00e9elle de la contestation que suscite\u00ab la dictature sanitaire \u00bb.Eh bien, vendredi en soir\u00e9e, \u00e7a y \u00e9tait d\u00e9j\u00e0, la censure avait op\u00e9r\u00e9. Vous pouviez trouver encore l\u2019intitul\u00e9 du groupe sur les pages de recherche mais la page \u00e9tait inaccessible, son contenu interdit d\u2019acc\u00e8s.Et ils appellent cela la libert\u00e9 ou la d\u00e9mocratie ?Mais de quoi donc ont-ils peur ? Il parait selon les dires des mainates \u00e0 leur solde, que nous ne sommes qu\u2019une poign\u00e9e d\u2019hurluberlus, illumin\u00e9s  et inconscients ? Si c\u2019\u00e9tait v\u00e9ritablement le cas, qu\u2019en auraient-ils \u00e0 faire de notre expression presque confidentielle sur nos petits \u00ab blogs \u00ab  eux qui poss\u00e8dent, au service de leur \u00ab v\u00e9rit\u00e9 officielle \u00bb toutes les puissances m\u00e9diatiques du monde ? C\u2019est que la r\u00e9alit\u00e9 est tout autre. C\u2019est que l\u2019adh\u00e9sion d\u2019apparence massive des populations \u00e0 leurs \u00ab r\u00e8gles sanito-liberticides \u00bb n\u2019est en v\u00e9rit\u00e9 qu\u2019un trompe l\u2019\u0153il (et les consciences), r\u00e9sultat du \u00ab matraquage m\u00e9diatique \u00bb et de la coercition polici\u00e8re Ils redoutent donc, et ils ont en cela probablement raison, que dans ces conditions l\u2019\u00e9coute devenue possible d\u2019une voix discordante audible n\u2019emporte rapidement une \u00e9norme adh\u00e9sion et d\u00e9montre que la coagulation populaire dont leurs politiques b\u00e9n\u00e9ficie n&rsquo;est construite que sur du sable. C\u2019est pourquoi ils veulent nous faire taire.MAIS NOUS NE NOUS TAIRONS PAS !D\u2019ailleurs, ne les avait-on pas vus venir de loin avec leurs \u00ab gros sabots \u00bb, leurs lourdes bottes et leurs rangers ?Lorsque j\u2019adh\u00e9rais mercredi soir (12 ao\u00fbt) au groupe priv\u00e9 Facebook \u00ab Contre le port du masque obligatoire pour la libert\u00e9 de respirer et de sourire \u00bb  je laissais sur la page du groupe le commentaire suivant : \u00ab Je suis ravi de d\u00e9couvrir ce jour votre groupe de r\u00e9sistance et m&#8217;empresse de le rejoindre.De nombreuses p\u00e9titions de toutes sortes courent sur les plateformes de signatures en lignes, qui protestent d&rsquo;une mani\u00e8re ou d&rsquo;une autre contre la \u00ab\u00a0dictature sanitaire\u00a0\u00bb et la politique liberticide du gouvernement et des \u00ab\u00a0autorit\u00e9s m\u00e9dicales\u00a0\u00bb. Mais parvenues \u00e0 un certain seuil elles sont syst\u00e9matiquement bloqu\u00e9es. C&rsquo;est la libert\u00e9 d\u2019expression elle-m\u00eame qui est confisqu\u00e9e. Pour reprendre la parole, pour faire entendre nos voix, il faut aller plus loin, il faut \u00ab\u00a0ORGANISER LA RESISTANCE. \u00bbComme nous le pr\u00e9sagions, ils ont donc voulu \u00e9touffer cette voix qui enflait. Il faut que nous nous donnions les moyens de nous faire entendre tout de m\u00eame, il faut que nous donnions corps et cr\u00e9dit \u00e0 la contestation qui monte*. Il faut que nous d\u00e9passions le stade de la simple protestation verbale ou \u00e9crite, que nous nous organisions, afin de se munir des outils n\u00e9cessaires \u00e0 notre expression, malgr\u00e9 et contre la censure.Il faut que nous organisions la r\u00e9union physique d\u2019un \u00ab Congr\u00e8s \u00bb, \u00ab d\u2019Assises \u00bb d\u2019une \u00ab conf\u00e9rence \u00bb ou d\u2019un \u00ab colloque \u00bb national, ou toute autre d\u00e9nomination, appelez-cela comme vous voulez, contre la Dictature Sanitaire. Pour la libert\u00e9 d\u2019expression et de respiration \u00bb. Nous pourrons ainsi nous donner les moyens organisationnels, mat\u00e9riels, m\u00e9diatiques et juridiques de mettre en \u00e9chec la censure.Sans cela nous n\u2019en viendrons pas \u00e0 bout.Avec ma \u00ab petite voix \u00bb j\u2019exhorte donc tous ceux qui ne veulent pas faire la \u00ab g\u00e9nuflexion \u00bb en signe d\u2019all\u00e9geance \u00e0 la dictature, \u00e0 prendre les dispositions utiles \u00e0 l\u2019organisation d\u2019une telle \u00ab rencontre \u00bb. Les initiatives multiples qui ont \u00e9t\u00e9 anim\u00e9es par un grand nombre de \u00ab leaders \u00bb et initiateurs \u00e0 divers niveaux constituent un \u00ab terreau \u00bb \u00e0 exploiter en vue de cet objectif. Vous poss\u00e9dez des contacts, des noms, des adresses e-mails, des num\u00e9ros de t\u00e9l\u00e9phones. Exploitez ce \u00ab capital \u00bb prenez des contacts, sur votre \u00ab m\u00e9tier\u00bb tissez une \u00ab toile \u00bbd\u2019un autre type, non virtuelle. Mais physique celle-l\u00e0. Je l\u2019ai d\u00e9j\u00e0 dit et \u00e9crit, Je suis en ce qui me concerne des v\u00f4tres, Je suis pr\u00eat \u00e0 m\u2019investir dans cette initiative, disponible pour ce combat.Pas un seul (es) d\u2019entre vous qui aura connaissance de ce texte et qui l\u2019approuvera, ne devra se limiter \u00e0 le lire. Vous devez le partager, le publier, le faire suivre, le diffuser, par tous les moyens en votre disposition. Merci !Patrick Seignon. Mardi 18 ao\u00fbt 2020.<\/p>\n","protected":false},"excerpt":{"rendered":"<p>APPEL A L\u2019ORGANISATION DE LA RESISTANCEChers amis, Il y a cinq jours j\u2019\u00e9crivais ceci : \u00ab Un groupe priv\u00e9 \u00ab [&hellip;]<\/p>\n","protected":false},"author":1,"featured_media":4226,"comment_status":"open","ping_status":"open","sticky":false,"template":"","format":"standard","meta":{"sfsi_plus_gutenberg_text_before_share":"","sfsi_plus_gutenberg_show_text_before_share":"","sfsi_plus_gutenberg_icon_type":"","sfsi_plus_gutenberg_icon_alignemt":"","sfsi_plus_gutenburg_max_per_row":"","site-sidebar-layout":"default","site-content-layout":"","ast-site-content-layout":"default","site-content-style":"default","site-sidebar-style":"default","ast-global-header-display":"","ast-banner-title-visibility":"","ast-main-header-display":"","ast-hfb-above-header-display":"","ast-hfb-below-header-display":"","ast-hfb-mobile-header-display":"","site-post-title":"","ast-breadcrumbs-content":"","ast-featured-img":"","footer-sml-layout":"","ast-disable-related-posts":"","theme-transparent-header-meta":"","adv-header-id-meta":"","stick-header-meta":"","header-above-stick-meta":"","header-main-stick-meta":"","header-below-stick-meta":"","astra-migrate-meta-layouts":"default","ast-page-background-enabled":"default","ast-page-background-meta":{"desktop":{"background-color":"var(--ast-global-color-4)","background-image":"","background-repeat":"repeat","background-position":"center center","background-size":"auto","background-attachment":"scroll","background-type":"","background-media":"","overlay-type":"","overlay-color":"","overlay-opacity":"","overlay-gradient":""},"tablet":{"background-color":"","background-image":"","background-repeat":"repeat","background-position":"center center","background-size":"auto","background-attachment":"scroll","background-type":"","background-media":"","overlay-type":"","overlay-color":"","overlay-opacity":"","overlay-gradient":""},"mobile":{"background-color":"","background-image":"","background-repeat":"repeat","background-position":"center center","background-size":"auto","background-attachment":"scroll","background-type":"","background-media":"","overlay-type":"","overlay-color":"","overlay-opacity":"","overlay-gradient":""}},"ast-content-background-meta":{"desktop":{"background-color":"var(--ast-global-color-5)","background-image":"","background-repeat":"repeat","background-position":"center center","background-size":"auto","background-attachment":"scroll","background-type":"","background-media":"","overlay-type":"","overlay-color":"","overlay-opacity":"","overlay-gradient":""},"tablet":{"background-color":"var(--ast-global-color-5)","background-image":"","background-repeat":"repeat","background-position":"center center","background-size":"auto","background-attachment":"scroll","background-type":"","background-media":"","overlay-type":"","overlay-color":"","overlay-opacity":"","overlay-gradient":""},"mobile":{"background-color":"var(--ast-global-color-5)","background-image":"","background-repeat":"repeat","background-position":"center center","background-size":"auto","background-attachment":"scroll","background-type":"","background-media":"","overlay-type":"","overlay-color":"","overlay-opacity":"","overlay-gradient":""}},"footnotes":""},"categories":[16],"tags":[],"class_list":["post-642","post","type-post","status-publish","format-standard","has-post-thumbnail","hentry","category-archives-cms"],"_links":{"self":[{"href":"https:\/\/lavoiedessansvoix.fr\/lavoie\/wp-json\/wp\/v2\/posts\/642","targetHints":{"allow":["GET"]}}],"collection":[{"href":"https:\/\/lavoiedessansvoix.fr\/lavoie\/wp-json\/wp\/v2\/posts"}],"about":[{"href":"https:\/\/lavoiedessansvoix.fr\/lavoie\/wp-json\/wp\/v2\/types\/post"}],"author":[{"embeddable":true,"href":"https:\/\/lavoiedessansvoix.fr\/lavoie\/wp-json\/wp\/v2\/users\/1"}],"replies":[{"embeddable":true,"href":"https:\/\/lavoiedessansvoix.fr\/lavoie\/wp-json\/wp\/v2\/comments?post=642"}],"version-history":[{"count":1,"href":"https:\/\/lavoiedessansvoix.fr\/lavoie\/wp-json\/wp\/v2\/posts\/642\/revisions"}],"predecessor-version":[{"id":3303,"href":"https:\/\/lavoiedessansvoix.fr\/lavoie\/wp-json\/wp\/v2\/posts\/642\/revisions\/3303"}],"wp:featuredmedia":[{"embeddable":true,"href":"https:\/\/lavoiedessansvoix.fr\/lavoie\/wp-json\/wp\/v2\/media\/4226"}],"wp:attachment":[{"href":"https:\/\/lavoiedessansvoix.fr\/lavoie\/wp-json\/wp\/v2\/media?parent=642"}],"wp:term":[{"taxonomy":"category","embeddable":true,"href":"https:\/\/lavoiedessansvoix.fr\/lavoie\/wp-json\/wp\/v2\/categories?post=642"},{"taxonomy":"post_tag","embeddable":true,"href":"https:\/\/lavoiedessansvoix.fr\/lavoie\/wp-json\/wp\/v2\/tags?post=642"}],"curies":[{"name":"wp","href":"https:\/\/api.w.org\/{rel}","templated":true}]}}