{"id":640,"date":"2020-08-21T15:34:00","date_gmt":"2020-08-21T13:34:00","guid":{"rendered":"https:\/\/lavoiedessansvoix.fr\/lavoie\/2020\/08\/21\/archive-la-bombe\/"},"modified":"2026-04-26T21:02:08","modified_gmt":"2026-04-26T19:02:08","slug":"archive-la-bombe","status":"publish","type":"post","link":"https:\/\/lavoiedessansvoix.fr\/lavoie\/2020\/08\/21\/archive-la-bombe\/","title":{"rendered":"LA BOMBE"},"content":{"rendered":"<p>LA BOMBEVoil\u00e0 des semaines que nous, \u00ab les nains \u00bb qui s\u2019expriment sur le \u00ab Net \u00bb, sp\u00e9cialistes de rien, simplement pourvus d\u2019un peu de bon sens et d\u2019un libre arbitre sans concession, expliquons que les politiques publiques de pr\u00e9vention de la pand\u00e9mie n\u2019ont en v\u00e9rit\u00e9 rien \u00e0 voir avec un quelconque souci de protection des populations, mais ob\u00e9issent \u00e0 d\u2019autres imp\u00e9ratifs, financiers et politiciens.Voil\u00e0 des mois que certains renoms de la m\u00e9decine et de la recherche m\u00e9dicale, les professeurs Raoult  et Perronne entre autre, qui voulaient simplement en attendant mieux, soigner les gens avec les moyens existants ont \u00e9t\u00e9 conduit \u00e0 prendre quelquefois le contrepied des th\u00e8ses et politiques sanitaires officielles, Les uns et les autres ce sont, pour avoir os\u00e9 exercer cette libert\u00e9 \u00e9l\u00e9mentaire et fondamentale, de conscience et d\u2019expression, fait, attaquer, insulter, poursuivre, censur\u00e9, interdire, menacer. ;Mais voil\u00e0 qu\u2019une bombe explose, la vraie, celle qui devrait en toute logique faire sauter la machination en cours. Elle ne vient pas des pr\u00e9c\u00e9dents, mais  du professeur Jean-Fran\u00e7ois Toussaint qui la l\u00e2che lors  d\u2019une d\u00e9claration faite le 18 ao\u00fbt 2020 sur \u00ab Cnews \u00bb et visible sur \u00ab Youtube \u00bb https:\/\/youtu.be\/waICZiNYhq4 Le professeur Toussaint :1)\tD\u00e9montre, chiffres et courbes statistiques \u00e0 l\u2019appui qu\u2019il n\u2019y a pas de \u00ab deuxi\u00e8me vague \u00bb. Il n\u2019exclue pas qu\u2019il puisse y avoir \u00e0 l\u2019automne un \u00ab rebond \u00bb de l\u2019\u00e9pid\u00e9mie. Il ne s\u2019agirait pas alors d\u2019une deuxi\u00e8me vague due au comportement (rel\u00e2chement) des Fran\u00e7ais, mais d\u2019un ph\u00e9nom\u00e8ne de \u00ab saisonnalit\u00e9 \u00bb (comme le grippe) en lien avec le caract\u00e8re actif actuel de l\u2019\u00e9pid\u00e9mie dans plusieurs pays de l\u2019h\u00e9misph\u00e8re sud (hiver austral). C\u2019est dire que les mesures \u00ab sanitaires \u00bb, particuli\u00e8rement le port du masque, sont pour le moins en complet d\u00e9calage avec la r\u00e9alit\u00e9 et les n\u00e9cessit\u00e9s, et que ses dispositions ob\u00e9issent \u00e0 d\u2019autres motifs que ceux de la protection des populations. D\u2019ailleurs, n\u2019est-ce pas ce que le professeur Toussant dit clairement lui-m\u00eame en des termes qui lui appartiennent ?2)\t\u00ab Nous sommes actuellement dans une utilisation des indicateurs, un changement, une instrumentalisation qui fait que nous allons avoir pour les semaines \u00e0 venir des changements de comportements, des orientations qui sont d\u00e9cid\u00e9es par un conseil scientifique qui ne regarde plus la r\u00e9alit\u00e9 du risque mais qui souhaite probablement imposer d\u2019autres sch\u00e9mas de pens\u00e9e. \u00bb\u00ab Instrumentalisation \u00bb,  \u00ab qui ne regarde plus la r\u00e9alit\u00e9 du risque \u00bb, \u00ab qui souhaite probablement imposer d\u2019autre sch\u00e9mas de pens\u00e9e \u00bb, les mots sont forts, les accusations graves, les sous-entendus terribles de sensOui, c\u2019est une bombe et il convient d\u2019en faire sentir le souffle le plus loin et le plus fort possible.. Je vous abjure de regarder sans attendre, la vid\u00e9o du professeur Toussaint sur \u00ab Youtube \u00bb  et, sans tarder, de la diffuser largement autour de vous.Patrick Seignon. Vendredi 21 ao\u00fbt 2020.<\/p>\n","protected":false},"excerpt":{"rendered":"<p>LA BOMBEVoil\u00e0 des semaines que nous, \u00ab les nains \u00bb qui s\u2019expriment sur le \u00ab Net \u00bb, sp\u00e9cialistes de rien, [&hellip;]<\/p>\n","protected":false},"author":1,"featured_media":4224,"comment_status":"open","ping_status":"open","sticky":false,"template":"","format":"standard","meta":{"sfsi_plus_gutenberg_text_before_share":"","sfsi_plus_gutenberg_show_text_before_share":"","sfsi_plus_gutenberg_icon_type":"","sfsi_plus_gutenberg_icon_alignemt":"","sfsi_plus_gutenburg_max_per_row":"","site-sidebar-layout":"default","site-content-layout":"","ast-site-content-layout":"default","site-content-style":"default","site-sidebar-style":"default","ast-global-header-display":"","ast-banner-title-visibility":"","ast-main-header-display":"","ast-hfb-above-header-display":"","ast-hfb-below-header-display":"","ast-hfb-mobile-header-display":"","site-post-title":"","ast-breadcrumbs-content":"","ast-featured-img":"","footer-sml-layout":"","ast-disable-related-posts":"","theme-transparent-header-meta":"","adv-header-id-meta":"","stick-header-meta":"","header-above-stick-meta":"","header-main-stick-meta":"","header-below-stick-meta":"","astra-migrate-meta-layouts":"default","ast-page-background-enabled":"default","ast-page-background-meta":{"desktop":{"background-color":"var(--ast-global-color-4)","background-image":"","background-repeat":"repeat","background-position":"center center","background-size":"auto","background-attachment":"scroll","background-type":"","background-media":"","overlay-type":"","overlay-color":"","overlay-opacity":"","overlay-gradient":""},"tablet":{"background-color":"","background-image":"","background-repeat":"repeat","background-position":"center center","background-size":"auto","background-attachment":"scroll","background-type":"","background-media":"","overlay-type":"","overlay-color":"","overlay-opacity":"","overlay-gradient":""},"mobile":{"background-color":"","background-image":"","background-repeat":"repeat","background-position":"center center","background-size":"auto","background-attachment":"scroll","background-type":"","background-media":"","overlay-type":"","overlay-color":"","overlay-opacity":"","overlay-gradient":""}},"ast-content-background-meta":{"desktop":{"background-color":"var(--ast-global-color-5)","background-image":"","background-repeat":"repeat","background-position":"center center","background-size":"auto","background-attachment":"scroll","background-type":"","background-media":"","overlay-type":"","overlay-color":"","overlay-opacity":"","overlay-gradient":""},"tablet":{"background-color":"var(--ast-global-color-5)","background-image":"","background-repeat":"repeat","background-position":"center center","background-size":"auto","background-attachment":"scroll","background-type":"","background-media":"","overlay-type":"","overlay-color":"","overlay-opacity":"","overlay-gradient":""},"mobile":{"background-color":"var(--ast-global-color-5)","background-image":"","background-repeat":"repeat","background-position":"center center","background-size":"auto","background-attachment":"scroll","background-type":"","background-media":"","overlay-type":"","overlay-color":"","overlay-opacity":"","overlay-gradient":""}},"footnotes":""},"categories":[16],"tags":[],"class_list":["post-640","post","type-post","status-publish","format-standard","has-post-thumbnail","hentry","category-archives-cms"],"_links":{"self":[{"href":"https:\/\/lavoiedessansvoix.fr\/lavoie\/wp-json\/wp\/v2\/posts\/640","targetHints":{"allow":["GET"]}}],"collection":[{"href":"https:\/\/lavoiedessansvoix.fr\/lavoie\/wp-json\/wp\/v2\/posts"}],"about":[{"href":"https:\/\/lavoiedessansvoix.fr\/lavoie\/wp-json\/wp\/v2\/types\/post"}],"author":[{"embeddable":true,"href":"https:\/\/lavoiedessansvoix.fr\/lavoie\/wp-json\/wp\/v2\/users\/1"}],"replies":[{"embeddable":true,"href":"https:\/\/lavoiedessansvoix.fr\/lavoie\/wp-json\/wp\/v2\/comments?post=640"}],"version-history":[{"count":1,"href":"https:\/\/lavoiedessansvoix.fr\/lavoie\/wp-json\/wp\/v2\/posts\/640\/revisions"}],"predecessor-version":[{"id":3299,"href":"https:\/\/lavoiedessansvoix.fr\/lavoie\/wp-json\/wp\/v2\/posts\/640\/revisions\/3299"}],"wp:featuredmedia":[{"embeddable":true,"href":"https:\/\/lavoiedessansvoix.fr\/lavoie\/wp-json\/wp\/v2\/media\/4224"}],"wp:attachment":[{"href":"https:\/\/lavoiedessansvoix.fr\/lavoie\/wp-json\/wp\/v2\/media?parent=640"}],"wp:term":[{"taxonomy":"category","embeddable":true,"href":"https:\/\/lavoiedessansvoix.fr\/lavoie\/wp-json\/wp\/v2\/categories?post=640"},{"taxonomy":"post_tag","embeddable":true,"href":"https:\/\/lavoiedessansvoix.fr\/lavoie\/wp-json\/wp\/v2\/tags?post=640"}],"curies":[{"name":"wp","href":"https:\/\/api.w.org\/{rel}","templated":true}]}}