{"id":639,"date":"2020-08-23T18:03:00","date_gmt":"2020-08-23T16:03:00","guid":{"rendered":"https:\/\/lavoiedessansvoix.fr\/lavoie\/2020\/08\/23\/archive-sublime-colere\/"},"modified":"2026-04-26T21:01:59","modified_gmt":"2026-04-26T19:01:59","slug":"archive-sublime-colere","status":"publish","type":"post","link":"https:\/\/lavoiedessansvoix.fr\/lavoie\/2020\/08\/23\/archive-sublime-colere\/","title":{"rendered":"SUBLIME COL\u00c8RE"},"content":{"rendered":"<p>SUBLIME COL\u00c8REDevra-t-on se dissimulerPour d\u00e9clamer notre passionNotre amour de l\u2019humanit\u00e9De ses visages par millionsLe c\u0153ur est au bout de la mainEt l\u2019\u00e2me s\u2019affiche au visageSans ces attributs, sait le sage,Il n\u2019y a pas de ch\u0153ur humain.Ni bec de li\u00e8vre ni m\u00e9prisA occulter moi je n\u2019ai rien Je ne suis pas politicienJe n\u2019ai vraiment rien \u00e0 cacherJamais je ne l\u2019arborerai L\u2019horrible appendice facial,Qui transforme en farfadetL\u2019\u00eatre m\u00eame le plus jovial Pourquoi devrai-je oblit\u00e9rerMa mine enjou\u00e9e et pouponnePourquoi priverai-je personneDe mon sourire m\u00e2tin\u00e9Vous direz sans doute \u00ab il est fou \u00bbSi je meurs, \u00ab  il s\u2019est suicid\u00e9 \u00bbAh oui je le suis-je je l\u2019avoue :Fou d\u2019amour de la libert\u00e9Gardez-vous bien de m\u2019agonirD\u2019autorit\u00e9 ou de tendresseNi la schlague ni les caressesViendront \u00e0 bout de me chancirVous ne me ferez pas faiblirPerclus d\u00e9j\u00e0 de tant d\u2019arthroseJ\u2019ai l\u2019\u00e9chine par trop soud\u00e9ePour que vous la fassiez fl\u00e9chirA l\u2019heure bl\u00eame o\u00f9 il paraitQue de Covid ou de CirrhoseIl faut passer de quelque chose, Grand temps sera d\u2019\u00eatre masqu\u00e9Quand la chape sera tomb\u00e9eSur vos existences \u00e0 l\u2019\u00e9crou, Ombres, vous d\u00e9ambulerezDu berceau jusqu\u2019\u00e0 votre trouFl\u00e2nant parfois au cimeti\u00e8reAu hasard des a\u00eetres lirezPeut-\u00eatre, grav\u00e9 sur ma pierreCette \u00e9pitaphe courrouc\u00e9e :\u00ab Il est parti, pas m\u00eame amer,Nul n\u2019est proph\u00e8te en son paysIl est parti c\u2019\u00e9tait  \u00e9critMais il est parti en col\u00e8re.Il pr\u00e9f\u00e9ra crever \u00ab vieux con \u00bbDebout encore et poing lev\u00e9Que de souffrir clone masqu\u00e9Une existence de mouton. \u00bbPatrick Seignon. Samedi 22 ao\u00fbt 2020<\/p>\n","protected":false},"excerpt":{"rendered":"<p>SUBLIME COL\u00c8REDevra-t-on se dissimulerPour d\u00e9clamer notre passionNotre amour de l\u2019humanit\u00e9De ses visages par millionsLe c\u0153ur est au bout de la [&hellip;]<\/p>\n","protected":false},"author":1,"featured_media":4223,"comment_status":"open","ping_status":"open","sticky":false,"template":"","format":"standard","meta":{"sfsi_plus_gutenberg_text_before_share":"","sfsi_plus_gutenberg_show_text_before_share":"","sfsi_plus_gutenberg_icon_type":"","sfsi_plus_gutenberg_icon_alignemt":"","sfsi_plus_gutenburg_max_per_row":"","site-sidebar-layout":"default","site-content-layout":"","ast-site-content-layout":"default","site-content-style":"default","site-sidebar-style":"default","ast-global-header-display":"","ast-banner-title-visibility":"","ast-main-header-display":"","ast-hfb-above-header-display":"","ast-hfb-below-header-display":"","ast-hfb-mobile-header-display":"","site-post-title":"","ast-breadcrumbs-content":"","ast-featured-img":"","footer-sml-layout":"","ast-disable-related-posts":"","theme-transparent-header-meta":"","adv-header-id-meta":"","stick-header-meta":"","header-above-stick-meta":"","header-main-stick-meta":"","header-below-stick-meta":"","astra-migrate-meta-layouts":"default","ast-page-background-enabled":"default","ast-page-background-meta":{"desktop":{"background-color":"var(--ast-global-color-4)","background-image":"","background-repeat":"repeat","background-position":"center center","background-size":"auto","background-attachment":"scroll","background-type":"","background-media":"","overlay-type":"","overlay-color":"","overlay-opacity":"","overlay-gradient":""},"tablet":{"background-color":"","background-image":"","background-repeat":"repeat","background-position":"center center","background-size":"auto","background-attachment":"scroll","background-type":"","background-media":"","overlay-type":"","overlay-color":"","overlay-opacity":"","overlay-gradient":""},"mobile":{"background-color":"","background-image":"","background-repeat":"repeat","background-position":"center center","background-size":"auto","background-attachment":"scroll","background-type":"","background-media":"","overlay-type":"","overlay-color":"","overlay-opacity":"","overlay-gradient":""}},"ast-content-background-meta":{"desktop":{"background-color":"var(--ast-global-color-5)","background-image":"","background-repeat":"repeat","background-position":"center center","background-size":"auto","background-attachment":"scroll","background-type":"","background-media":"","overlay-type":"","overlay-color":"","overlay-opacity":"","overlay-gradient":""},"tablet":{"background-color":"var(--ast-global-color-5)","background-image":"","background-repeat":"repeat","background-position":"center center","background-size":"auto","background-attachment":"scroll","background-type":"","background-media":"","overlay-type":"","overlay-color":"","overlay-opacity":"","overlay-gradient":""},"mobile":{"background-color":"var(--ast-global-color-5)","background-image":"","background-repeat":"repeat","background-position":"center center","background-size":"auto","background-attachment":"scroll","background-type":"","background-media":"","overlay-type":"","overlay-color":"","overlay-opacity":"","overlay-gradient":""}},"footnotes":""},"categories":[16],"tags":[],"class_list":["post-639","post","type-post","status-publish","format-standard","has-post-thumbnail","hentry","category-archives-cms"],"_links":{"self":[{"href":"https:\/\/lavoiedessansvoix.fr\/lavoie\/wp-json\/wp\/v2\/posts\/639","targetHints":{"allow":["GET"]}}],"collection":[{"href":"https:\/\/lavoiedessansvoix.fr\/lavoie\/wp-json\/wp\/v2\/posts"}],"about":[{"href":"https:\/\/lavoiedessansvoix.fr\/lavoie\/wp-json\/wp\/v2\/types\/post"}],"author":[{"embeddable":true,"href":"https:\/\/lavoiedessansvoix.fr\/lavoie\/wp-json\/wp\/v2\/users\/1"}],"replies":[{"embeddable":true,"href":"https:\/\/lavoiedessansvoix.fr\/lavoie\/wp-json\/wp\/v2\/comments?post=639"}],"version-history":[{"count":1,"href":"https:\/\/lavoiedessansvoix.fr\/lavoie\/wp-json\/wp\/v2\/posts\/639\/revisions"}],"predecessor-version":[{"id":3297,"href":"https:\/\/lavoiedessansvoix.fr\/lavoie\/wp-json\/wp\/v2\/posts\/639\/revisions\/3297"}],"wp:featuredmedia":[{"embeddable":true,"href":"https:\/\/lavoiedessansvoix.fr\/lavoie\/wp-json\/wp\/v2\/media\/4223"}],"wp:attachment":[{"href":"https:\/\/lavoiedessansvoix.fr\/lavoie\/wp-json\/wp\/v2\/media?parent=639"}],"wp:term":[{"taxonomy":"category","embeddable":true,"href":"https:\/\/lavoiedessansvoix.fr\/lavoie\/wp-json\/wp\/v2\/categories?post=639"},{"taxonomy":"post_tag","embeddable":true,"href":"https:\/\/lavoiedessansvoix.fr\/lavoie\/wp-json\/wp\/v2\/tags?post=639"}],"curies":[{"name":"wp","href":"https:\/\/api.w.org\/{rel}","templated":true}]}}