{"id":638,"date":"2020-08-28T00:24:00","date_gmt":"2020-08-27T22:24:00","guid":{"rendered":"https:\/\/lavoiedessansvoix.fr\/lavoie\/2020\/08\/28\/archive-chers-amis-lecteurs-citoyens-libres\/"},"modified":"2026-04-26T21:01:51","modified_gmt":"2026-04-26T19:01:51","slug":"archive-chers-amis-lecteurs-citoyens-libres","status":"publish","type":"post","link":"https:\/\/lavoiedessansvoix.fr\/lavoie\/2020\/08\/28\/archive-chers-amis-lecteurs-citoyens-libres\/","title":{"rendered":"Chers amis lecteurs, citoyens libres,"},"content":{"rendered":"<p>Chers amis lecteurs, citoyens libres, ]Je porte \u00e0 votre connaissance deux articles qui rendent compte de la grogne montante contre le port du masque et de mani\u00e8re g\u00e9n\u00e9rale les \u00ab mesures sanitaires \u00bb du gouvernement. Vous rel\u00e8verez que dans le premier de ceux-ci il est \u00e9crit : \u00ab Plus pr\u00e9cis\u00e9ment, 12% refusent le port du masque s\u2019il n\u2019est pas obligatoire et 26% d\u00e9fieront la r\u00e8gle impos\u00e9e par le gouvernement. Une majorit\u00e9 de Fran\u00e7ais (62%) se plieront \u00e0 la consigne, 36% par obligation et 25% volontairement. \u00bb Il y a donc d\u00e9j\u00e0 38 % des fran\u00e7ais, et non plus 20 comme cela \u00e9tait admis il y a quelques jours, qui sont en rupture totale avec les mesures gouvernementale et 36 % qui ne se plieront \u00e0 la consigne que \u00ab \u00bbpar obligation \u00bb c\u2019est-\u00e0-dire sous la contrainte, par crainte de l\u2019amende de 135 euros. Or, 38 plus 36 cela fait74 % des fran\u00e7ais qui sont donc en d\u00e9licatesse avec les mesures impos\u00e9es par le gouvernement.D\u2019autre part, la vid\u00e9o \u00ab Youtube \u00bb du professeur Jean-Fran\u00e7ois Toussaint a atteint le chiffre consid\u00e9rable de plus de 900 000 vues. La courbe des visites se tasse. Je penses qu\u2019ils  ont d\u00e9cid\u00e9 de le stopper avant le chiffre symbolique de 1 million de vues. Mais ce n\u2019est pas bien grave. Le chiffre d\u00e9j\u00e0 atteint est faramineux et illustre fort bien les interrogations qui habitent les esprits.La contestation monte et prend de l\u2019ampleur, malgr\u00e9 la terreur r\u00e9pandue par les m\u00e9dias, malgr\u00e9 la menace des amendes, malgr\u00e9 la censure des \u00e9crits et manifestations contestataires. Contestation encore \u00ab soft \u00bb, mais comme le dit Ren\u00e9 Chiche (dans l\u2019article ci-dessous) qui pourrait bien se changer en \u00ab d\u00e9sob\u00e9issance \u00bb. Oui vous savez cette d\u00e9sob\u00e9issance civile \u00bb que j\u2019\u00e9voquais dans mon article du 20 juillet intitul\u00e9 \u00ab Tombez les masques, respirez le grand air de la libert\u00e9 \u00bb \u00ab Appel \u00e0 la d\u00e9sob\u00e9issance civile). Il faudra bien y venir car on ne pourra pas \u00e0 un moment donn\u00e9 ob\u00e9ir aux injonctions \u00ab sanitaires \u00bb du gouvernement et lui d\u00e9sob\u00e9ir \u00e0 la fois sur le terrain de la contestation sociale. La r\u00e9ussite des n\u00e9cessaires mobilisations de la rentr\u00e9e passe par le rejet pr\u00e9alable du masque.Je ne peux qu\u2019encourager ceux d\u2019entre vous qui contestent comme moi \u00e0 rester fermes et d\u00e9termin\u00e9s dans leurs refus, \u00e0 faire circuler l\u2019information, \u00e0 ne pas h\u00e9siter \u00e0 s\u2019exprimer eux-m\u00eames. Le moment pourrait ne plus tarder o\u00f9 nous pourront passer de la contestation passive \u00e0 des formes plus offensives.\u00ab No mask \u00bbAvec mes amiti\u00e9s \u00e0 vous tous. Patrick Seignon. Vendredi 27 ao\u00fbt 2020.Fronde anti-masques: \u00abla seule chose que le port du masque permet d\u2019\u00e9viter, ce sont les amendes\u00bb\u00a9 CC0 \/ AnestievFrance18:45 27.08.2020(mis \u00e0 jour 19:10 27.08.2020) URL courtePar Fabien BuzzancaDossier: Le d\u00e9confinement en France (65) 171198La grogne monte \u00e0 propos de la g\u00e9n\u00e9ralisation du port du masque, d\u00e9cid\u00e9e pour faire face \u00e0 la mont\u00e9e du Covid-19. Pr\u00e8s d\u2019un quart des Fran\u00e7ais pourraient d\u00e9fier l\u2019injonction gouvernementale de le porter au travail. Une obligation qui r\u00e9volte Ren\u00e9 Chiche, professeur de philosophie et vice-pr\u00e9sident d\u2019Action et D\u00e9mocratie. Il s\u2019est confi\u00e9 \u00e0 Sputnik.La France avance masqu\u00e9e. C\u2019est la direction choisie par l\u2019ex\u00e9cutif afin de lutter contre la \u00abrecrudescence incontestable de l\u2019&rsquo;\u00e9pid\u00e9mie\u00bb de Covid-19 qui \u00abprogresse sur tout le territoire\u00bb.Selon les donn\u00e9es de Sant\u00e9 publique France, plus de 5.000  cas de coronavirus ont \u00e9t\u00e9 enregistr\u00e9s en France le 26  ao\u00fbt, un record depuis la fin du confinement en mai dernier. \u00abLe taux de reproduction du virus se situe au-dessus de 1, ce qui signifie qu\u2019&rsquo;il gagne du terrain. Nous \u00e9tions redescendus \u00e0 0,7 en mai. Nous sommes remont\u00e9s \u00e0 1,4\u00bb, et \u00abla positivit\u00e9 augmente pour toutes les tranches d\u2019&rsquo;\u00e2ge\u00bb, a pr\u00e9cis\u00e9 Jean Castexle Premier ministre Jean Castex.\u00abHypocrisie totale\u00bbAfin de lutter contre la propagation du virus, le port du masque se g\u00e9n\u00e9ralise donc: \u00e0 l\u2019\u00e9cole, en entreprise, et m\u00eame dans la rue. Le 27  ao\u00fbt, le Premier ministre Jean Castex a annonc\u00e9 qu\u2019il serait d\u00e9sormais obligatoire dans les rues de Paris. C\u2019est d\u00e9j\u00e0 le cas \u00e0 Marseille, deuxi\u00e8me ville de France.\u00abCe \u00e0 quoi nous assistons rel\u00e8ve de l\u2019hypocrisie totale. C\u2019est la solution du pauvre qui est choisie au lieu de vraies mesures qui seraient \u00e0 la hauteur de la crise sanitaire, si crise sanitaire il y a. L\u2019ex\u00e9cutif se contente du service minimum et impose le port d\u2019un masque qui \u00e9tait encore jug\u00e9 inutile il y a quelques mois\u00bb, explique au micro de Sputnik Ren\u00e9 Chiche, professeur de philosophie et membre du Conseil sup\u00e9rieur de l\u2019\u00e9ducation.D\u2019une mani\u00e8re plus g\u00e9n\u00e9rale, le chef du gouvernement a expliqu\u00e9 que les Fran\u00e7ais devront porter un masque dans tous les espaces ferm\u00e9s o\u00f9 se situent plusieurs individus, \u00abqu\u2019&rsquo;il s\u2019&rsquo;agisse d\u2019&rsquo;un train, d\u2019&rsquo;une salle de r\u00e9union ou d\u2019&rsquo;un supermarch\u00e9\u00bb. Mais sans donner de date.Ren\u00e9 Chiche rel\u00e8ve le virage \u00e0 180  degr\u00e9s de l\u2019ex\u00e9cutif sur la question du port du masque. Sur TF1, le 13  mars, \u00c9douard Philippe, l\u2019ex alors Premier ministre, Edouard Philippe d\u00e9clarait: \u00abLe port de masque, en population g\u00e9n\u00e9rale dans la rue, \u00e7a ne sert \u00e0 rien.\u00bb Dans Le Point du 16  avril, c\u2019est Emmanuel Macron lui-m\u00eame qui y allait de son commentaire: \u00abJe refuse de recommander le port du masque pour tous et jamais le gouvernement ne l\u2019a fait.\u00bb\u00abJe pense que le manque de cr\u00e9dibilit\u00e9 de la parole du gouvernement est encore plus inqui\u00e9tant que la crise sanitaire, qui n\u2019est objectivement pas si grave que cela. La crise morale engendr\u00e9e par la parole sans contenu qui est celle de l\u2019ex\u00e9cutif est pr\u00e9occupante\u00bb, se d\u00e9sole Ren\u00e9 Chiche, \u00e9galement vice-pr\u00e9sident du syndicat Action et D\u00e9mocratie CFE-CGC.Alors que la rentr\u00e9e du 1er septembre approche, Jean-Michel Blanquer, le ministre de l\u2019Education\u00c9ducation nationale, Jean-Michel Blanquer a apport\u00e9 des pr\u00e9cisions concernant les r\u00e8gles du port du masque. Ce dernier a expliqu\u00e9 qu\u2019il serait obligatoire \u00e0 partir du coll\u00e8ge, y compris \u00e0 la r\u00e9cr\u00e9ation pour cette rentr\u00e9e scolaire. Pour les professeurs, le port du masque obligatoire est syst\u00e9matique de la maternelle au lyc\u00e9e.Une obligation qui r\u00e9volte Ren\u00e9 Chiche, qui envisage d\u00e9j\u00e0 une gr\u00e8ve du silence:\u00abJe ne ferai pas cours avec le masque. Si l\u2019on m\u2019impose de le porter, je ne pourrai pas d\u00e9roger \u00e0 la r\u00e8gle, mais je ne prononcerai pas un mot\u00bb, mart\u00e8le Ren\u00e9 Chiche.Le masque deviendra-t-il un b\u00e2illon? \u00abLe gouvernement conna\u00eet la situation depuis le mois de mai. Il avait quatre mois pour pr\u00e9parer une rentr\u00e9e s\u00e9rieuse. Au lieu de cela, il ne s\u2019est occup\u00e9 de rien et se contente d\u2019\u00e9dicter \u00e0 quelques jours de la rentr\u00e9e des r\u00e8gles qui ne sont pas compatibles avec l\u2019exercice du m\u00e9tier d\u2019enseignant\u00bb, ajoute le professeur de philosophie.Non-port du masque: 700 verbalisations par jourCes mesures sanitaires provoquent beaucoup de critiques. D\u2019apr\u00e8s une r\u00e9cente enqu\u00eate de la plateforme de recrutement par int\u00e9rim  Qapa, 38% des Fran\u00e7ais ne veulent pas porter un masque dans leur entreprise, alors qu\u2019e \u00c9lisabeth Borne, la ministre du tTravail, Elisabeth Borne a annonc\u00e9 qu\u2019il serait obligatoire \u00e0 partir du 1er  septembre. Plus pr\u00e9cis\u00e9ment, 12% refusent le port du masque s\u2019il n\u2019est pas obligatoire et 26% d\u00e9fieront la r\u00e8gle impos\u00e9e par le gouvernement. Une majorit\u00e9 de Fran\u00e7ais (62%) se plieront \u00e0 la consigne, 36% par obligation et 25% volontairement.Du c\u00f4t\u00e9 des professeurs, des voix s\u2019\u00e9l\u00e8vent pour critiquer les mesures du gouvernement. L\u2019enseignant et essayiste Jean-Paul Brighelli exprimait r\u00e9cemment sur \u00e0 Sputnik sa col\u00e8re face \u00e0 \u00abune situation de panique qui vire \u00e0 la psychose\u00bb.M\u00eame son de cloche du c\u00f4t\u00e9 de Ren\u00e9 Chiche:\u00abIl aurait fallu faire une diff\u00e9renciation territoriale. Il est absolument absurde d\u2019imposer la m\u00eame r\u00e8gle partout sans tenir compte de la circulation du virus. De plus, un d\u00e9doublement des effectifs permettant d\u2019assurer une distanciation physique en divisant par deux de mani\u00e8re provisoire et ponctuelle le temps scolaire aurait \u00e9t\u00e9 plus efficace.\u00bbJean Castex s\u2019est montr\u00e9 ferme. Il a brandi le chiffre de 700  verbalisations par jour pour infraction aux r\u00e8gles du port du masque. Depuis le 17  ao\u00fbt, les autorit\u00e9s ont proc\u00e9d\u00e9 dans les \u00e9tablissements recevant du public \u00e0 30.000  contr\u00f4les, qui ont donn\u00e9 lieu \u00e0 1.900  mesures de police et 53  fermetures.\u00abIl ne suffit pas d\u2019&rsquo;\u00e9dicter des obligations, encore faut-il veiller \u00e0 leur respect\u00bb, a affirm\u00e9 le locataire de Matignon. D\u2019apr\u00e8s lui, il incombe aux autorit\u00e9s locales de d\u00e9cider \u00abde l\u2019&rsquo;intensification de ces actions qui, je ne le cache pas, est parfois n\u00e9cessaire\u00bb.\u00abOn rend la vie impossible aux gens. Ma femme, pour plaisanter, dit que la seule chose que le port du masque permet d\u2019\u00e9viter, ce sont les amendes. Je pense que les Fran\u00e7ais sont dans une situation d\u2019exasp\u00e9ration. Ils ont bon dos d\u2019accepter des mesures aussi absurdes et contradictoires. A \u00c0 un moment donn\u00e9, ils pourraient ne plus ob\u00e9ir\u00bb, conclut Ren\u00e9 Chiche.\u00c0 Marseille, des \u00e9lues critiquent les mesures sanitaires prises \u00abdepuis Paris\u00bb\u00a9 AFP 2020 DENIS CHARLETFrance21:07 27.08.2020URL courte331Alors que le gouvernement a annonc\u00e9 de nouvelles mesures de restriction dans les Bouches-du-Rh\u00f4ne pour lutter contre le Covid-19, des \u00e9lues font part de leur m\u00e9contentement. Elles d\u00e9noncent un manque de concertation, voire une forme de stigmatisation.Lors d\u2019une conf\u00e9rence de presse donn\u00e9e en compagnie de Didier Raoult, la maire de Marseille Mich\u00e8le Rubirola (EELV) et la pr\u00e9sidente du conseil d\u00e9partemental Martine Vassal (LR) ont fustig\u00e9 les nouvelles mesures sanitaires d\u00e9cid\u00e9es par le gouvernement pour les Bouches-du-Rh\u00f4ne.La maire de la ville a en particulier critiqu\u00e9 la fermeture des bars et restaurants apr\u00e8s 23 heures, regrettant que l\u2019horaire de minuit, d\u2019abord envisag\u00e9 avec le pr\u00e9fet de r\u00e9gion, ait \u00e9t\u00e9 rejet\u00e9. Mich\u00e8le Rubirola a \u00e9galement qualifi\u00e9 \u00abd\u2019inenvisageable\u00bb un \u00e9ventuel reconfinement dans la cit\u00e9 phoc\u00e9enne. L\u2019\u00e9dile s\u2019est dite agac\u00e9e qu\u2019une telle mesure ait \u00e9t\u00e9 envisag\u00e9e pour Marseille et non pour Paris, d\u00e9non\u00e7ant un \u00abdeux poids deux mesures\u00bb.Une opinion partag\u00e9e par Martine Vassal qui a parl\u00e9 d\u2019un potentiel reconfinement comme d\u2019une \u00abune \u00e9p\u00e9e de Damocl\u00e8s au-dessus de nos t\u00eates qui serait catastrophique\u00bb.Les deux \u00e9lues ont plus g\u00e9n\u00e9ralement d\u00e9plor\u00e9 le manque de concertation entre le gouvernement et les \u00e9lus locaux quant aux nouvelles mesures sanitaires.\u00abLe gouvernement a d\u00e9cid\u00e9 depuis Paris de ce qui serait bon pour notre ville, sans engager le dialogue n\u00e9cessaire avec les \u00e9lus, et surtout sans nous donner les moyens de faire respecter les d\u00e9cisions qui sont les siennes\u00bb, a expliqu\u00e9 Mich\u00e8le Rubirola devant la presse.Marseille, \u00abmauvais petit canard\u00bb?Les mesures sanitaires prises par le gouvernement interviennent alors que la ville de Marseille est confront\u00e9e \u00e0 une recrudescence de cas de Covid-19. Le taux d\u2019infection au coronavirus est en effet cinq fois sup\u00e9rieur \u00e0 la moyenne nationale dans la cit\u00e9 phoc\u00e9enne. Le taux d\u2019incidence y est de 177 cas pour 100.000 habitants, contre 33 pour 100.000 \u00e0 l\u2019\u00e9chelle nationale.Au cours de la conf\u00e9rence de presse avec les deux \u00e9lues, le professeur Didier Raoult a n\u00e9anmoins affirm\u00e9 que la mortalit\u00e9 pour les cas diagnostiqu\u00e9s \u00e9tait moins \u00e9lev\u00e9e \u00e0 Marseille qu\u2019\u00e0 Paris.Une situation qui fait dire \u00e0 Martine Vassal que les Marseillais sont montr\u00e9s \u00e0 tort comme \u00abdes mauvais petits canards\u00bb. Mich\u00e8le Rubirola abonde dans le m\u00eame sens, parlant m\u00eame d\u2019une forme de stigmatisation.\u00abD&rsquo;apr\u00e8s les chiffres, Marseille n&rsquo;est pas le mauvais \u00e9l\u00e8ve que l&rsquo;on a voulu faire croire. Sur quels crit\u00e8res on nous stigmatise? Pour qu&rsquo;une mesure soit prise, il faut qu&rsquo;elle soit comprise et c&rsquo;est vrai que les habitants ne les comprennent pas\u00bb, a d\u00e9clar\u00e9 l\u2019\u00e9dile en conf\u00e9rence de presse.Outre la fermeture des bars et restaurants apr\u00e8s 23 heures, le port du masque a \u00e9galement \u00e9t\u00e9 d\u00e9clar\u00e9 obligatoire sur l\u2019ensemble de l\u2019espace public marseillais. Ces mesures resteront en vigueur jusqu\u2019au 30 septembre, a pr\u00e9cis\u00e9 la pr\u00e9fecture dans un communiqu\u00e9.<\/p>\n","protected":false},"excerpt":{"rendered":"<p>Chers amis lecteurs, citoyens libres, ]Je porte \u00e0 votre connaissance deux articles qui rendent compte de la grogne montante contre [&hellip;]<\/p>\n","protected":false},"author":1,"featured_media":4222,"comment_status":"open","ping_status":"open","sticky":false,"template":"","format":"standard","meta":{"sfsi_plus_gutenberg_text_before_share":"","sfsi_plus_gutenberg_show_text_before_share":"","sfsi_plus_gutenberg_icon_type":"","sfsi_plus_gutenberg_icon_alignemt":"","sfsi_plus_gutenburg_max_per_row":"","site-sidebar-layout":"default","site-content-layout":"","ast-site-content-layout":"default","site-content-style":"default","site-sidebar-style":"default","ast-global-header-display":"","ast-banner-title-visibility":"","ast-main-header-display":"","ast-hfb-above-header-display":"","ast-hfb-below-header-display":"","ast-hfb-mobile-header-display":"","site-post-title":"","ast-breadcrumbs-content":"","ast-featured-img":"","footer-sml-layout":"","ast-disable-related-posts":"","theme-transparent-header-meta":"","adv-header-id-meta":"","stick-header-meta":"","header-above-stick-meta":"","header-main-stick-meta":"","header-below-stick-meta":"","astra-migrate-meta-layouts":"default","ast-page-background-enabled":"default","ast-page-background-meta":{"desktop":{"background-color":"var(--ast-global-color-4)","background-image":"","background-repeat":"repeat","background-position":"center center","background-size":"auto","background-attachment":"scroll","background-type":"","background-media":"","overlay-type":"","overlay-color":"","overlay-opacity":"","overlay-gradient":""},"tablet":{"background-color":"","background-image":"","background-repeat":"repeat","background-position":"center center","background-size":"auto","background-attachment":"scroll","background-type":"","background-media":"","overlay-type":"","overlay-color":"","overlay-opacity":"","overlay-gradient":""},"mobile":{"background-color":"","background-image":"","background-repeat":"repeat","background-position":"center center","background-size":"auto","background-attachment":"scroll","background-type":"","background-media":"","overlay-type":"","overlay-color":"","overlay-opacity":"","overlay-gradient":""}},"ast-content-background-meta":{"desktop":{"background-color":"var(--ast-global-color-5)","background-image":"","background-repeat":"repeat","background-position":"center center","background-size":"auto","background-attachment":"scroll","background-type":"","background-media":"","overlay-type":"","overlay-color":"","overlay-opacity":"","overlay-gradient":""},"tablet":{"background-color":"var(--ast-global-color-5)","background-image":"","background-repeat":"repeat","background-position":"center center","background-size":"auto","background-attachment":"scroll","background-type":"","background-media":"","overlay-type":"","overlay-color":"","overlay-opacity":"","overlay-gradient":""},"mobile":{"background-color":"var(--ast-global-color-5)","background-image":"","background-repeat":"repeat","background-position":"center center","background-size":"auto","background-attachment":"scroll","background-type":"","background-media":"","overlay-type":"","overlay-color":"","overlay-opacity":"","overlay-gradient":""}},"footnotes":""},"categories":[16],"tags":[],"class_list":["post-638","post","type-post","status-publish","format-standard","has-post-thumbnail","hentry","category-archives-cms"],"_links":{"self":[{"href":"https:\/\/lavoiedessansvoix.fr\/lavoie\/wp-json\/wp\/v2\/posts\/638","targetHints":{"allow":["GET"]}}],"collection":[{"href":"https:\/\/lavoiedessansvoix.fr\/lavoie\/wp-json\/wp\/v2\/posts"}],"about":[{"href":"https:\/\/lavoiedessansvoix.fr\/lavoie\/wp-json\/wp\/v2\/types\/post"}],"author":[{"embeddable":true,"href":"https:\/\/lavoiedessansvoix.fr\/lavoie\/wp-json\/wp\/v2\/users\/1"}],"replies":[{"embeddable":true,"href":"https:\/\/lavoiedessansvoix.fr\/lavoie\/wp-json\/wp\/v2\/comments?post=638"}],"version-history":[{"count":1,"href":"https:\/\/lavoiedessansvoix.fr\/lavoie\/wp-json\/wp\/v2\/posts\/638\/revisions"}],"predecessor-version":[{"id":3295,"href":"https:\/\/lavoiedessansvoix.fr\/lavoie\/wp-json\/wp\/v2\/posts\/638\/revisions\/3295"}],"wp:featuredmedia":[{"embeddable":true,"href":"https:\/\/lavoiedessansvoix.fr\/lavoie\/wp-json\/wp\/v2\/media\/4222"}],"wp:attachment":[{"href":"https:\/\/lavoiedessansvoix.fr\/lavoie\/wp-json\/wp\/v2\/media?parent=638"}],"wp:term":[{"taxonomy":"category","embeddable":true,"href":"https:\/\/lavoiedessansvoix.fr\/lavoie\/wp-json\/wp\/v2\/categories?post=638"},{"taxonomy":"post_tag","embeddable":true,"href":"https:\/\/lavoiedessansvoix.fr\/lavoie\/wp-json\/wp\/v2\/tags?post=638"}],"curies":[{"name":"wp","href":"https:\/\/api.w.org\/{rel}","templated":true}]}}