{"id":636,"date":"2020-08-31T02:05:00","date_gmt":"2020-08-31T00:05:00","guid":{"rendered":"https:\/\/lavoiedessansvoix.fr\/lavoie\/2020\/08\/31\/archive-le-bilan-au-liban\/"},"modified":"2026-04-26T21:01:33","modified_gmt":"2026-04-26T19:01:33","slug":"archive-le-bilan-au-liban","status":"publish","type":"post","link":"https:\/\/lavoiedessansvoix.fr\/lavoie\/2020\/08\/31\/archive-le-bilan-au-liban\/","title":{"rendered":"LE BILAN AU LIBAN"},"content":{"rendered":"<p>LE BILAN AU LIBANAu terme de bient\u00f4t dix ann\u00e9es de chamboulement et de guerres civiles dans le monde arabo-musulman, inaugur\u00e9es en 2011 en Tunisie, sous les titres glorieux de \u00ab R\u00e9volutions \u00bb et de \u00ab Printemps arabes \u00bb, est-ce donc au Liban qu\u2019en sera tir\u00e9 le Bilan ?Apr\u00e8s les semaines d\u2019agitation sociale de l\u2019automne 2019, qui avait r\u00e9v\u00e9l\u00e9 la profonde crise de la soci\u00e9t\u00e9 et du syst\u00e8me politique libanais, le cataclysme que fut la gigantesque r\u00e9cente explosion du port de Beyrouth parait devoir pr\u00e9cipiter le destin politique du Liban.Le Pr\u00e9sident de la R\u00e9publique libanaise, Michel Aoun, Chr\u00e9tien maronite comme le veut la constitution actuelle du Liban confessionnel, vient d\u2019en appeler \u00e0 une profonde r\u00e9forme du syst\u00e8me politique, \u00e0 abandonner le syst\u00e8me confessionnel pour fonder un Liban La\u00efc.Alors bien entendu on verra certains sous peu se gausser d\u2019\u00eatres les inspirateurs de cette \u00e9volution. Y voir une victoire de la d\u00e9mocratie et la justification des ing\u00e9rences occidentales au Moyen-Orient. La cons\u00e9quence de l\u2019influence b\u00e9n\u00e9fique de la France.Mais en v\u00e9rit\u00e9 un tel \u00e9v\u00e8nement, s\u2019il se confirme,  signerait la d\u00e9faite totale des entreprises de d\u00e9stabilisation du Moyen-Orient qui voulaient faire \u00e9clater les Etats-Nations existants en une multitude d\u2019Etats confessionnels ou ethniques. Il signerait la d\u00e9bandade des diplomaties occidentales.Un Liban La\u00efque conforterait l\u2019Erat la\u00efque Syrien et pourrait inspirer un destin la\u00efc \u00e0 l\u2019Irak. Sur cette base les revendications  s\u00e9cessionnistes Kurdes ou  sunnites perdraient de leur efficience.Alors le nouveau Liban La\u00efque inaugurerait-il peut-\u00eatre une v\u00e9ritable nouvelle \u00e8re pour le monde arabo-musulman, promis cette fois \u00e0 un v\u00e9ritable printemps fleuri et non sanglant. Patrick Seignon. \u00ab lavoiedessansvoix.fr \u00bb. Lundi 31 ao\u00fbt 2020.<\/p>\n","protected":false},"excerpt":{"rendered":"<p>LE BILAN AU LIBANAu terme de bient\u00f4t dix ann\u00e9es de chamboulement et de guerres civiles dans le monde arabo-musulman, inaugur\u00e9es [&hellip;]<\/p>\n","protected":false},"author":1,"featured_media":4220,"comment_status":"open","ping_status":"open","sticky":false,"template":"","format":"standard","meta":{"sfsi_plus_gutenberg_text_before_share":"","sfsi_plus_gutenberg_show_text_before_share":"","sfsi_plus_gutenberg_icon_type":"","sfsi_plus_gutenberg_icon_alignemt":"","sfsi_plus_gutenburg_max_per_row":"","site-sidebar-layout":"default","site-content-layout":"","ast-site-content-layout":"default","site-content-style":"default","site-sidebar-style":"default","ast-global-header-display":"","ast-banner-title-visibility":"","ast-main-header-display":"","ast-hfb-above-header-display":"","ast-hfb-below-header-display":"","ast-hfb-mobile-header-display":"","site-post-title":"","ast-breadcrumbs-content":"","ast-featured-img":"","footer-sml-layout":"","ast-disable-related-posts":"","theme-transparent-header-meta":"","adv-header-id-meta":"","stick-header-meta":"","header-above-stick-meta":"","header-main-stick-meta":"","header-below-stick-meta":"","astra-migrate-meta-layouts":"default","ast-page-background-enabled":"default","ast-page-background-meta":{"desktop":{"background-color":"var(--ast-global-color-4)","background-image":"","background-repeat":"repeat","background-position":"center center","background-size":"auto","background-attachment":"scroll","background-type":"","background-media":"","overlay-type":"","overlay-color":"","overlay-opacity":"","overlay-gradient":""},"tablet":{"background-color":"","background-image":"","background-repeat":"repeat","background-position":"center center","background-size":"auto","background-attachment":"scroll","background-type":"","background-media":"","overlay-type":"","overlay-color":"","overlay-opacity":"","overlay-gradient":""},"mobile":{"background-color":"","background-image":"","background-repeat":"repeat","background-position":"center center","background-size":"auto","background-attachment":"scroll","background-type":"","background-media":"","overlay-type":"","overlay-color":"","overlay-opacity":"","overlay-gradient":""}},"ast-content-background-meta":{"desktop":{"background-color":"var(--ast-global-color-5)","background-image":"","background-repeat":"repeat","background-position":"center center","background-size":"auto","background-attachment":"scroll","background-type":"","background-media":"","overlay-type":"","overlay-color":"","overlay-opacity":"","overlay-gradient":""},"tablet":{"background-color":"var(--ast-global-color-5)","background-image":"","background-repeat":"repeat","background-position":"center center","background-size":"auto","background-attachment":"scroll","background-type":"","background-media":"","overlay-type":"","overlay-color":"","overlay-opacity":"","overlay-gradient":""},"mobile":{"background-color":"var(--ast-global-color-5)","background-image":"","background-repeat":"repeat","background-position":"center center","background-size":"auto","background-attachment":"scroll","background-type":"","background-media":"","overlay-type":"","overlay-color":"","overlay-opacity":"","overlay-gradient":""}},"footnotes":""},"categories":[16],"tags":[],"class_list":["post-636","post","type-post","status-publish","format-standard","has-post-thumbnail","hentry","category-archives-cms"],"_links":{"self":[{"href":"https:\/\/lavoiedessansvoix.fr\/lavoie\/wp-json\/wp\/v2\/posts\/636","targetHints":{"allow":["GET"]}}],"collection":[{"href":"https:\/\/lavoiedessansvoix.fr\/lavoie\/wp-json\/wp\/v2\/posts"}],"about":[{"href":"https:\/\/lavoiedessansvoix.fr\/lavoie\/wp-json\/wp\/v2\/types\/post"}],"author":[{"embeddable":true,"href":"https:\/\/lavoiedessansvoix.fr\/lavoie\/wp-json\/wp\/v2\/users\/1"}],"replies":[{"embeddable":true,"href":"https:\/\/lavoiedessansvoix.fr\/lavoie\/wp-json\/wp\/v2\/comments?post=636"}],"version-history":[{"count":1,"href":"https:\/\/lavoiedessansvoix.fr\/lavoie\/wp-json\/wp\/v2\/posts\/636\/revisions"}],"predecessor-version":[{"id":3291,"href":"https:\/\/lavoiedessansvoix.fr\/lavoie\/wp-json\/wp\/v2\/posts\/636\/revisions\/3291"}],"wp:featuredmedia":[{"embeddable":true,"href":"https:\/\/lavoiedessansvoix.fr\/lavoie\/wp-json\/wp\/v2\/media\/4220"}],"wp:attachment":[{"href":"https:\/\/lavoiedessansvoix.fr\/lavoie\/wp-json\/wp\/v2\/media?parent=636"}],"wp:term":[{"taxonomy":"category","embeddable":true,"href":"https:\/\/lavoiedessansvoix.fr\/lavoie\/wp-json\/wp\/v2\/categories?post=636"},{"taxonomy":"post_tag","embeddable":true,"href":"https:\/\/lavoiedessansvoix.fr\/lavoie\/wp-json\/wp\/v2\/tags?post=636"}],"curies":[{"name":"wp","href":"https:\/\/api.w.org\/{rel}","templated":true}]}}