{"id":635,"date":"2020-09-02T03:02:00","date_gmt":"2020-09-02T01:02:00","guid":{"rendered":"https:\/\/lavoiedessansvoix.fr\/lavoie\/2020\/09\/02\/archive-nsulte-a-x\/"},"modified":"2026-04-26T21:01:24","modified_gmt":"2026-04-26T19:01:24","slug":"archive-nsulte-a-x","status":"publish","type":"post","link":"https:\/\/lavoiedessansvoix.fr\/lavoie\/2020\/09\/02\/archive-nsulte-a-x\/","title":{"rendered":"NSULTE A X"},"content":{"rendered":"<p>INSULTE A XJe me baladai serein dans les rues d\u00e9sertes de ma ville, quand approchant de la place de la Marne, sur les bords de l\u2019Indre, o\u00f9 r\u00e9side la statue d\u2019Alfred de Vigny, j\u2019aper\u00e7ois un attroupement. Le contraste \u00e9tait grand entre la solitude des rues et cette foule inattendue. Tir\u00e9 de mes r\u00eaveries, ma curiosit\u00e9 piqu\u00e9 au vif, je m\u2019approchai \u00ab la gueule enfarin\u00e9. Un h\u00e9licopt\u00e8re venait juste de de se poser sur le rond-point de la gare ; Un homme masqu\u00e9 allait en descendre, la foule applaudissait, encore perch\u00e9 il la dominait, son regard se porta sur moi auquel ses \u00ab groupies \u00bb ne pr\u00eataient aucune attention. Il me h\u00e8le : \u00ab eh vous Monsieur mettais un masque : Aucune erreur possible, l\u2019apostrophe ne pouvait s\u2019adresser qu\u2019\u00e0 moi, j\u2019\u00e9tais le seul de cette assembl\u00e9e fantomatique \u00e0 n\u2019en pas porter. Et moi qui n\u2019aime gu\u00e8re me faire invectiver ainsi de r\u00e9pondre du tac au tac sans plus r\u00e9fl\u00e9chir : \u00ab de quoi tu te m\u00eales grand con \u00bb. \u00ab Le mec \u00bb se tourne vers un grand type brun \u00e0 l\u2019allure athl\u00e9tique, genre Benalla, qui se tenait derri\u00e8re lui et lui souffle quelques mots que personne n\u2019entend. Me voil\u00e0 aussit\u00f4t encercl\u00e9 de dix \u00ab Bacqueux \u00bb au moins, qui me bousculent, me secouent et tentent de me tordre les bras. Je me d\u00e9bats, j\u2019\u00e9chappe : \u00ab Vous \u00eates fous, m\u2019\u00e9criai-je, que signifie ? \u00bb Et plusieurs me braquant qui avec un flingue, qui avec une bombe lacrymog\u00e8ne, qui avec une matraque t\u00e9lescopique ils hurlent que je veux les tuer. C\u2019est vous qui me braquaient fais-je remarquer laconique, avec quoi voulez-vous que je vous tue ? \u00ab Avec la Covid pardi ! Tu n\u2019as pas de masque \u00bb. Sur ce ils me renversent, me colle ventre au sol, m\u2019infligent quelques dizaines de claques, m\u2019\u00e9tranglent, me .torde les bras et parviennent \u00e0 me menotter Ils me livrent alors aux gendarmes locaux qui sont arriv\u00e9s sur les lieux. Garde \u00e0 vue au motif d\u2019une entreprise terroriste. J\u2019ai voulu tuer le \u00ab Pr\u00e9sident de la R\u00e9publique \u00bb, (ah c\u2019\u00e9tait lui ?) en lui soufflant mon Covid dans les NarinesJe tente de me d\u00e9fendre, verbalement s\u2019entend.1)\tje ne pouvais pas lui souffler dans les narines il avait un masque2)\tJ\u2019\u00e9tais trop loin de lui3)\tPour lui transmettre le Covid encore faudrait-il que je l\u2019ai moi-m\u00eameArgument imparable : \u00ab Tu l\u2019as puisque t\u2019a pas de masque ! \u00bb4)\td\u2019ailleurs comment le tuer avec une maladie qui si elle tue ne tue que rarement et pas tout de suite et qui d\u2019ailleurs n\u2019a plus gu\u00e8re tuer personne depuis plusieurs mois.Alors l\u00e0 j\u2019ai apparemment pass\u00e9 les bornes de leur patience.Je ne dirai plus un mot sans la pr\u00e9sence de mon avocat.D\u00e9luge d\u2019invectives. L\u2019id\u00e9e que mon avocat puisse voir l\u2019\u00e9tat dans lequel les Baqueux m\u2019avaient livr\u00e9 les mettait en rage. \u00ab Vous (les gendarmes sont tout de m\u00eame plus polis) \u00eates suspect\u00e9 d\u2019entreprise terroriste, On va vous garder 6 jours. Vous n\u2019aurez droit \u00e0 la pr\u00e9sence de votre avocat que dans 72 heuresAlors je veux un m\u00e9decin Ils disent que je suis un impertinent et que je vais le payer tr\u00e8s cher Durant ma garde \u00e0 vue on m\u2019a conduit \u00e0 l\u2019h\u00f4pital entre deux gendarmes et malgr\u00e9 mes protestations on m\u2019a fait subir de force un test de d\u00e9pistage du Covid. Ils m\u2019ont enfonc\u00e9 un coton-tige dans les narines jusqu\u2019aux trompes d\u2019Eustaches. Depuis j\u2019ai les sinus douloureux et je n\u2019arr\u00eate pas d\u2019\u00e9ternuer. Pour l\u2019entreprise terroriste \u00e7a n\u2019a pas tenu Le test \u00e9tait n\u00e9gatif. \u00ab Je n\u2019\u00e9tais donc pas arm\u00e9 \u00bb.  J\u2019ai le visage tum\u00e9fi\u00e9 et douloureux, D\u2019ailleurs les m\u00e9decins m\u2019ont fait un certificat temporaire d\u2019exemption ; Je n\u2019ai toujours pas de masque, son contact me serait insupportableLe juge d\u2019instruction m\u2019a tout de m\u00eame signifi\u00e9 mon inculpation pour les motifs suivants, non port du masque, injures et r\u00e9bellion \u00e0 agents de la force publique dans l\u2019exercice de leurs fonctions et, cerise sur le g\u00e2teau \u00ab insulte au Pr\u00e9sident de la R\u00e9publique. \u00ab R\u00e9bellion \u00e0 agent \u00bb. Vous ne trouvez pas qu\u2019ils sont un peu gonfl\u00e9s. Regardez ma gueule. Je n\u2019ai pas de masque et pourtant vous ne me reconnaitrez pas avant quinze jours au moins.Alors qu\u2019ils me rudoyaient je protestais de mes droits de citoyen libre, de mon droit de ne pas porter de masque. Je les entendis dire, \u00ab le r\u00e8glement c\u2019est le r\u00e8glement, la loi c\u2019est la loi, ta libert\u00e9 on se la met au cul \u00bb, je leur ai object\u00e9 avec ce qui me restait de souffle que \u00ab les SS raisonnaient ainsi. Que nul n\u2019est tenu d\u2019ob\u00e9ir aux lois iniques ni aux ordres arbitraires. \u00bb Il ne s\u2019agissait \u00e0 mon sens que d\u2019illustrer mon propos afin de le rendre plus pertinent. C\u2019est ce qu\u2019ils qualifient  \u00ab d\u2019injures aux agents des forces de l\u2019ordre \u00bb.Mais insulte au Pr\u00e9sident de la R\u00e9publique, pensez un peu. \u00ab Insulte \u00bb bon d\u2019accord, Je l\u2019admets j\u2019ai trait\u00e9 un farfadet quelconque de \u00ab grand con \u00bb, mais pas le Pr\u00e9sident. Il \u00e9tait masqu\u00e9, je ne pouvais pas savoir que c\u2019\u00e9tait lui. Sinon vous pensez bien, respectueux comme je suis que je me serais abstenu. Bon, vous direz que je suis \u00ab un peu con \u00bb, un mec qui descend du ciel comme Spiderman, entour\u00e9 de tout un staff, j\u2019aurais d\u00fb me douter qu\u2019il s\u2019agissait d\u2019une \u00ab huile \u00bb. Une huile oui mais pourquoi pr\u00e9cis\u00e9ment le Pr\u00e9sident ?Revenu chez moi j\u2019ai devis\u00e9 avec mon avocat. Il m\u2019a dit qu\u2019il allait faire un recours pour demander la requalification du \u00ab d\u00e9lit \u00bb, en \u00ab insulte \u00e0 X \u00bb. Mais une question angoissante m\u2019obs\u00e8de depuis. Comment ai-je fais, comment ai-je pu ce jour-l\u00e0 arriver si pr\u00e8s de l\u2019h\u00e9licopt\u00e8re pr\u00e9sidentiel ? Je me souviens qu\u2019il y a quelques mois lors de sa visite \u00e0 Amboise nous n\u2019avions pas pu, pour l\u2019accueillir gentiment, nous approcher \u00e0 moins de 4 kilom\u00e8tres de la ville. Par quels moyens, quelle \u00ab magie \u00bb ai-je pu l\u00e0 me trouver en plein c\u0153ur de \u00ab l\u2019\u00e9v\u00e8nement \u00bb ? Peut-\u00eatre ai-je tout simplement trop d\u2019imagination L\u2019imagination est en effet un formidable moyen de \u00ab transportation \u00bb avec lequel parait-il on peut m\u00eame \u00ab remonter le temps \u00bb. Et de plus l\u2019imagination n\u2019est-elle pas, pour les tyrans, la plus redout\u00e9 des armes du peuple ?Patrick Seignon. \u00ab lavoiedessansvoix.fr \u00bb. Mardi 1er septembre 2020.<\/p>\n","protected":false},"excerpt":{"rendered":"<p>INSULTE A XJe me baladai serein dans les rues d\u00e9sertes de ma ville, quand approchant de la place de la [&hellip;]<\/p>\n","protected":false},"author":1,"featured_media":4219,"comment_status":"open","ping_status":"open","sticky":false,"template":"","format":"standard","meta":{"sfsi_plus_gutenberg_text_before_share":"","sfsi_plus_gutenberg_show_text_before_share":"","sfsi_plus_gutenberg_icon_type":"","sfsi_plus_gutenberg_icon_alignemt":"","sfsi_plus_gutenburg_max_per_row":"","site-sidebar-layout":"default","site-content-layout":"","ast-site-content-layout":"default","site-content-style":"default","site-sidebar-style":"default","ast-global-header-display":"","ast-banner-title-visibility":"","ast-main-header-display":"","ast-hfb-above-header-display":"","ast-hfb-below-header-display":"","ast-hfb-mobile-header-display":"","site-post-title":"","ast-breadcrumbs-content":"","ast-featured-img":"","footer-sml-layout":"","ast-disable-related-posts":"","theme-transparent-header-meta":"","adv-header-id-meta":"","stick-header-meta":"","header-above-stick-meta":"","header-main-stick-meta":"","header-below-stick-meta":"","astra-migrate-meta-layouts":"default","ast-page-background-enabled":"default","ast-page-background-meta":{"desktop":{"background-color":"var(--ast-global-color-4)","background-image":"","background-repeat":"repeat","background-position":"center center","background-size":"auto","background-attachment":"scroll","background-type":"","background-media":"","overlay-type":"","overlay-color":"","overlay-opacity":"","overlay-gradient":""},"tablet":{"background-color":"","background-image":"","background-repeat":"repeat","background-position":"center center","background-size":"auto","background-attachment":"scroll","background-type":"","background-media":"","overlay-type":"","overlay-color":"","overlay-opacity":"","overlay-gradient":""},"mobile":{"background-color":"","background-image":"","background-repeat":"repeat","background-position":"center center","background-size":"auto","background-attachment":"scroll","background-type":"","background-media":"","overlay-type":"","overlay-color":"","overlay-opacity":"","overlay-gradient":""}},"ast-content-background-meta":{"desktop":{"background-color":"var(--ast-global-color-5)","background-image":"","background-repeat":"repeat","background-position":"center center","background-size":"auto","background-attachment":"scroll","background-type":"","background-media":"","overlay-type":"","overlay-color":"","overlay-opacity":"","overlay-gradient":""},"tablet":{"background-color":"var(--ast-global-color-5)","background-image":"","background-repeat":"repeat","background-position":"center center","background-size":"auto","background-attachment":"scroll","background-type":"","background-media":"","overlay-type":"","overlay-color":"","overlay-opacity":"","overlay-gradient":""},"mobile":{"background-color":"var(--ast-global-color-5)","background-image":"","background-repeat":"repeat","background-position":"center center","background-size":"auto","background-attachment":"scroll","background-type":"","background-media":"","overlay-type":"","overlay-color":"","overlay-opacity":"","overlay-gradient":""}},"footnotes":""},"categories":[16],"tags":[],"class_list":["post-635","post","type-post","status-publish","format-standard","has-post-thumbnail","hentry","category-archives-cms"],"_links":{"self":[{"href":"https:\/\/lavoiedessansvoix.fr\/lavoie\/wp-json\/wp\/v2\/posts\/635","targetHints":{"allow":["GET"]}}],"collection":[{"href":"https:\/\/lavoiedessansvoix.fr\/lavoie\/wp-json\/wp\/v2\/posts"}],"about":[{"href":"https:\/\/lavoiedessansvoix.fr\/lavoie\/wp-json\/wp\/v2\/types\/post"}],"author":[{"embeddable":true,"href":"https:\/\/lavoiedessansvoix.fr\/lavoie\/wp-json\/wp\/v2\/users\/1"}],"replies":[{"embeddable":true,"href":"https:\/\/lavoiedessansvoix.fr\/lavoie\/wp-json\/wp\/v2\/comments?post=635"}],"version-history":[{"count":1,"href":"https:\/\/lavoiedessansvoix.fr\/lavoie\/wp-json\/wp\/v2\/posts\/635\/revisions"}],"predecessor-version":[{"id":3289,"href":"https:\/\/lavoiedessansvoix.fr\/lavoie\/wp-json\/wp\/v2\/posts\/635\/revisions\/3289"}],"wp:featuredmedia":[{"embeddable":true,"href":"https:\/\/lavoiedessansvoix.fr\/lavoie\/wp-json\/wp\/v2\/media\/4219"}],"wp:attachment":[{"href":"https:\/\/lavoiedessansvoix.fr\/lavoie\/wp-json\/wp\/v2\/media?parent=635"}],"wp:term":[{"taxonomy":"category","embeddable":true,"href":"https:\/\/lavoiedessansvoix.fr\/lavoie\/wp-json\/wp\/v2\/categories?post=635"},{"taxonomy":"post_tag","embeddable":true,"href":"https:\/\/lavoiedessansvoix.fr\/lavoie\/wp-json\/wp\/v2\/tags?post=635"}],"curies":[{"name":"wp","href":"https:\/\/api.w.org\/{rel}","templated":true}]}}