{"id":633,"date":"2020-09-16T01:18:00","date_gmt":"2020-09-15T23:18:00","guid":{"rendered":"https:\/\/lavoiedessansvoix.fr\/lavoie\/2020\/09\/16\/archive-lettre-aux-medecins-de-france\/"},"modified":"2026-04-26T21:01:04","modified_gmt":"2026-04-26T19:01:04","slug":"archive-lettre-aux-medecins-de-france","status":"publish","type":"post","link":"https:\/\/lavoiedessansvoix.fr\/lavoie\/2020\/09\/16\/archive-lettre-aux-medecins-de-france\/","title":{"rendered":"Lettre aux m\u00e9decins de France"},"content":{"rendered":"<p>Lettre aux m\u00e9decins de France\u00a0\u00bb Mesdames et Messieurs,Il y a quelques mois de cela une \u00e9pid\u00e9mie nomm\u00e9e \u00ab covid 19 \u00bb ou \u00ab SARS cov 2 \u00bb, a \u00e9merg\u00e9 \u00e0 Wuhan en Chine et a rapidement pris la dimension d\u2019une pand\u00e9mie quasi-plan\u00e9taire. D\u00e8s ce moment, les autorit\u00e9s m\u00e9dicales internationales, nationales, et les gouvernements, ont \u00ab sur r\u00e9agi \u00bb adoptant des mesures liberticides et lourdement p\u00e9nalisantes pour la vie \u00e9conomique et sociale. A cette \u00e9tape toutefois il n\u2019\u00e9tait pas anormal, semble-t-il que les avis divergent et que la grande majorit\u00e9, tant du monde m\u00e9dical que des populations, t\u00e9tanis\u00e9s par la crainte d\u2019un virus m\u00e9connu, adh\u00e8rent aux th\u00e8ses officielles. Mais les mois ont pass\u00e9 et apr\u00e8s le pic \u00e9pid\u00e9mique de mars avril, les courbes de nouveaux cas d\u00e9clar\u00e9s et d\u2019hospitalisations n\u2019ont cess\u00e9, fort heureusement, de d\u00e9croitre. La quasi-totalit\u00e9 des test\u00e9s positifs sont d\u00e9sormais des \u00ab cas asymptomatiques \u00bb c\u2019est-\u00e0-dire des sujets non malades. Or les autorit\u00e9s sanitaires et gouvernementales continuent d\u2019alimenter une campagne m\u00e9diatique anxiog\u00e8ne, entretenant la peur, dans le dessein de justifier les dispositifs liberticides, et la r\u00e9gression sociale.Il devient clair, \u00e0 ce stade, que le souci de protection des populations n\u2019a plus rien \u00e0 voir avec les politiques en cours. Celles-ci ont donc, sans nul doute, d\u2019autres motivations, sur lesquelles nous ne nous \u00e9tendrons pas ici, laissant chacun libre de faire ses propres d\u00e9ductions.Le monde m\u00e9dical ne peut pas admettre que son m\u00e9tier, le plus beau du monde, soit ainsi instrumentalis\u00e9 \u00e0 d\u2019autres fins que celles de la sant\u00e9 publique. Que ces fins soient d\u2019ordre financier, ou politique, elles sont contraires \u00e0 l\u2019\u00e9thique m\u00e9dicale, et elles insultent ce fameux serment d\u2019Hippocrate que font tous les jeunes m\u00e9decins lorsqu\u2019ils soutiennent leur th\u00e8se de doctorat. Le monde m\u00e9dical, son honneur est en jeu, doit se d\u00e9solidariser de ces politiques liberticides auxquelles le bon sens populaire a, d&rsquo;ores et-d\u00e9j\u00e0, donn\u00e9 le nom de \u00ab dictature sanitaire \u00bb. Les m\u00e9decins ne peuvent pas, ne doivent pas, servir de caution \u00e0 de telles entreprises. Un certain nombre d\u2019entre vous, parmi les sommit\u00e9s du monde m\u00e9dical et de la recherche scientifique, les Professeurs et m\u00e9decins,  Christian Perronne, Didier.Raoult, Jean-Fran\u00e7ois Toussaint, Laurent Toubiana, Denis Agret, Eve Engerer, Violaine Gu\u00e9rin, Trotta,\u2026) se sont d\u00e9j\u00e0 prononc\u00e9 clairement, chacun selon son domaine, ses comp\u00e9tences, et son style, pour souligner le d\u00e9calage entre la r\u00e9alit\u00e9 de la maladie, \u00e0 ce jour, et la dramatisation officielle. Nous saluons leur courage,  nous savons qu\u2019il en faut pour s\u2019opposer \u00e0 la \u00ab dictature en marche \u00bb. Mesdames et messieurs les m\u00e9decins, vous avez, dans le contexte actuel, une responsabilit\u00e9 civique particuli\u00e8re. Il est urgent que la conscience m\u00e9dicale g\u00e9n\u00e9rale se fasse entendre, que, par milliers, des m\u00e9decins  comme leurs \u00e9minents coll\u00e8gues qui les ont devanc\u00e9s (cela n\u2019implique nullement de partager toutes les th\u00e8ses de ceux-ci ni la totalit\u00e9 de leurs raisonnement), disent leur opposition \u00e0 cette d\u00e9rive autoritaire et liberticide. Que par millier vous exigiez la dissolution du \u00ab conseil scientifique \u00bb et la fin de cet \u00e9tat d\u2019urgence sanitaire qui n\u2019est qu\u2019un masque de l\u2019\u00e9tat d\u2019urgence politique et social. Nous autres, citoyens fran\u00e7ais attach\u00e9s \u00e0 la d\u00e9fense des libert\u00e9s publiques, qui sommes aussi vos \u00ab patients \u00bb et mettons bien souvent nos vies entre vos mains, serions ravis que vous d\u00e9fendiez aussi, avec nous, nos libert\u00e9s fondamentales, les v\u00f4tres, sans lesquelles la vie serait un enfer.  C\u2019est \u00e0 cette manifestation citoyenne que les signataires de la pr\u00e9sente lettre (dont la liste reste ouverte), souhaitent vous inviter. Avec nos remerciements pour votre attention et votre engagement, veuillez croire Mesdames et Messieurs \u00e0 notre plus haute consid\u00e9ration11 septembre 2020, Les signataires (dont la liste suit.P S : Dans le prolongement de cette initiative, il nous apparait judicieux d\u2019inviter, m\u00e9decins et signataires \u00e0  r\u00e9fl\u00e9chir \u00e0 l&rsquo;organisation d&rsquo;un mouvement d\u00e9centralis\u00e9 et solidement structur\u00e9, de d\u00e9fense des libert\u00e9s  d\u00e9mocratiques publiques et individuelles. Patrick Seignon (retrait\u00e9 SNCF &#8211; Manthelan) Elisabeth Dumont (\u2026.. &#8211; Loches) Michel Gateau (Technicien froid retrait\u00e9 \u2013 Saint-Chamas) Lysiane Lanceleur (Agricultrice retrait\u00e9e \u2013 Saint-Snoch,) Barbara Guzick (Employ\u00e9e. retrait\u00e9e. Mouzay) Marie-Nicole Suzanne (travailleur-social, retrait\u00e9e \u2013 Loches) Marina Gablin (commercante. Perrusson), Alix Thomas (retrait\u00e9 SNCF), Carine Goffi, \u2026\u2026\u2026 Loches), Claude Beaune \u2018retrait\u00e9 RATP, Le Li\u00e8ge), Jean-Paul Cruse (Journaliste. Arcachon) Sylvie Adolphe (Biblioth\u00e9caire. Loches) Corinne Plet (Descartes) Jolt Plet (descartes) Fabien Lemetre (Loches) Guillaume Stephan (Loches)  Bernard Lamy Saint-Cyran) Philippe Lamy (Abville St \u2026..) V\u00e9ronique Paviet ( 37 640) Sylvie Deneux (Betz le ch\u00e2teau) Thierry Tournois (Betz le chareau)  Michael Herv\u00e9 (CPE. Loches) Patricia Robert (Beaulieu les Loches)  Martin Gruer (Beaulieu les loches) Pierette Dumont (retrait\u00e9e. Loches) Damien Rosembly (int\u00e9rimaire. Perrusson) Hemart Marie Christine  retrait\u00e9e Saint Meen le Grand ; Jean-Fran\u00e7ois Delachaise (Musicien) Jean-Yves Poirier (Paysan retrait\u00e9. Loches)NB) Si vous voulez \u00eatre au nombre des signataires de cette lettre, faites-vous connaitre par mail \u00e0 patrick.seignon@orange.fr<\/p>\n","protected":false},"excerpt":{"rendered":"<p>Lettre aux m\u00e9decins de France\u00a0\u00bb Mesdames et Messieurs,Il y a quelques mois de cela une \u00e9pid\u00e9mie nomm\u00e9e \u00ab covid 19 [&hellip;]<\/p>\n","protected":false},"author":1,"featured_media":4217,"comment_status":"open","ping_status":"open","sticky":false,"template":"","format":"standard","meta":{"sfsi_plus_gutenberg_text_before_share":"","sfsi_plus_gutenberg_show_text_before_share":"","sfsi_plus_gutenberg_icon_type":"","sfsi_plus_gutenberg_icon_alignemt":"","sfsi_plus_gutenburg_max_per_row":"","site-sidebar-layout":"default","site-content-layout":"","ast-site-content-layout":"default","site-content-style":"default","site-sidebar-style":"default","ast-global-header-display":"","ast-banner-title-visibility":"","ast-main-header-display":"","ast-hfb-above-header-display":"","ast-hfb-below-header-display":"","ast-hfb-mobile-header-display":"","site-post-title":"","ast-breadcrumbs-content":"","ast-featured-img":"","footer-sml-layout":"","ast-disable-related-posts":"","theme-transparent-header-meta":"","adv-header-id-meta":"","stick-header-meta":"","header-above-stick-meta":"","header-main-stick-meta":"","header-below-stick-meta":"","astra-migrate-meta-layouts":"default","ast-page-background-enabled":"default","ast-page-background-meta":{"desktop":{"background-color":"var(--ast-global-color-4)","background-image":"","background-repeat":"repeat","background-position":"center center","background-size":"auto","background-attachment":"scroll","background-type":"","background-media":"","overlay-type":"","overlay-color":"","overlay-opacity":"","overlay-gradient":""},"tablet":{"background-color":"","background-image":"","background-repeat":"repeat","background-position":"center center","background-size":"auto","background-attachment":"scroll","background-type":"","background-media":"","overlay-type":"","overlay-color":"","overlay-opacity":"","overlay-gradient":""},"mobile":{"background-color":"","background-image":"","background-repeat":"repeat","background-position":"center center","background-size":"auto","background-attachment":"scroll","background-type":"","background-media":"","overlay-type":"","overlay-color":"","overlay-opacity":"","overlay-gradient":""}},"ast-content-background-meta":{"desktop":{"background-color":"var(--ast-global-color-5)","background-image":"","background-repeat":"repeat","background-position":"center center","background-size":"auto","background-attachment":"scroll","background-type":"","background-media":"","overlay-type":"","overlay-color":"","overlay-opacity":"","overlay-gradient":""},"tablet":{"background-color":"var(--ast-global-color-5)","background-image":"","background-repeat":"repeat","background-position":"center center","background-size":"auto","background-attachment":"scroll","background-type":"","background-media":"","overlay-type":"","overlay-color":"","overlay-opacity":"","overlay-gradient":""},"mobile":{"background-color":"var(--ast-global-color-5)","background-image":"","background-repeat":"repeat","background-position":"center center","background-size":"auto","background-attachment":"scroll","background-type":"","background-media":"","overlay-type":"","overlay-color":"","overlay-opacity":"","overlay-gradient":""}},"footnotes":""},"categories":[16],"tags":[],"class_list":["post-633","post","type-post","status-publish","format-standard","has-post-thumbnail","hentry","category-archives-cms"],"_links":{"self":[{"href":"https:\/\/lavoiedessansvoix.fr\/lavoie\/wp-json\/wp\/v2\/posts\/633","targetHints":{"allow":["GET"]}}],"collection":[{"href":"https:\/\/lavoiedessansvoix.fr\/lavoie\/wp-json\/wp\/v2\/posts"}],"about":[{"href":"https:\/\/lavoiedessansvoix.fr\/lavoie\/wp-json\/wp\/v2\/types\/post"}],"author":[{"embeddable":true,"href":"https:\/\/lavoiedessansvoix.fr\/lavoie\/wp-json\/wp\/v2\/users\/1"}],"replies":[{"embeddable":true,"href":"https:\/\/lavoiedessansvoix.fr\/lavoie\/wp-json\/wp\/v2\/comments?post=633"}],"version-history":[{"count":1,"href":"https:\/\/lavoiedessansvoix.fr\/lavoie\/wp-json\/wp\/v2\/posts\/633\/revisions"}],"predecessor-version":[{"id":3285,"href":"https:\/\/lavoiedessansvoix.fr\/lavoie\/wp-json\/wp\/v2\/posts\/633\/revisions\/3285"}],"wp:featuredmedia":[{"embeddable":true,"href":"https:\/\/lavoiedessansvoix.fr\/lavoie\/wp-json\/wp\/v2\/media\/4217"}],"wp:attachment":[{"href":"https:\/\/lavoiedessansvoix.fr\/lavoie\/wp-json\/wp\/v2\/media?parent=633"}],"wp:term":[{"taxonomy":"category","embeddable":true,"href":"https:\/\/lavoiedessansvoix.fr\/lavoie\/wp-json\/wp\/v2\/categories?post=633"},{"taxonomy":"post_tag","embeddable":true,"href":"https:\/\/lavoiedessansvoix.fr\/lavoie\/wp-json\/wp\/v2\/tags?post=633"}],"curies":[{"name":"wp","href":"https:\/\/api.w.org\/{rel}","templated":true}]}}