{"id":632,"date":"2020-09-24T03:28:00","date_gmt":"2020-09-24T01:28:00","guid":{"rendered":"https:\/\/lavoiedessansvoix.fr\/lavoie\/2020\/09\/24\/archive-aux-commercants-et-citoyens-d-aix-marseille-insurgez-vous\/"},"modified":"2026-04-26T21:00:54","modified_gmt":"2026-04-26T19:00:54","slug":"archive-aux-commercants-et-citoyens-d-aix-marseille-insurgez-vous","status":"publish","type":"post","link":"https:\/\/lavoiedessansvoix.fr\/lavoie\/2020\/09\/24\/archive-aux-commercants-et-citoyens-d-aix-marseille-insurgez-vous\/","title":{"rendered":"Aux commer\u00e7ants et citoyens d\u2019Aix\/Marseille :  INSURGEZ-VOUS !"},"content":{"rendered":"<p>Aux commer\u00e7ants et citoyens d\u2019Aix\/Marseille :INSURGEZ-VOUS !Ce jour le journal \u00ab les \u00e9chos \u00bb publiait dans sa tribune opinion \u00bb un article Intitul\u00e9 : \u00ab Covid 19 : acceptons de prendre le risque raisonnable d\u2019\u00eatre contamin\u00e9 \u00bb. Cela fait en v\u00e9rit\u00e9 quelques jours que le m\u00eame journal publie des articles qui traduisent l\u2019inqui\u00e9tude, voire l\u2019agacement, pour ne pas dire plus, du monde de l\u2019entreprise face \u00e0 la politique coercitive anti\u00e9conomique du gouvernement au pr\u00e9texte de la crise sanitaireEh bien le soir du m\u00eame jour (mercredi 23\/9) l\u2019on apprenait la d\u00e9cision de fermer \u00e0 partir de lundi tous les bars et restaurants de la m\u00e9tropole Aix-Marseille. Le gouvernement n\u2019a cure des acteurs de l\u2019\u00e9conomie locale. N\u2019ob\u00e9issant qu\u2019aux int\u00e9r\u00eats des plus hautes sph\u00e8res de l\u2019\u00e9conomie et de la finance internationale, il poursuit sa fuite en avant anti\u00e9conomique et liberticide. Il n\u2019h\u00e9site pas \u00e0 tordre le cou \u00e0 un secteur \u00e9conomique de proximit\u00e9 dont d\u00e9pendent des dizaines de milliers d\u2019entreprises et d\u2019emplois.Madame le Maire de Marseille n\u2019est pas contente, elle n\u2019a pas \u00e9t\u00e9 consult\u00e9e et fait part de sa col\u00e8re. Bruno Muselier, pr\u00e9sident de la R\u00e9gion PACA, fulmine aussi. Mais aucun des deux ne d\u00e9nonce assez fort ou clairement l\u2019instrumentalisation de la crise sanitaire \u00e0 des fins politiques, ce qui impliquerait de \u00ab d\u00e9dramatiser \u00bb l\u2019information anxiog\u00e8ne entretenue par le gouvernement, le conseil scientifique et les m\u00e9dias.On ne peut en effet protester de fa\u00e7on coh\u00e9rente, ni \u00eatre entendu de l\u2019opinion majoritaire, si l\u2019on d\u00e9nonce les mesures adopt\u00e9es au nom d\u2019une pr\u00e9tendue urgence que l\u2019on ne d\u00e9nonce pas.C\u2019est au monde du commerce de proximit\u00e9, auquel manifestement le gouvernement veut tordre le cou, c\u2019est \u00e0 sa client\u00e8le brim\u00e9e, c\u2019est \u00e0 la population de nos villes \u00e0 laquelle il pr\u00e9pare ainsi un environnement triste et terne, de lever l\u2019\u00e9tendard de la r\u00e9volte et de la d\u00e9sob\u00e9issance civile. Y-at-il des gens saints d\u2019esprits qui se laisseront ainsi \u00e9trangler en silence ? Y\u2019 a-t-il des commer\u00e7ants honn\u00eates qui accepteront d\u2019\u00eatre \u00abspolier de leur entreprise, de leur \u00ab gagne-pain \u00bb sans les d\u00e9fendre \u00ab corps et bien \u00bb ? Y \u2013at-il des salari\u00e9s de ses secteurs qui se laisseront contraindre au ch\u00f4mage et \u00e0 la mis\u00e8re sans se battre avec acharnement, contre la politique absurde de ce gouvernement ?  &#8211;\tQue lundi matin 28 septembre, tous les bars et restaurants, bravant l\u2019interdiction l\u00e8vent leurs rideaux tous ensemble.-\tQue tous les clients disponibles se pr\u00e9cipitent pour les soutenir. Et, en cas d\u2019intervention d\u2019huissiers ou de policiers pour faire respecter par coercition l\u2019interdiction gouvernementale, &#8211;\tQue des plaintes par milliers soient d\u00e9pos\u00e9es pour entrave \u00e0 la libert\u00e9 du commerce, entrave \u00e0 la libert\u00e9 du travail, et mise en danger des biens et de la subsistance d\u2019autrui.Patrick Seignon. \u00ab lavoiedessansvoix.fr \u00bb Jeudi 24 septembre 2020.<\/p>\n","protected":false},"excerpt":{"rendered":"<p>Aux commer\u00e7ants et citoyens d\u2019Aix\/Marseille :INSURGEZ-VOUS !Ce jour le journal \u00ab les \u00e9chos \u00bb publiait dans sa tribune opinion \u00bb [&hellip;]<\/p>\n","protected":false},"author":1,"featured_media":4216,"comment_status":"open","ping_status":"open","sticky":false,"template":"","format":"standard","meta":{"sfsi_plus_gutenberg_text_before_share":"","sfsi_plus_gutenberg_show_text_before_share":"","sfsi_plus_gutenberg_icon_type":"","sfsi_plus_gutenberg_icon_alignemt":"","sfsi_plus_gutenburg_max_per_row":"","site-sidebar-layout":"default","site-content-layout":"","ast-site-content-layout":"default","site-content-style":"default","site-sidebar-style":"default","ast-global-header-display":"","ast-banner-title-visibility":"","ast-main-header-display":"","ast-hfb-above-header-display":"","ast-hfb-below-header-display":"","ast-hfb-mobile-header-display":"","site-post-title":"","ast-breadcrumbs-content":"","ast-featured-img":"","footer-sml-layout":"","ast-disable-related-posts":"","theme-transparent-header-meta":"","adv-header-id-meta":"","stick-header-meta":"","header-above-stick-meta":"","header-main-stick-meta":"","header-below-stick-meta":"","astra-migrate-meta-layouts":"default","ast-page-background-enabled":"default","ast-page-background-meta":{"desktop":{"background-color":"var(--ast-global-color-4)","background-image":"","background-repeat":"repeat","background-position":"center center","background-size":"auto","background-attachment":"scroll","background-type":"","background-media":"","overlay-type":"","overlay-color":"","overlay-opacity":"","overlay-gradient":""},"tablet":{"background-color":"","background-image":"","background-repeat":"repeat","background-position":"center center","background-size":"auto","background-attachment":"scroll","background-type":"","background-media":"","overlay-type":"","overlay-color":"","overlay-opacity":"","overlay-gradient":""},"mobile":{"background-color":"","background-image":"","background-repeat":"repeat","background-position":"center center","background-size":"auto","background-attachment":"scroll","background-type":"","background-media":"","overlay-type":"","overlay-color":"","overlay-opacity":"","overlay-gradient":""}},"ast-content-background-meta":{"desktop":{"background-color":"var(--ast-global-color-5)","background-image":"","background-repeat":"repeat","background-position":"center center","background-size":"auto","background-attachment":"scroll","background-type":"","background-media":"","overlay-type":"","overlay-color":"","overlay-opacity":"","overlay-gradient":""},"tablet":{"background-color":"var(--ast-global-color-5)","background-image":"","background-repeat":"repeat","background-position":"center center","background-size":"auto","background-attachment":"scroll","background-type":"","background-media":"","overlay-type":"","overlay-color":"","overlay-opacity":"","overlay-gradient":""},"mobile":{"background-color":"var(--ast-global-color-5)","background-image":"","background-repeat":"repeat","background-position":"center center","background-size":"auto","background-attachment":"scroll","background-type":"","background-media":"","overlay-type":"","overlay-color":"","overlay-opacity":"","overlay-gradient":""}},"footnotes":""},"categories":[16],"tags":[],"class_list":["post-632","post","type-post","status-publish","format-standard","has-post-thumbnail","hentry","category-archives-cms"],"_links":{"self":[{"href":"https:\/\/lavoiedessansvoix.fr\/lavoie\/wp-json\/wp\/v2\/posts\/632","targetHints":{"allow":["GET"]}}],"collection":[{"href":"https:\/\/lavoiedessansvoix.fr\/lavoie\/wp-json\/wp\/v2\/posts"}],"about":[{"href":"https:\/\/lavoiedessansvoix.fr\/lavoie\/wp-json\/wp\/v2\/types\/post"}],"author":[{"embeddable":true,"href":"https:\/\/lavoiedessansvoix.fr\/lavoie\/wp-json\/wp\/v2\/users\/1"}],"replies":[{"embeddable":true,"href":"https:\/\/lavoiedessansvoix.fr\/lavoie\/wp-json\/wp\/v2\/comments?post=632"}],"version-history":[{"count":1,"href":"https:\/\/lavoiedessansvoix.fr\/lavoie\/wp-json\/wp\/v2\/posts\/632\/revisions"}],"predecessor-version":[{"id":3283,"href":"https:\/\/lavoiedessansvoix.fr\/lavoie\/wp-json\/wp\/v2\/posts\/632\/revisions\/3283"}],"wp:featuredmedia":[{"embeddable":true,"href":"https:\/\/lavoiedessansvoix.fr\/lavoie\/wp-json\/wp\/v2\/media\/4216"}],"wp:attachment":[{"href":"https:\/\/lavoiedessansvoix.fr\/lavoie\/wp-json\/wp\/v2\/media?parent=632"}],"wp:term":[{"taxonomy":"category","embeddable":true,"href":"https:\/\/lavoiedessansvoix.fr\/lavoie\/wp-json\/wp\/v2\/categories?post=632"},{"taxonomy":"post_tag","embeddable":true,"href":"https:\/\/lavoiedessansvoix.fr\/lavoie\/wp-json\/wp\/v2\/tags?post=632"}],"curies":[{"name":"wp","href":"https:\/\/api.w.org\/{rel}","templated":true}]}}