{"id":630,"date":"2020-10-04T04:02:00","date_gmt":"2020-10-04T02:02:00","guid":{"rendered":"https:\/\/lavoiedessansvoix.fr\/lavoie\/2020\/10\/04\/archive-covid-ca-sent-le-souffre\/"},"modified":"2026-04-26T21:00:33","modified_gmt":"2026-04-26T19:00:33","slug":"archive-covid-ca-sent-le-souffre","status":"publish","type":"post","link":"https:\/\/lavoiedessansvoix.fr\/lavoie\/2020\/10\/04\/archive-covid-ca-sent-le-souffre\/","title":{"rendered":"COVID, CA SENT LE SOUFFRE"},"content":{"rendered":"<p>COVID, CA SENT LE SOUFFREBravo commer\u00e7ants de la m\u00e9tropole Aix\/Marseille, vent debout contre la folle politique du gouvernement.Bravo au professeur Raoult qui malgr\u00e9 l\u2019adversit\u00e9 a eu le courage, le jour o\u00f9 les commer\u00e7ants manifestaient devant la chambre de commerce, de r\u00e9it\u00e9rer son avis selon lequel rien dans la situation actuelle ne justifiait de telles mesures.Bravo \u00e0 Nicolas Bedos, Elie Semmoun et Jean-Marie Bigard qui ont publiquement manifest\u00e9 leur indignation contre ces politiquesBravo encore \u00e0 Jean-Marie Bigard qui appelle \u00e0 la d\u00e9sob\u00e9issance. Car oui il faut avoir l\u2019audace de d\u00e9sob\u00e9ir \u00e0 des lois ou politiques iniques.Je ne publie qu\u2019aujourd\u2019hui (Dimanche 4 octobre) cet article \u00e9crit depuis bient\u00f4t une semaine, mais c\u2019est sans regret car cela me permet d\u2019ajouter UN IMMENSE BRAVO \u00e0 Madame Martine Wonner, m\u00e9decin et psychiatre, d\u00e9put\u00e9e (\u00e9lue LREM en 2017, qui a quitt\u00e9 le parti pr\u00e9sidentiel). Cette dame vient de dire dans une courte intervention \u00e0 l\u2019Assembl\u00e9e Nationale, dont il existe une vid\u00e9o (voir lien ci-dessous) 1) que les services de r\u00e9animation et de soins intensifs des h\u00f4pitaux de Marseille n\u2019ont jamais \u00e9t\u00e9 satur\u00e9s. 2) Que le virus a mut\u00e9 et que la maladie actuelle bien moins grave n\u2019a rien \u00e0 voir avec l\u2019\u00e9pid\u00e9mie de mars avril pr\u00e9c\u00e9dente, 3) Que la Belgique va r\u00e9-autoriser le traitement \u00ab hydroxychloroquine\/ azithromycine  et qu\u2019il faut cesser de dire qu\u2019il n\u2019y a pas de traitement, 4) sur la foi d\u2019un organisme de sant\u00e9 d\u2019outre atlantique qui vient de demander pardon aux am\u00e9ricains \u00ab que le masque ne servait absolument \u00e0 rien \u00bb.*Si tant est que l\u2019on puisse la qualifier encore \u00ab d\u2019\u00e9pid\u00e9mie \u00bb \u00e0 sa phase actuelle la maladie du \u00ab Covid 19 \u00bb n\u2019est plus en effet ce qu\u2019elle fut La multiplication des tests a r\u00e9v\u00e9l\u00e9 certes la pr\u00e9sence du virus. Mais une \u00e9pid\u00e9mie c\u2019est quand les gens sont malades. Or il apparait qu\u2019apr\u00e8s diverses mutation le virus ne soit plus tout \u00e0 fait le m\u00eame et que dans une majorit\u00e9 de cas il ne rendre pas m\u00eame malade \u00ab les sujets \u00bb qui l\u2019ont contract\u00e9. Et lorsque qu\u2019il les rend malade c\u2019est la plus part du temps bien moins grave que ce ne fut. Rien dans la situation actuelle ne justifie aucunes des mesures \u00ab de protection \u00bb coercitives, liberticides et anti \u00e9conomiques, que le gouvernement maintien ou \u00e9dicte \u00e0 tort.La fermeture Ordonn\u00e9e, des bers et restaurants de la m\u00e9tropole Aix Marseille qui a suscit\u00e9 une vague de col\u00e8re et d\u2019indignation a r\u00e9v\u00e9l\u00e9  que nous avions atteint un point de rupture. Des r\u00e9actions attrist\u00e9s ou v\u00e9h\u00e9mentes, toujours indign\u00e9es et col\u00e9rique, se sont fait entendre qui mettent directement en doute les motivations d\u00e9clar\u00e9es du pouvoir.Ce pouvoir pr\u00e9tend que c\u2019est pour notre bien, pour nous prot\u00e9ger, qu\u2019il nos impose des \u00ab gestes barri\u00e8res \u00bb, l\u2019obligation du port d\u2019un masque, qu\u2019ils nous assomme d\u2019amendes cons\u00e9quentes et parfois m\u00eame de brutalit\u00e9s polici\u00e8res \u00ab collat\u00e9rales \u00bb, qu\u2019il ordonne que l\u2019on laisse mourir nos vieux de chagrin dans les EPADH, qu\u2019il nous assigne \u00e0 r\u00e9sidence comme une population de condamn\u00e9s, qu\u2019il nous interdit les rassemblements de plus de 10 personnes dans l\u2019espace public, qu\u2019il suscite l\u2019immixtion polici\u00e8re dans nos vies priv\u00e9 et nos manifestations publiques, qu\u2019il ordonne la suppression des manifestation culturelles, qu\u2019il ferme nos bars et restaurants, qu\u2019il envisage d\u2019isoler les plus 65 ans comme des pestif\u00e9r\u00e9s.Combien plus de nos anciens sont-ils morts dans nos EPADH de manque d\u2019affection que du virus lui-m\u00eame. C\u2019est ce que disent Nicolas Bedos et Elie Semmoun en des cris de douleur et de col\u00e8re. Alors certes nombre de ces d\u00e9c\u00e8s ont \u00e9t\u00e9 sans doute \u00ab masqu\u00e9s \u00bb en morts du COVID. C\u2019\u00e9tait pratique et arrangeant pour la machine de propagande terroriste du pouvoir qui pouvait de la sorte gonfler le bilan journalier des morts. Combien y a-t-il eut de morts suppl\u00e9mentaires de malades atteints d\u2019autres pathologies dont on a diff\u00e9r\u00e9 les soins (ou interventions chirurgicales) afin d\u2019admettre les malades du corona virus dont la plupart auraient pu \u00eatre soign\u00e9 en amont, avec le protocole hydeoxychloroquine\/azithromycine du professeur Raoult, avant que leur cas ne s\u2019aggrave ?On aurait ainsi d\u00e9lest\u00e9 les h\u00f4pitaux de la surcharge qu\u2019ils ne pouvaient admettre faute de moyens et de personnels, cons\u00e9quence d\u2019une politique lib\u00e9rale criminelle qui veut faire du \u00ab profit \u00bb avec la sant\u00e9 des gens. Combien de gens atteints d\u2019une affection en d\u00e9finitive assez b\u00e9nigne sont-ils morts apr\u00e8s avoir d\u00e9velopp\u00e9 des formes graves de la maladie, parce que l\u2019on a refus\u00e9 de les soigner en amont, lors des premiers sympt\u00f4mes, avec le seul traitement dont on disposait ?Or le bilan catastrophique de la gestion politique de cette crise sanitaire ne se limitera pas aux situations dont nous venons de faire l\u2019examen. Bien d\u2019autres d\u00e9g\u00e2ts, sociaux, soci\u00e9taux, \u00e9conomiques et m\u00eame sanitaires, seront induits par ces politiques : (violences familiales et sociales, t\u00e9l\u00e9travail et d\u00e9structuration du monde du travail, Ub\u00e9risation, d\u00e9t\u00e9rioration des rapports sociaux, \u00e9pid\u00e9mie d\u2019hypocondries et d\u00e9pressions.) Des centaines de milliers de personnes se retrouvent d\u00e9j\u00e0, ou vont se retrouver bient\u00f4t sur les listes de l\u2019ANPE ? Pour ceux qui auront encore \u00ab cette chance \u00bb, car des dizaines de milliers d\u2019autres, victime de la r\u00e9cente r\u00e9forme du ch\u00f4mage, vont s\u2019en trouver exclus, pr\u00e9cipit\u00e9s carr\u00e9ment et en une seule fois, dans l\u2019indigence. Des milliers de foyers ne vont plus pouvoir payer leurs traites, vont \u00e9clater, des centaines de milliers d\u2019enfants vont en souffrir, des biens et maisons vont \u00eatre saisies. Des milliers ne vont pas supporter cette d\u00e9ch\u00e9ance, combien plus vont mourir de mis\u00e8re et de suicides qu\u2019il n\u2019y a eu de victime du corona ?Combien de dizaines de milliers d\u2019entreprises commerciales ou artisanales, puis par ricochets de PME vont-elles mettre les cl\u00e9s sous la porte ? Pour beaucoup  de ces commer\u00e7ants ou petits patrons la perte en quelques semaines de \u00ab l\u2019\u0153uvre de toute leur vie. A combien, l\u00e0 encore faut-il s\u2019attendre \u00e0 plus de d\u00e9g\u00e2ts que n\u2019en eut jamais fait l\u2019\u00e9pid\u00e9mie ?  \u00c7a suffit disons-nous, votre protection est anxiog\u00e8ne, mortif\u00e8re, liberticide, destructrice, pathog\u00e8ne, et m\u00eame l\u00e9tale. En un mot elle est : \u00ab contreproductive. Nous ne voulons plus \u00eatre prot\u00e9g\u00e9s par vous.https:\/\/youtu.be\/oMuRdxCSPCgPatrick Seignon. \u00ab lavoiedessansvoix.fr \u00bb. Dimanche 4 octobre 2020.<\/p>\n","protected":false},"excerpt":{"rendered":"<p>COVID, CA SENT LE SOUFFREBravo commer\u00e7ants de la m\u00e9tropole Aix\/Marseille, vent debout contre la folle politique du gouvernement.Bravo au professeur [&hellip;]<\/p>\n","protected":false},"author":1,"featured_media":4214,"comment_status":"open","ping_status":"open","sticky":false,"template":"","format":"standard","meta":{"sfsi_plus_gutenberg_text_before_share":"","sfsi_plus_gutenberg_show_text_before_share":"","sfsi_plus_gutenberg_icon_type":"","sfsi_plus_gutenberg_icon_alignemt":"","sfsi_plus_gutenburg_max_per_row":"","site-sidebar-layout":"default","site-content-layout":"","ast-site-content-layout":"default","site-content-style":"default","site-sidebar-style":"default","ast-global-header-display":"","ast-banner-title-visibility":"","ast-main-header-display":"","ast-hfb-above-header-display":"","ast-hfb-below-header-display":"","ast-hfb-mobile-header-display":"","site-post-title":"","ast-breadcrumbs-content":"","ast-featured-img":"","footer-sml-layout":"","ast-disable-related-posts":"","theme-transparent-header-meta":"","adv-header-id-meta":"","stick-header-meta":"","header-above-stick-meta":"","header-main-stick-meta":"","header-below-stick-meta":"","astra-migrate-meta-layouts":"default","ast-page-background-enabled":"default","ast-page-background-meta":{"desktop":{"background-color":"var(--ast-global-color-4)","background-image":"","background-repeat":"repeat","background-position":"center center","background-size":"auto","background-attachment":"scroll","background-type":"","background-media":"","overlay-type":"","overlay-color":"","overlay-opacity":"","overlay-gradient":""},"tablet":{"background-color":"","background-image":"","background-repeat":"repeat","background-position":"center center","background-size":"auto","background-attachment":"scroll","background-type":"","background-media":"","overlay-type":"","overlay-color":"","overlay-opacity":"","overlay-gradient":""},"mobile":{"background-color":"","background-image":"","background-repeat":"repeat","background-position":"center center","background-size":"auto","background-attachment":"scroll","background-type":"","background-media":"","overlay-type":"","overlay-color":"","overlay-opacity":"","overlay-gradient":""}},"ast-content-background-meta":{"desktop":{"background-color":"var(--ast-global-color-5)","background-image":"","background-repeat":"repeat","background-position":"center center","background-size":"auto","background-attachment":"scroll","background-type":"","background-media":"","overlay-type":"","overlay-color":"","overlay-opacity":"","overlay-gradient":""},"tablet":{"background-color":"var(--ast-global-color-5)","background-image":"","background-repeat":"repeat","background-position":"center center","background-size":"auto","background-attachment":"scroll","background-type":"","background-media":"","overlay-type":"","overlay-color":"","overlay-opacity":"","overlay-gradient":""},"mobile":{"background-color":"var(--ast-global-color-5)","background-image":"","background-repeat":"repeat","background-position":"center center","background-size":"auto","background-attachment":"scroll","background-type":"","background-media":"","overlay-type":"","overlay-color":"","overlay-opacity":"","overlay-gradient":""}},"footnotes":""},"categories":[16],"tags":[],"class_list":["post-630","post","type-post","status-publish","format-standard","has-post-thumbnail","hentry","category-archives-cms"],"_links":{"self":[{"href":"https:\/\/lavoiedessansvoix.fr\/lavoie\/wp-json\/wp\/v2\/posts\/630","targetHints":{"allow":["GET"]}}],"collection":[{"href":"https:\/\/lavoiedessansvoix.fr\/lavoie\/wp-json\/wp\/v2\/posts"}],"about":[{"href":"https:\/\/lavoiedessansvoix.fr\/lavoie\/wp-json\/wp\/v2\/types\/post"}],"author":[{"embeddable":true,"href":"https:\/\/lavoiedessansvoix.fr\/lavoie\/wp-json\/wp\/v2\/users\/1"}],"replies":[{"embeddable":true,"href":"https:\/\/lavoiedessansvoix.fr\/lavoie\/wp-json\/wp\/v2\/comments?post=630"}],"version-history":[{"count":1,"href":"https:\/\/lavoiedessansvoix.fr\/lavoie\/wp-json\/wp\/v2\/posts\/630\/revisions"}],"predecessor-version":[{"id":3279,"href":"https:\/\/lavoiedessansvoix.fr\/lavoie\/wp-json\/wp\/v2\/posts\/630\/revisions\/3279"}],"wp:featuredmedia":[{"embeddable":true,"href":"https:\/\/lavoiedessansvoix.fr\/lavoie\/wp-json\/wp\/v2\/media\/4214"}],"wp:attachment":[{"href":"https:\/\/lavoiedessansvoix.fr\/lavoie\/wp-json\/wp\/v2\/media?parent=630"}],"wp:term":[{"taxonomy":"category","embeddable":true,"href":"https:\/\/lavoiedessansvoix.fr\/lavoie\/wp-json\/wp\/v2\/categories?post=630"},{"taxonomy":"post_tag","embeddable":true,"href":"https:\/\/lavoiedessansvoix.fr\/lavoie\/wp-json\/wp\/v2\/tags?post=630"}],"curies":[{"name":"wp","href":"https:\/\/api.w.org\/{rel}","templated":true}]}}