{"id":627,"date":"2020-10-23T07:44:00","date_gmt":"2020-10-23T05:44:00","guid":{"rendered":"https:\/\/lavoiedessansvoix.fr\/lavoie\/2020\/10\/23\/archive-bulletin-de-sante-mais-que-fais-donc-patrick-seignon\/"},"modified":"2026-04-26T21:00:05","modified_gmt":"2026-04-26T19:00:05","slug":"archive-bulletin-de-sante-mais-que-fais-donc-patrick-seignon","status":"publish","type":"post","link":"https:\/\/lavoiedessansvoix.fr\/lavoie\/2020\/10\/23\/archive-bulletin-de-sante-mais-que-fais-donc-patrick-seignon\/","title":{"rendered":"BULLETIN DE SANT\u00c9  (Mais que fais donc Patrick Seignon)"},"content":{"rendered":"<p>BULLETIN DE SANT\u00c9(Mais que fait donc Patrick Seignon)(Bien que ce ne soit pas mon habitude, puisqu\u2019on me l\u2019a demand\u00e9, exceptionnellement je publie, une fois, une seule, mon bulletin de sant\u00e9, physique, mental et politique.)J\u2019ai ou\u00efe dire que d\u2019aucun se pr\u00e9occupait de ma sant\u00e9 et de savoir si j\u2019\u00e9tais rest\u00e9 \u00e9gal \u00e0 moi-m\u00eame ? Je les rassure, au risque de les rendre malade, je vais fort bien, je ne suis atteint ni d\u2019aphonie, ni d\u2019agueusie ni d&rsquo;anosmie, et toujours droit dans mes bottes, La d\u00e9mence s\u00e9nile qui parait en avoir atteint d\u2019autre m\u2019a \u00e9pargn\u00e9 moi-m\u00eame jusque-l\u00e0. Depuis qu\u2019il est obligatoire je n\u2019ai toujours pas mis une seule fois un masque, je me lave toujours les mains comme l\u2019exige l\u2019hygi\u00e8ne g\u00e9n\u00e9rale, et pas d\u2019avantage, avec du savon de Marseille (Ah Marseille !\u2026le savon l\u2019hydroxy\u2026), et comme je continue \u00e0 embrasser mes proches et amis, je ne respecte \u00e9videmment pas \u00ab les distanciations \u00bb. J\u2019en connais pourtant des, qui ont ob\u00e9i aux consignes et qui ont malgr\u00e9 tout contract\u00e9 depuis le virus, et m\u00eame plus en ont quelque fois \u00e9taient malades, pas moi, en tout cas pas encore. De quoi faire b\u00ealer de rage tout un troupeau de moutons imb\u00e9ciles. Mais n\u2019est-ce pas l\u00e0 la preuve \u00e9tablie par le v\u00e9cu que toutes ces \u00ab pr\u00e9cautions \u00bb ne sont pas de grande utilit\u00e9, et que l\u2019ob\u00e9issance ne pr\u00e9munit en rien les ovins, ni contre le virus \u00ab sars-cov 2 \u00bb, ni bien entendu contre \u00ab le prion \u00bb de la \u00ab tremblante \u00bb, dont \u00e0 l\u2019\u00e9vidence certains sont \u00e0 pr\u00e9sent atteints.Quant au silence, je ne me suis jamais moins manifest\u00e9 qu\u2019\u00e0 mon habitude. J\u2019ai \u00e9crit r\u00e9cemment un petit conte publi\u00e9 sur mon Website, (\u00ab La d\u00e9volution \u00bb) et une \u00ab nouvelle \u00bb (Adieu l\u2019Emile \u00bb) non encore publi\u00e9e. Je prends part aux r\u00e9unions hebdomadaires et aux interventions publiques (distribution de tracts). Je suis en peu de mots, toujours fid\u00e8le \u00e0 moi-m\u00eame, \u00e0 mes engagements, \u00e0 mon combat contre la \u00ab dictature macroniste \u00bb dissimul\u00e9e ou pas sous le masque, et refuse cat\u00e9goriquement, comme d\u2019aucuns le font, de la justifier pour des raisons sanitaires quel que soit le degr\u00e9 de gravit\u00e9 r\u00e9elle ou suppos\u00e9 de celles-ci.Revenons quelques instants \u00e0 ma petite histoire que les sp\u00e9cialistes de l\u2019\u00e9dition classeraient probablement  dans la cat\u00e9gorie des \u00ab contes philosophiques, s\u2019il n\u2019\u00e9tait de notori\u00e9t\u00e9 publique que je ne suis pas philosophe. Car vous le savez, pour certains seuls les philosophes patent\u00e9s comme BHL, Enthoven ou Onfray (et encore pour ce dernier il faut voir) ont le droit de philosopher, seuls les m\u00e9decins dipl\u00f4m\u00e9s ont le droit d\u2019\u00e9mettre un avis \u00e0 caract\u00e8re m\u00e9dical (\u00ab Je suis enrhum\u00e9 ! \u00bb Pourquoi dis-tu \u00e7a, tu n\u2019es pas m\u00e9decin, va donc passer un test covid), et encore sous le contr\u00f4le \u00e9troit de \u00ab l\u2019ORDRE qui les r\u00e9git\u00bb. Seuls les scientifiques ont le droit d\u2019avoir une opinion sur les sujets scientifiques (\u00ab La terre est ronde et tourne sur son axe nord\/sud \u00bb Ce n\u2019est pas ce que dit la Gen\u00e8se. Seul Galil\u00e9e est habilit\u00e9 \u00e0 pr\u00e9tendre qu\u2019elle tourne pourtant).\u00e0 la condition expresse d\u2019\u00eatre \u00ab labellis\u00e9s \u00bb par l\u2019autorit\u00e9 politique. Seuls les \u00e9lus ont le droit de se prononcer sur les affaires publiques, seuls les responsables politiques ont le droit d\u2019approuver ou de contester l\u2019action du gouvernement et seuls les dirigeants syndicaux ont le droit de d\u00e9cr\u00e9ter la \u00ab rentr\u00e9e sociale \u00bb et d\u2019appeler \u00e0 manifester. Quant aux citoyens que leur reste-t-il ? Le droit de la fermer et de suivre bien s\u00fbr en b\u00ealant comme des moutons. Ah le joli monde \u00ab manich\u00e9en \u00bb que nous r\u00eave ces fameux moutons !\u2026Moutons ? A moins que \u00e7a ne fussent des singes ? Le petit conte que je viens d\u2019\u00e9voquer s\u2019appelle \u00ab La d\u00e9volution \u00bb, pour les durs de la comprenette, la \u00ab d\u00e9volution \u00bb c\u2019est l\u2019inverse de \u00ab l\u2019\u00e9volution \u00bb, qui raconte comment victime de la b\u00eatise et de l\u2019ob\u00e9issance aveugle l\u2019homme est redevenu singe, un animal \u00e0 quatre pattes comme le mouton. J\u2019en conseille vivement la lecture \u00e0 certain qui emploieraient ainsi mieux leur temps qu\u2019\u00e0 d\u00e9verser leur venin sur les hommes dont la station verticale bien entendu les agresse eux qui ont d\u00e9j\u00e0 pli\u00e9e l\u2019\u00e9chine.Patrick Seignon. \u00ab lavoiedessansvoix.fr \u00bb. Vendredi 23 octobre 2020.<\/p>\n","protected":false},"excerpt":{"rendered":"<p>BULLETIN DE SANT\u00c9(Mais que fait donc Patrick Seignon)(Bien que ce ne soit pas mon habitude, puisqu\u2019on me l\u2019a demand\u00e9, exceptionnellement [&hellip;]<\/p>\n","protected":false},"author":1,"featured_media":4211,"comment_status":"open","ping_status":"open","sticky":false,"template":"","format":"standard","meta":{"sfsi_plus_gutenberg_text_before_share":"","sfsi_plus_gutenberg_show_text_before_share":"","sfsi_plus_gutenberg_icon_type":"","sfsi_plus_gutenberg_icon_alignemt":"","sfsi_plus_gutenburg_max_per_row":"","site-sidebar-layout":"default","site-content-layout":"","ast-site-content-layout":"default","site-content-style":"default","site-sidebar-style":"default","ast-global-header-display":"","ast-banner-title-visibility":"","ast-main-header-display":"","ast-hfb-above-header-display":"","ast-hfb-below-header-display":"","ast-hfb-mobile-header-display":"","site-post-title":"","ast-breadcrumbs-content":"","ast-featured-img":"","footer-sml-layout":"","ast-disable-related-posts":"","theme-transparent-header-meta":"","adv-header-id-meta":"","stick-header-meta":"","header-above-stick-meta":"","header-main-stick-meta":"","header-below-stick-meta":"","astra-migrate-meta-layouts":"default","ast-page-background-enabled":"default","ast-page-background-meta":{"desktop":{"background-color":"var(--ast-global-color-4)","background-image":"","background-repeat":"repeat","background-position":"center center","background-size":"auto","background-attachment":"scroll","background-type":"","background-media":"","overlay-type":"","overlay-color":"","overlay-opacity":"","overlay-gradient":""},"tablet":{"background-color":"","background-image":"","background-repeat":"repeat","background-position":"center center","background-size":"auto","background-attachment":"scroll","background-type":"","background-media":"","overlay-type":"","overlay-color":"","overlay-opacity":"","overlay-gradient":""},"mobile":{"background-color":"","background-image":"","background-repeat":"repeat","background-position":"center center","background-size":"auto","background-attachment":"scroll","background-type":"","background-media":"","overlay-type":"","overlay-color":"","overlay-opacity":"","overlay-gradient":""}},"ast-content-background-meta":{"desktop":{"background-color":"var(--ast-global-color-5)","background-image":"","background-repeat":"repeat","background-position":"center center","background-size":"auto","background-attachment":"scroll","background-type":"","background-media":"","overlay-type":"","overlay-color":"","overlay-opacity":"","overlay-gradient":""},"tablet":{"background-color":"var(--ast-global-color-5)","background-image":"","background-repeat":"repeat","background-position":"center center","background-size":"auto","background-attachment":"scroll","background-type":"","background-media":"","overlay-type":"","overlay-color":"","overlay-opacity":"","overlay-gradient":""},"mobile":{"background-color":"var(--ast-global-color-5)","background-image":"","background-repeat":"repeat","background-position":"center center","background-size":"auto","background-attachment":"scroll","background-type":"","background-media":"","overlay-type":"","overlay-color":"","overlay-opacity":"","overlay-gradient":""}},"footnotes":""},"categories":[16],"tags":[],"class_list":["post-627","post","type-post","status-publish","format-standard","has-post-thumbnail","hentry","category-archives-cms"],"_links":{"self":[{"href":"https:\/\/lavoiedessansvoix.fr\/lavoie\/wp-json\/wp\/v2\/posts\/627","targetHints":{"allow":["GET"]}}],"collection":[{"href":"https:\/\/lavoiedessansvoix.fr\/lavoie\/wp-json\/wp\/v2\/posts"}],"about":[{"href":"https:\/\/lavoiedessansvoix.fr\/lavoie\/wp-json\/wp\/v2\/types\/post"}],"author":[{"embeddable":true,"href":"https:\/\/lavoiedessansvoix.fr\/lavoie\/wp-json\/wp\/v2\/users\/1"}],"replies":[{"embeddable":true,"href":"https:\/\/lavoiedessansvoix.fr\/lavoie\/wp-json\/wp\/v2\/comments?post=627"}],"version-history":[{"count":1,"href":"https:\/\/lavoiedessansvoix.fr\/lavoie\/wp-json\/wp\/v2\/posts\/627\/revisions"}],"predecessor-version":[{"id":3273,"href":"https:\/\/lavoiedessansvoix.fr\/lavoie\/wp-json\/wp\/v2\/posts\/627\/revisions\/3273"}],"wp:featuredmedia":[{"embeddable":true,"href":"https:\/\/lavoiedessansvoix.fr\/lavoie\/wp-json\/wp\/v2\/media\/4211"}],"wp:attachment":[{"href":"https:\/\/lavoiedessansvoix.fr\/lavoie\/wp-json\/wp\/v2\/media?parent=627"}],"wp:term":[{"taxonomy":"category","embeddable":true,"href":"https:\/\/lavoiedessansvoix.fr\/lavoie\/wp-json\/wp\/v2\/categories?post=627"},{"taxonomy":"post_tag","embeddable":true,"href":"https:\/\/lavoiedessansvoix.fr\/lavoie\/wp-json\/wp\/v2\/tags?post=627"}],"curies":[{"name":"wp","href":"https:\/\/api.w.org\/{rel}","templated":true}]}}