{"id":626,"date":"2020-10-25T05:46:00","date_gmt":"2020-10-25T04:46:00","guid":{"rendered":"https:\/\/lavoiedessansvoix.fr\/lavoie\/2020\/10\/25\/archive-contre-la-dictature-en-marche-solidarite-avec-le-professeur-perronne-et-tous-les\/"},"modified":"2026-04-26T20:59:55","modified_gmt":"2026-04-26T18:59:55","slug":"archive-contre-la-dictature-en-marche-solidarite-avec-le-professeur-perronne-et-tous-les","status":"publish","type":"post","link":"https:\/\/lavoiedessansvoix.fr\/lavoie\/2020\/10\/25\/archive-contre-la-dictature-en-marche-solidarite-avec-le-professeur-perronne-et-tous-les\/","title":{"rendered":"CONTRE LA DICTATURE EN MARCHE, SOLIDARIT\u00c9 AVEC LE PROFESSEUR PERRONNE (Et tous les autres)"},"content":{"rendered":"<p>CONTRE LA DICTATURE EN MARCHE,SOLIDARIT\u00c9 AVEC LE PROFESSEUR PERRONNE(Et tous les autres)A l&rsquo;attention du professeur Christian PerronneMonsieur,Nous apprenons, avec effarement, que vous venez d\u2019\u00eatre radi\u00e9 de vos fonctions de vice-pr\u00e9sident de la F\u00e9d\u00e9ration fran\u00e7aise contre les maladies vectorielles \u00e0 tiques (FFMVT) et de pr\u00e9sident de son conseil scientifique, sur d\u00e9cision du conseil d&rsquo;administration de cette F\u00e9d\u00e9ration,Les vocif\u00e9rations, intimidations, insultes et menaces ne suffisent donc plus \u00e0 vos adversaires, le temps des repr\u00e9sailles est arriv\u00e9. Nous ignorons \u00e0 quel point cette mesure vous affecte ou pas, mais sachez Monsieur, que nous sommes solidaires et fiers de vous.et esp\u00e9rons que vous saurez garder le cap jusqu\u2019au bout.\u00ab Et pourtant elle tourne \u00bb, c\u2019est ce qu\u2019aurait l\u00e2ch\u00e9 Galil\u00e9e qui venait de plier aux exigences du tribunal inquisitorial. Eh oui, en ce temps l\u00e0 aussi, la religion, les tribunaux, s\u2019avisaient de faire de la science \u00e0 la place des scientifiques, tout comme de nos jours le font des gouvernements et des conseils scientifiques \u00e0 leurs bottes. Elle tournait en effet et cette v\u00e9rit\u00e9 incontournable ne pouvait manquer \u00e0 la fin de tourner en ridicule les obscurantistes qui voulaient l\u2019emp\u00eacher de \u00ab tourner rond \u00bb la pesante page de la Gen\u00e8se. De m\u00eame que l\u2019arr\u00eat du tribunal de l\u2019inquisition n\u2019arr\u00eata pas la rotation de la terre, ni celle de la v\u00e9rit\u00e9, les menteries les plus \u00e9cul\u00e9es et les oukases de la \u00ab dictature sanitaire \u00bb, fussent-elles port\u00e9es par les plus grandes puissances n\u00e9fastes de la Terre, ne pourront emp\u00eacher \u00e0 la fin la v\u00e9rit\u00e9 de surgir au d\u00e9tour d\u2019un chemin de l\u2019Histoire. Alors, vous-m\u00eames et vos semblables, les professeurs Raoult, Toussaint, Toubiana, et tous ceux qui vous ont rejoint dans la contestation de la gouvernance de la peur, seront remerci\u00e9 de leur clairvoyance, leur r\u00e9sistance leur pugnacit\u00e9 et leur courage.Nous vous en adjurons-vous, Professeur Christian Perronne, victime de ces premi\u00e8res repr\u00e9sailles, mais aussi tous les \u00ab cosignataires \u00bb, de la tribune \u00ab nous ne voulons plus vivre sous le r\u00e8gne de la peur \u00bb : ne fl\u00e9chissaient pas face \u00e0 l\u2019adversit\u00e9 Messieurs les M\u00e9decins, chercheurs et Professeurs. Ceux parmi le peuple qui sont d\u00e9j\u00e0 \u00e9clair\u00e9s, et ils sont nombreux, vont serrer les coudes et les rangs autour de vous, amplifier votre message. Par millions, d\u2019autres d\u00e9j\u00e0 exc\u00e9d\u00e9s en v\u00e9rit\u00e9 par le d\u00e9lire destructeur des politiques mises en \u0153uvre, nous rejoindront, et alors, ce grand ch\u0153ur populaire, comme le firent dit-on les trompettes de J\u00e9richo, viendront \u00e0 bout des murailles qu\u2019\u00e9rige sous nos yeux la dictature en marche. Ensemble nous tirerons la v\u00e9rit\u00e9 du fond du puit o\u00f9 elle l\u2019avait jet\u00e9,Bon courage \u00e0 vous.Patrick Seignon. \u00ab lavoiedessansvoix.fr \u00bb. Jeudi 22 octobre 2020.<\/p>\n","protected":false},"excerpt":{"rendered":"<p>CONTRE LA DICTATURE EN MARCHE,SOLIDARIT\u00c9 AVEC LE PROFESSEUR PERRONNE(Et tous les autres)A l&rsquo;attention du professeur Christian PerronneMonsieur,Nous apprenons, avec effarement, [&hellip;]<\/p>\n","protected":false},"author":1,"featured_media":4210,"comment_status":"open","ping_status":"open","sticky":false,"template":"","format":"standard","meta":{"sfsi_plus_gutenberg_text_before_share":"","sfsi_plus_gutenberg_show_text_before_share":"","sfsi_plus_gutenberg_icon_type":"","sfsi_plus_gutenberg_icon_alignemt":"","sfsi_plus_gutenburg_max_per_row":"","site-sidebar-layout":"default","site-content-layout":"","ast-site-content-layout":"default","site-content-style":"default","site-sidebar-style":"default","ast-global-header-display":"","ast-banner-title-visibility":"","ast-main-header-display":"","ast-hfb-above-header-display":"","ast-hfb-below-header-display":"","ast-hfb-mobile-header-display":"","site-post-title":"","ast-breadcrumbs-content":"","ast-featured-img":"","footer-sml-layout":"","ast-disable-related-posts":"","theme-transparent-header-meta":"","adv-header-id-meta":"","stick-header-meta":"","header-above-stick-meta":"","header-main-stick-meta":"","header-below-stick-meta":"","astra-migrate-meta-layouts":"default","ast-page-background-enabled":"default","ast-page-background-meta":{"desktop":{"background-color":"var(--ast-global-color-4)","background-image":"","background-repeat":"repeat","background-position":"center center","background-size":"auto","background-attachment":"scroll","background-type":"","background-media":"","overlay-type":"","overlay-color":"","overlay-opacity":"","overlay-gradient":""},"tablet":{"background-color":"","background-image":"","background-repeat":"repeat","background-position":"center center","background-size":"auto","background-attachment":"scroll","background-type":"","background-media":"","overlay-type":"","overlay-color":"","overlay-opacity":"","overlay-gradient":""},"mobile":{"background-color":"","background-image":"","background-repeat":"repeat","background-position":"center center","background-size":"auto","background-attachment":"scroll","background-type":"","background-media":"","overlay-type":"","overlay-color":"","overlay-opacity":"","overlay-gradient":""}},"ast-content-background-meta":{"desktop":{"background-color":"var(--ast-global-color-5)","background-image":"","background-repeat":"repeat","background-position":"center center","background-size":"auto","background-attachment":"scroll","background-type":"","background-media":"","overlay-type":"","overlay-color":"","overlay-opacity":"","overlay-gradient":""},"tablet":{"background-color":"var(--ast-global-color-5)","background-image":"","background-repeat":"repeat","background-position":"center center","background-size":"auto","background-attachment":"scroll","background-type":"","background-media":"","overlay-type":"","overlay-color":"","overlay-opacity":"","overlay-gradient":""},"mobile":{"background-color":"var(--ast-global-color-5)","background-image":"","background-repeat":"repeat","background-position":"center center","background-size":"auto","background-attachment":"scroll","background-type":"","background-media":"","overlay-type":"","overlay-color":"","overlay-opacity":"","overlay-gradient":""}},"footnotes":""},"categories":[16],"tags":[],"class_list":["post-626","post","type-post","status-publish","format-standard","has-post-thumbnail","hentry","category-archives-cms"],"_links":{"self":[{"href":"https:\/\/lavoiedessansvoix.fr\/lavoie\/wp-json\/wp\/v2\/posts\/626","targetHints":{"allow":["GET"]}}],"collection":[{"href":"https:\/\/lavoiedessansvoix.fr\/lavoie\/wp-json\/wp\/v2\/posts"}],"about":[{"href":"https:\/\/lavoiedessansvoix.fr\/lavoie\/wp-json\/wp\/v2\/types\/post"}],"author":[{"embeddable":true,"href":"https:\/\/lavoiedessansvoix.fr\/lavoie\/wp-json\/wp\/v2\/users\/1"}],"replies":[{"embeddable":true,"href":"https:\/\/lavoiedessansvoix.fr\/lavoie\/wp-json\/wp\/v2\/comments?post=626"}],"version-history":[{"count":1,"href":"https:\/\/lavoiedessansvoix.fr\/lavoie\/wp-json\/wp\/v2\/posts\/626\/revisions"}],"predecessor-version":[{"id":3271,"href":"https:\/\/lavoiedessansvoix.fr\/lavoie\/wp-json\/wp\/v2\/posts\/626\/revisions\/3271"}],"wp:featuredmedia":[{"embeddable":true,"href":"https:\/\/lavoiedessansvoix.fr\/lavoie\/wp-json\/wp\/v2\/media\/4210"}],"wp:attachment":[{"href":"https:\/\/lavoiedessansvoix.fr\/lavoie\/wp-json\/wp\/v2\/media?parent=626"}],"wp:term":[{"taxonomy":"category","embeddable":true,"href":"https:\/\/lavoiedessansvoix.fr\/lavoie\/wp-json\/wp\/v2\/categories?post=626"},{"taxonomy":"post_tag","embeddable":true,"href":"https:\/\/lavoiedessansvoix.fr\/lavoie\/wp-json\/wp\/v2\/tags?post=626"}],"curies":[{"name":"wp","href":"https:\/\/api.w.org\/{rel}","templated":true}]}}