{"id":625,"date":"2020-10-27T03:52:00","date_gmt":"2020-10-27T02:52:00","guid":{"rendered":"https:\/\/lavoiedessansvoix.fr\/lavoie\/2020\/10\/27\/archive-et-le-septieme-jour-il-se-reposa-genese-2\/"},"modified":"2026-04-26T20:59:47","modified_gmt":"2026-04-26T18:59:47","slug":"archive-et-le-septieme-jour-il-se-reposa-genese-2","status":"publish","type":"post","link":"https:\/\/lavoiedessansvoix.fr\/lavoie\/2020\/10\/27\/archive-et-le-septieme-jour-il-se-reposa-genese-2\/","title":{"rendered":"\u00ab ET LE SEPTI\u00c8ME JOUR IL SE REPOSA \u00bb Gen\u00e8se 2"},"content":{"rendered":"<p>\u00ab ET LE SEPTI\u00c8ME JOUR IL SE REPOSA \u00bbGen\u00e8se 2Presque chaque jour je rel\u00e8ve dans la presse les chiffres de contaminations aux covid.19.  Et voil\u00e0 ce que j\u2019ai constat\u00e9 avec \u00e9tonnement. Le bilan des lundis est syst\u00e9matiquement la moiti\u00e9 de celui des jours pr\u00e9c\u00e9dents. Voyez plut\u00f4t : \u00ab Apr\u00e8s que le chiffre des nouvelles contaminations a approch\u00e9 17.000 samedi et 12.500 dimanche, Sant\u00e9 publique France annonce 5.084 cas en ce 5 octobre. Or, il est rappel\u00e9 que les chiffres du lundi sont souvent plus bas que ceux du reste de la semaine. \u00bb\u00ab Apr\u00e8s les lourds chiffres de samedi et dimanche o\u00f9 respectivement 32.427 et 29.837 nouveaux cas de Covid-19 ont \u00e9t\u00e9 recens\u00e9s dans le pays, ce nombre a connu une forte baisse, tombant \u00e0 13.243, indique Sant\u00e9 publique France ce lundi 19 octobre. \u00bb\u00ab La France a enregistr\u00e9 le 26 octobre presque deux fois moins de cas confirm\u00e9s en une journ\u00e9e, 26.771contre 52.010 dimanche. Un total de 1.165.278 cas a \u00e9t\u00e9 confirm\u00e9. \u00bb Vous l\u2019aviez remarqu\u00e9 aussi, et comme moi vous vous \u00eates pos\u00e9 la question : \u00ab A quoi cela tient-il ?A quoi cela tient-il ? Le virus, disent certains, joue au \u00ab yoyo \u00bb. Mais il s\u2019agit l\u00e0 d\u2019un constat non d\u2019une explication. Non, l\u2019explication la voil\u00e0. Le \u00ab Sars.cov 2 \u00bb, le virus responsable de la \u00ab Covid 19 \u00bb (maladie) n\u2019est pas un simple virus, c\u2019est plus que cela ; c\u2019est une \u00ab Divinit\u00e9 \u00bb. Une divinit\u00e9 mal\u00e9fique certes, mais une divinit\u00e9 tout de m\u00eame, et \u00e0 l\u2019instar de Dieu il se repose le septi\u00e8me jour\u2026. Ah bon, mais pas tout \u00e0 fait ! Comme \u00e7a l\u2019ennuierait beaucoup de rester toute une journ\u00e9e sans faire de mal du tout, le septi\u00e8me jour \u00e0 la diff\u00e9rence de Dieu il ne se repose qu\u2019une demi-journ\u00e9e ; c\u2019est ainsi que les chiffres des contaminations au Covid 19 des lundis est divis\u00e9 par deux.Mais au fait, autre question, nous avons l\u00e0 les chiffres des lundis 5, 19 et 26 octobre, mais o\u00f9 sont donc pass\u00e9s ceux du Lundi 12 octobre ? Ils n\u2019ont pas \u00e9t\u00e9 diffus\u00e9s dans \u00ab Sputnik \u00bb ce journal du Diable. Alors je cherche ailleurs, je m\u2019adresse au journal officiel d\u2019une autre Divinit\u00e9 : \u00ab Le Veau d\u2019or \u00bb, c\u2019est-\u00e0-dire \u00ab les Echos \u00bb ; Et voil\u00e0 ce que je trouve : \u00ab Covid 19 : ce qu\u2019il faut retenir de la journ\u00e9e du 12 octobre \u00bb, c\u2019est le titre, et l\u2019en t\u00eate : \u00ab La France a de nouveau ce lundi franchi le cap des 1500 patients gravement touch\u00e9s par le Covid, admis en r\u00e9animation. Une premi\u00e8re depuis le 27 mai. \u00ab Nous sommes dans une deuxi\u00e8me vague forte \u00bb, a averti le Premier ministre Jean Castex. \u00bbPas de chiffre des contaminations du lundi 12. Mais \u00e0 d\u00e9faut comme il faut faire peur tout de m\u00eame on sort du chapeau un autre chiffre d\u2019apparence alarmant \u00ab 1500 patients gravement touch\u00e9s \u00bb dont on ne sait pas \u00e0 quoi il se rapporte, la seule journ\u00e9e du lundi 12 ou autre chose. Eh non ! Pas de bilan des contaminations du lundi 12Le gouvernement se r\u00e9unissait le mardi 13 octobre pour d\u00e9cider du couvre-feu il n\u2019\u00e9tait pas de bon ton de publier la veille les chiffres du lundi traditionnellement en baisse. Alors c\u2019est simple, ils ont fait l\u2019impasse sur ceux-ci.Ce que c\u2019est tout de m\u00eame en \u00ab Macronie \u00bbque \u00ab la d\u00e9mocratie \u00bb et la libert\u00e9 de l\u2019information.Patrick Seignon. \u00ab lavoixdessansvoie.fr \u00bb. Mardi 27 octobre 2020.<\/p>\n","protected":false},"excerpt":{"rendered":"<p>\u00ab ET LE SEPTI\u00c8ME JOUR IL SE REPOSA \u00bbGen\u00e8se 2Presque chaque jour je rel\u00e8ve dans la presse les chiffres de [&hellip;]<\/p>\n","protected":false},"author":1,"featured_media":4209,"comment_status":"open","ping_status":"open","sticky":false,"template":"","format":"standard","meta":{"sfsi_plus_gutenberg_text_before_share":"","sfsi_plus_gutenberg_show_text_before_share":"","sfsi_plus_gutenberg_icon_type":"","sfsi_plus_gutenberg_icon_alignemt":"","sfsi_plus_gutenburg_max_per_row":"","site-sidebar-layout":"default","site-content-layout":"","ast-site-content-layout":"default","site-content-style":"default","site-sidebar-style":"default","ast-global-header-display":"","ast-banner-title-visibility":"","ast-main-header-display":"","ast-hfb-above-header-display":"","ast-hfb-below-header-display":"","ast-hfb-mobile-header-display":"","site-post-title":"","ast-breadcrumbs-content":"","ast-featured-img":"","footer-sml-layout":"","ast-disable-related-posts":"","theme-transparent-header-meta":"","adv-header-id-meta":"","stick-header-meta":"","header-above-stick-meta":"","header-main-stick-meta":"","header-below-stick-meta":"","astra-migrate-meta-layouts":"default","ast-page-background-enabled":"default","ast-page-background-meta":{"desktop":{"background-color":"var(--ast-global-color-4)","background-image":"","background-repeat":"repeat","background-position":"center center","background-size":"auto","background-attachment":"scroll","background-type":"","background-media":"","overlay-type":"","overlay-color":"","overlay-opacity":"","overlay-gradient":""},"tablet":{"background-color":"","background-image":"","background-repeat":"repeat","background-position":"center center","background-size":"auto","background-attachment":"scroll","background-type":"","background-media":"","overlay-type":"","overlay-color":"","overlay-opacity":"","overlay-gradient":""},"mobile":{"background-color":"","background-image":"","background-repeat":"repeat","background-position":"center center","background-size":"auto","background-attachment":"scroll","background-type":"","background-media":"","overlay-type":"","overlay-color":"","overlay-opacity":"","overlay-gradient":""}},"ast-content-background-meta":{"desktop":{"background-color":"var(--ast-global-color-5)","background-image":"","background-repeat":"repeat","background-position":"center center","background-size":"auto","background-attachment":"scroll","background-type":"","background-media":"","overlay-type":"","overlay-color":"","overlay-opacity":"","overlay-gradient":""},"tablet":{"background-color":"var(--ast-global-color-5)","background-image":"","background-repeat":"repeat","background-position":"center center","background-size":"auto","background-attachment":"scroll","background-type":"","background-media":"","overlay-type":"","overlay-color":"","overlay-opacity":"","overlay-gradient":""},"mobile":{"background-color":"var(--ast-global-color-5)","background-image":"","background-repeat":"repeat","background-position":"center center","background-size":"auto","background-attachment":"scroll","background-type":"","background-media":"","overlay-type":"","overlay-color":"","overlay-opacity":"","overlay-gradient":""}},"footnotes":""},"categories":[16],"tags":[],"class_list":["post-625","post","type-post","status-publish","format-standard","has-post-thumbnail","hentry","category-archives-cms"],"_links":{"self":[{"href":"https:\/\/lavoiedessansvoix.fr\/lavoie\/wp-json\/wp\/v2\/posts\/625","targetHints":{"allow":["GET"]}}],"collection":[{"href":"https:\/\/lavoiedessansvoix.fr\/lavoie\/wp-json\/wp\/v2\/posts"}],"about":[{"href":"https:\/\/lavoiedessansvoix.fr\/lavoie\/wp-json\/wp\/v2\/types\/post"}],"author":[{"embeddable":true,"href":"https:\/\/lavoiedessansvoix.fr\/lavoie\/wp-json\/wp\/v2\/users\/1"}],"replies":[{"embeddable":true,"href":"https:\/\/lavoiedessansvoix.fr\/lavoie\/wp-json\/wp\/v2\/comments?post=625"}],"version-history":[{"count":1,"href":"https:\/\/lavoiedessansvoix.fr\/lavoie\/wp-json\/wp\/v2\/posts\/625\/revisions"}],"predecessor-version":[{"id":3269,"href":"https:\/\/lavoiedessansvoix.fr\/lavoie\/wp-json\/wp\/v2\/posts\/625\/revisions\/3269"}],"wp:featuredmedia":[{"embeddable":true,"href":"https:\/\/lavoiedessansvoix.fr\/lavoie\/wp-json\/wp\/v2\/media\/4209"}],"wp:attachment":[{"href":"https:\/\/lavoiedessansvoix.fr\/lavoie\/wp-json\/wp\/v2\/media?parent=625"}],"wp:term":[{"taxonomy":"category","embeddable":true,"href":"https:\/\/lavoiedessansvoix.fr\/lavoie\/wp-json\/wp\/v2\/categories?post=625"},{"taxonomy":"post_tag","embeddable":true,"href":"https:\/\/lavoiedessansvoix.fr\/lavoie\/wp-json\/wp\/v2\/tags?post=625"}],"curies":[{"name":"wp","href":"https:\/\/api.w.org\/{rel}","templated":true}]}}