{"id":624,"date":"2020-10-27T10:12:00","date_gmt":"2020-10-27T09:12:00","guid":{"rendered":"https:\/\/lavoiedessansvoix.fr\/lavoie\/2020\/10\/27\/archive-appel-a-l-insurrection-de-la-colere\/"},"modified":"2026-04-26T20:59:39","modified_gmt":"2026-04-26T18:59:39","slug":"archive-appel-a-l-insurrection-de-la-colere","status":"publish","type":"post","link":"https:\/\/lavoiedessansvoix.fr\/lavoie\/2020\/10\/27\/archive-appel-a-l-insurrection-de-la-colere\/","title":{"rendered":"APPEL A L\u2019INSURRECTION DE LA COL\u00c8RE"},"content":{"rendered":"<p>APPEL A L\u2019INSURRECTION DE LA COL\u00c8RENous avons dit depuis fort longtemps, d\u2019autres, mieux habilit\u00e9s que nous \u00e0 le faire l\u2019on dit aussi, que le gouvernement et son \u00ab conseil scientifique \u00bb ont dramatis\u00e9 tout expr\u00e8s la crise sanitaire du Covid, pour faire peur aux Fran\u00e7ais et les tenir ainsi musel\u00e9s sous sa domination.Les conduites liberticides et \u00e9conomiquement et socialement destructrices du gouvernement (Entraves \u00e0 la libert\u00e9 de r\u00e9union et de manifestation, couvre-feu, entrave \u00e0 la libert\u00e9 du commerce et du travail, etc.);\u00b0 ont pris ces derniers jours des proportions catastrophiques, absolument inacceptables.Qu\u2019elle que puisse \u00eatre la gravit\u00e9, r\u00e9elle ou suppos\u00e9e, de cette crise sanitaire, elle ne saurait justifier que l\u2019on d\u00e9truise l\u2019\u00e9conomie populaire, que l\u2019on pr\u00e9cipite dans les difficult\u00e9s financi\u00e8res et r\u00e9duise \u00e0 la faillite des milliers de commer\u00e7ants, d\u2019agriculteurs, de petites et moyennes entreprises, et plus tard par effet de boule de neige, que l\u2019on d\u00e9truise aussi des entreprises plus grandes et provoque une crise \u00e9conomique sans pr\u00e9c\u00e9dent dans l\u2019Histoire. Elle ne saurait justifier que l\u2019on \u00e9radique des centaines de milliers d\u2019emplois, que l\u2019on r\u00e9duise au ch\u00f4mage des centaines de milliers de travailleurs, que l\u2019on jette les retrait\u00e9s dans l\u2019indigence et des dizaines de milliers de m\u00e9nages dans l\u2019extr\u00eame pauvret\u00e9.Des mesures qui sous pr\u00e9texte de nous \u00ab prot\u00e9ger \u00bb engendre des maux et des d\u00e9g\u00e2ts sociaux, \u00e9conomiques et humains (pauvret\u00e9, d\u00e9socialisation, violences, d\u00e9pressions, maladies, suicides, etc.) bien plus consid\u00e9rables que n\u2019aurait jamais pu faire l\u2019\u00e9pid\u00e9mie de Covid 19La politique pr\u00e9tendument sanitaire du gouvernement vise en v\u00e9rit\u00e9 d\u2019autres fins que la protection des populations. C\u2019est une agression planifi\u00e9e contre les fran\u00e7ais, leur mode et leur niveau de vie. Emmanuel Macron l\u2019a dit d\u00e8s le 17 mars 2020,  \u00ab nous sommes en guerre \u00bb. Oui c\u2019est vrai Macron et son \u00e9quipe sont en guerre, mais non pas comme ils le pr\u00e9tendent contre le Covid, ils sont en guerre, une guerre \u00e9conomique contre leur population, contre les Fran\u00e7ais. Toutes les guerres ont pour effet d\u2019acc\u00e9l\u00e9rer la \u00ab concentration du capital. Sous couvert de politique sanitaire, c\u2019est en v\u00e9rit\u00e9 une vaste offensive qu\u2019ils m\u00e8nent contre le peuple, contre l\u2019\u00e9conomie populaire, contre le niveau de vie du peuple qu\u2019ils veulent r\u00e9duire drastiquement afin de concentrer au sommet de la pyramide capitaliste des fortunes encore plus consid\u00e9rables.Combien de temps encore les Fran\u00e7ais accepteront-ils de se faire ainsi spolier, ruiner ; paup\u00e9riser ; d\u00e9pecer, brutaliser, humilier ?Le temps n\u2019est-il pas venu de vendanger \u00ab les raisins de la col\u00e8re \u00bb ? Le temps n\u2019est-il pas venu de s\u2019insurger ?Patrick Seignon. \u00ab lavoiedessansvoix.fr \u00bb ; Mardi 27 octobre 2020.<\/p>\n","protected":false},"excerpt":{"rendered":"<p>APPEL A L\u2019INSURRECTION DE LA COL\u00c8RENous avons dit depuis fort longtemps, d\u2019autres, mieux habilit\u00e9s que nous \u00e0 le faire l\u2019on [&hellip;]<\/p>\n","protected":false},"author":1,"featured_media":4208,"comment_status":"open","ping_status":"open","sticky":false,"template":"","format":"standard","meta":{"sfsi_plus_gutenberg_text_before_share":"","sfsi_plus_gutenberg_show_text_before_share":"","sfsi_plus_gutenberg_icon_type":"","sfsi_plus_gutenberg_icon_alignemt":"","sfsi_plus_gutenburg_max_per_row":"","site-sidebar-layout":"default","site-content-layout":"","ast-site-content-layout":"default","site-content-style":"default","site-sidebar-style":"default","ast-global-header-display":"","ast-banner-title-visibility":"","ast-main-header-display":"","ast-hfb-above-header-display":"","ast-hfb-below-header-display":"","ast-hfb-mobile-header-display":"","site-post-title":"","ast-breadcrumbs-content":"","ast-featured-img":"","footer-sml-layout":"","ast-disable-related-posts":"","theme-transparent-header-meta":"","adv-header-id-meta":"","stick-header-meta":"","header-above-stick-meta":"","header-main-stick-meta":"","header-below-stick-meta":"","astra-migrate-meta-layouts":"default","ast-page-background-enabled":"default","ast-page-background-meta":{"desktop":{"background-color":"var(--ast-global-color-4)","background-image":"","background-repeat":"repeat","background-position":"center center","background-size":"auto","background-attachment":"scroll","background-type":"","background-media":"","overlay-type":"","overlay-color":"","overlay-opacity":"","overlay-gradient":""},"tablet":{"background-color":"","background-image":"","background-repeat":"repeat","background-position":"center center","background-size":"auto","background-attachment":"scroll","background-type":"","background-media":"","overlay-type":"","overlay-color":"","overlay-opacity":"","overlay-gradient":""},"mobile":{"background-color":"","background-image":"","background-repeat":"repeat","background-position":"center center","background-size":"auto","background-attachment":"scroll","background-type":"","background-media":"","overlay-type":"","overlay-color":"","overlay-opacity":"","overlay-gradient":""}},"ast-content-background-meta":{"desktop":{"background-color":"var(--ast-global-color-5)","background-image":"","background-repeat":"repeat","background-position":"center center","background-size":"auto","background-attachment":"scroll","background-type":"","background-media":"","overlay-type":"","overlay-color":"","overlay-opacity":"","overlay-gradient":""},"tablet":{"background-color":"var(--ast-global-color-5)","background-image":"","background-repeat":"repeat","background-position":"center center","background-size":"auto","background-attachment":"scroll","background-type":"","background-media":"","overlay-type":"","overlay-color":"","overlay-opacity":"","overlay-gradient":""},"mobile":{"background-color":"var(--ast-global-color-5)","background-image":"","background-repeat":"repeat","background-position":"center center","background-size":"auto","background-attachment":"scroll","background-type":"","background-media":"","overlay-type":"","overlay-color":"","overlay-opacity":"","overlay-gradient":""}},"footnotes":""},"categories":[16],"tags":[],"class_list":["post-624","post","type-post","status-publish","format-standard","has-post-thumbnail","hentry","category-archives-cms"],"_links":{"self":[{"href":"https:\/\/lavoiedessansvoix.fr\/lavoie\/wp-json\/wp\/v2\/posts\/624","targetHints":{"allow":["GET"]}}],"collection":[{"href":"https:\/\/lavoiedessansvoix.fr\/lavoie\/wp-json\/wp\/v2\/posts"}],"about":[{"href":"https:\/\/lavoiedessansvoix.fr\/lavoie\/wp-json\/wp\/v2\/types\/post"}],"author":[{"embeddable":true,"href":"https:\/\/lavoiedessansvoix.fr\/lavoie\/wp-json\/wp\/v2\/users\/1"}],"replies":[{"embeddable":true,"href":"https:\/\/lavoiedessansvoix.fr\/lavoie\/wp-json\/wp\/v2\/comments?post=624"}],"version-history":[{"count":1,"href":"https:\/\/lavoiedessansvoix.fr\/lavoie\/wp-json\/wp\/v2\/posts\/624\/revisions"}],"predecessor-version":[{"id":3267,"href":"https:\/\/lavoiedessansvoix.fr\/lavoie\/wp-json\/wp\/v2\/posts\/624\/revisions\/3267"}],"wp:featuredmedia":[{"embeddable":true,"href":"https:\/\/lavoiedessansvoix.fr\/lavoie\/wp-json\/wp\/v2\/media\/4208"}],"wp:attachment":[{"href":"https:\/\/lavoiedessansvoix.fr\/lavoie\/wp-json\/wp\/v2\/media?parent=624"}],"wp:term":[{"taxonomy":"category","embeddable":true,"href":"https:\/\/lavoiedessansvoix.fr\/lavoie\/wp-json\/wp\/v2\/categories?post=624"},{"taxonomy":"post_tag","embeddable":true,"href":"https:\/\/lavoiedessansvoix.fr\/lavoie\/wp-json\/wp\/v2\/tags?post=624"}],"curies":[{"name":"wp","href":"https:\/\/api.w.org\/{rel}","templated":true}]}}