{"id":618,"date":"2020-12-06T12:42:00","date_gmt":"2020-12-06T11:42:00","guid":{"rendered":"https:\/\/lavoiedessansvoix.fr\/lavoie\/2020\/12\/06\/archive-mobilisons-nous-contre-les-quot-con-fineurs-quot\/"},"modified":"2026-04-26T20:58:42","modified_gmt":"2026-04-26T18:58:42","slug":"archive-mobilisons-nous-contre-les-quot-con-fineurs-quot","status":"publish","type":"post","link":"https:\/\/lavoiedessansvoix.fr\/lavoie\/2020\/12\/06\/archive-mobilisons-nous-contre-les-quot-con-fineurs-quot\/","title":{"rendered":"MOBILISONS NOUS CONTRE LES &quot;CON FINEURS&quot;"},"content":{"rendered":"<p>MOBILISONS NOUS CONTRE LES \u00ab\u00a0CON FINEURS\u00a0\u00bbChers amis Citoyens libres,D\u00e8s l&rsquo;origine de l&rsquo;\u00e9pid\u00e9mie, j&rsquo;ai flair\u00e9  le \u00ab\u00a0remake\u00a0\u00bb de l&rsquo;entourloupe de H1N1 en 2009. Ils remettent  \u00e7a me suis-je dit. Et ce pr\u00e9alable acquis a orient\u00e9 mon interpr\u00e9tation de la suite des \u00e9v\u00e8nements.Je suis effar\u00e9 par la situation que notre gouvernement nous impose au pr\u00e9texte fallacieux de la situation sanitaire et suis parfaitement conscient que celle-ci s&rsquo;inscrit dans l&rsquo;ex\u00e9cution d&rsquo;une partition internationale.Militant politique et syndical toute ma vie, depuis l&rsquo;\u00e2ge de 15 ans, retrait\u00e9 \u00e0 pr\u00e9sent, je me suis engag\u00e9 au premier jour, le 17 novembre 2018 dans le mouvement des Gilets-Jaunes qui se proposait de changer \u00ab\u00a0le logiciel du monde\u00a0\u00bb.Je viens d&rsquo;entendre en vid\u00e9o l&rsquo;appel du docteur Louis Fouch\u00e9, hier soir \u00e0 Marseille. Ce monde est pourri \u00e0 tous les \u00e9tages, il faut en changer  en effet. Un mouvement va naitre dans ce sillage qui r\u00e9inventera celui des Gilets-Jaunes force 10.Il me reste peut-\u00eatre encore quelques ann\u00e9es \u00e0 vivre. Je veux les vivres en me battant jusqu&rsquo;\u00e0 mon dernier souffle contre l&rsquo;Horreur que certains nous concoctent et pour un monde meilleur et libre, o\u00f9 l&rsquo;on respire et se d\u00e9place librement. Je suis de ce combat. Je suis de votre combat. Je veux adh\u00e9rer \u00e0 votre collectif (R\u00e9info covid) et je milite d\u00e8s cet instant pour que d&rsquo;autres (j&rsquo;ai quelques amis) se joignent \u00e0 ce combat. Je les y invitent, je les y appelle.Grand merci \u00e0 tous les m\u00e9decins et scientifiques qui se mobilisent et plus particuli\u00e8rement au docteur Fouch\u00e9 dont je salue la d\u00e9termination et le grand courage.6 d\u00e9cembre 2020. Patrick Seignon.Appel du 5 d\u00e9cembre, du docteur Louis Fouch\u00e9, lien :https:\/\/www.facebook.com\/openyoureyesfrance\/videos\/218434993012613<\/p>\n","protected":false},"excerpt":{"rendered":"<p>MOBILISONS NOUS CONTRE LES \u00ab\u00a0CON FINEURS\u00a0\u00bbChers amis Citoyens libres,D\u00e8s l&rsquo;origine de l&rsquo;\u00e9pid\u00e9mie, j&rsquo;ai flair\u00e9 le \u00ab\u00a0remake\u00a0\u00bb de l&rsquo;entourloupe de H1N1 [&hellip;]<\/p>\n","protected":false},"author":1,"featured_media":4202,"comment_status":"open","ping_status":"open","sticky":false,"template":"","format":"standard","meta":{"sfsi_plus_gutenberg_text_before_share":"","sfsi_plus_gutenberg_show_text_before_share":"","sfsi_plus_gutenberg_icon_type":"","sfsi_plus_gutenberg_icon_alignemt":"","sfsi_plus_gutenburg_max_per_row":"","site-sidebar-layout":"default","site-content-layout":"","ast-site-content-layout":"default","site-content-style":"default","site-sidebar-style":"default","ast-global-header-display":"","ast-banner-title-visibility":"","ast-main-header-display":"","ast-hfb-above-header-display":"","ast-hfb-below-header-display":"","ast-hfb-mobile-header-display":"","site-post-title":"","ast-breadcrumbs-content":"","ast-featured-img":"","footer-sml-layout":"","ast-disable-related-posts":"","theme-transparent-header-meta":"","adv-header-id-meta":"","stick-header-meta":"","header-above-stick-meta":"","header-main-stick-meta":"","header-below-stick-meta":"","astra-migrate-meta-layouts":"default","ast-page-background-enabled":"default","ast-page-background-meta":{"desktop":{"background-color":"var(--ast-global-color-4)","background-image":"","background-repeat":"repeat","background-position":"center center","background-size":"auto","background-attachment":"scroll","background-type":"","background-media":"","overlay-type":"","overlay-color":"","overlay-opacity":"","overlay-gradient":""},"tablet":{"background-color":"","background-image":"","background-repeat":"repeat","background-position":"center center","background-size":"auto","background-attachment":"scroll","background-type":"","background-media":"","overlay-type":"","overlay-color":"","overlay-opacity":"","overlay-gradient":""},"mobile":{"background-color":"","background-image":"","background-repeat":"repeat","background-position":"center center","background-size":"auto","background-attachment":"scroll","background-type":"","background-media":"","overlay-type":"","overlay-color":"","overlay-opacity":"","overlay-gradient":""}},"ast-content-background-meta":{"desktop":{"background-color":"var(--ast-global-color-5)","background-image":"","background-repeat":"repeat","background-position":"center center","background-size":"auto","background-attachment":"scroll","background-type":"","background-media":"","overlay-type":"","overlay-color":"","overlay-opacity":"","overlay-gradient":""},"tablet":{"background-color":"var(--ast-global-color-5)","background-image":"","background-repeat":"repeat","background-position":"center center","background-size":"auto","background-attachment":"scroll","background-type":"","background-media":"","overlay-type":"","overlay-color":"","overlay-opacity":"","overlay-gradient":""},"mobile":{"background-color":"var(--ast-global-color-5)","background-image":"","background-repeat":"repeat","background-position":"center center","background-size":"auto","background-attachment":"scroll","background-type":"","background-media":"","overlay-type":"","overlay-color":"","overlay-opacity":"","overlay-gradient":""}},"footnotes":""},"categories":[16],"tags":[],"class_list":["post-618","post","type-post","status-publish","format-standard","has-post-thumbnail","hentry","category-archives-cms"],"_links":{"self":[{"href":"https:\/\/lavoiedessansvoix.fr\/lavoie\/wp-json\/wp\/v2\/posts\/618","targetHints":{"allow":["GET"]}}],"collection":[{"href":"https:\/\/lavoiedessansvoix.fr\/lavoie\/wp-json\/wp\/v2\/posts"}],"about":[{"href":"https:\/\/lavoiedessansvoix.fr\/lavoie\/wp-json\/wp\/v2\/types\/post"}],"author":[{"embeddable":true,"href":"https:\/\/lavoiedessansvoix.fr\/lavoie\/wp-json\/wp\/v2\/users\/1"}],"replies":[{"embeddable":true,"href":"https:\/\/lavoiedessansvoix.fr\/lavoie\/wp-json\/wp\/v2\/comments?post=618"}],"version-history":[{"count":1,"href":"https:\/\/lavoiedessansvoix.fr\/lavoie\/wp-json\/wp\/v2\/posts\/618\/revisions"}],"predecessor-version":[{"id":3255,"href":"https:\/\/lavoiedessansvoix.fr\/lavoie\/wp-json\/wp\/v2\/posts\/618\/revisions\/3255"}],"wp:featuredmedia":[{"embeddable":true,"href":"https:\/\/lavoiedessansvoix.fr\/lavoie\/wp-json\/wp\/v2\/media\/4202"}],"wp:attachment":[{"href":"https:\/\/lavoiedessansvoix.fr\/lavoie\/wp-json\/wp\/v2\/media?parent=618"}],"wp:term":[{"taxonomy":"category","embeddable":true,"href":"https:\/\/lavoiedessansvoix.fr\/lavoie\/wp-json\/wp\/v2\/categories?post=618"},{"taxonomy":"post_tag","embeddable":true,"href":"https:\/\/lavoiedessansvoix.fr\/lavoie\/wp-json\/wp\/v2\/tags?post=618"}],"curies":[{"name":"wp","href":"https:\/\/api.w.org\/{rel}","templated":true}]}}