{"id":616,"date":"2020-12-09T10:03:00","date_gmt":"2020-12-09T09:03:00","guid":{"rendered":"https:\/\/lavoiedessansvoix.fr\/lavoie\/2020\/12\/09\/archive-vaccin-et-barbarie\/"},"modified":"2026-04-26T20:58:25","modified_gmt":"2026-04-26T18:58:25","slug":"archive-vaccin-et-barbarie","status":"publish","type":"post","link":"https:\/\/lavoiedessansvoix.fr\/lavoie\/2020\/12\/09\/archive-vaccin-et-barbarie\/","title":{"rendered":"VACCIN ET BARBARIE"},"content":{"rendered":"<p>VACCIN ET BARBARIEIl y a un mois pas plus, 40 % des fran\u00e7ais d\u00e9claraient ne pas souhaiter se faire vacciner contre \u00ab le \u00ab Sars cov-2 \u00bb. 15 jours apr\u00e8s le chiffre des r\u00e9fractaires avait atteint la barre des 50 %, et quinze jours encore plus tard le voil\u00e0 rendu \u00e0 63 %. D\u2019ici au 4 janvier, date programm\u00e9e du d\u00e9but de la campagne de vaccination, il ne fait gu\u00e8re de doute que ce chiffre aura encore enfl\u00e9.Pourquoi cette pr\u00e9venance ?Depuis bient\u00f4t une ann\u00e9e enti\u00e8re, de gel hydro-alcoolique en masque, d\u2019interdiction de l\u2019hydroxychloroquine en achat crapuleux de remd\u00e9sivir, de couvre-feu en confinement, les pr\u00e9tendues mesures sanitaires du gouvernement n\u2019ont eue d\u2019autre objectif (pour s\u2019en tenir \u00e0 la seule question sanitaire) que de conditionner les populations \u00e0 accepter une campagne massive de vaccination, que d\u2019aucun voudraient obligatoire.La course des laboratoires (et des \u00c9tats) aux vaccins, leur trop grand empressement, leurs pol\u00e9miques, la nouveaut\u00e9 des techniques vaccinales pressenties, l\u2019insuffisance de recul, les bruyantes annonces       en cascade, les r\u00e9actions enthousiastes des bourses \u00e0 celles-ci, ont eu l\u2019effet inverse de celui escompt\u00e9, ont mis l\u2019opinion en alerte. Tout ce \u00ab branlebas \u00bb a \u00e9veill\u00e9 les soup\u00e7ons. Un grand nombre de ceux qui pourtant, t\u00e9tanis\u00e9s par l\u2019argument sanitaire, donnaient cr\u00e9dit \u00e0 la politique et aux mesures liberticides, un grand nombre de ceux qui pourtant s\u2019y plient encore sans rechigner, qui refusaient de croire \u00e0 une manigance financi\u00e8re, et prompts \u00e0 taxer les sceptiques de \u00ab complotisme \u00bb, ont semble-t-il r\u00e9alis\u00e9 tout \u00e0 coup que \u00e7\u00e0 pourrait bien \u00eatre le cas tout de m\u00eame. Que toutes ces mesures abracadabrantes, plus n\u00e9fastes que le virus lui-m\u00eame, pourraient avoir eu pour finalit\u00e9, plus que de prot\u00e9ger les populations, celle de \u00ab les pi\u00e9ger \u00bb, de les \u00ab conditionner, de les mettre hypnotis\u00e9es et dociles \u00e0 la disposition des laboratoires. Argument d\u2019apparence imparable : il n\u2019y a pas d\u2019autre moyen d\u2019enrayer l\u2019\u00e9pid\u00e9mie.Et puis ces discours sur la \u00ab vaccination mondiale \u00bb, ces bruits de \u00ab vaccination obligatoire \u00bb, tout cela a contribu\u00e9 \u00e0 faire croitre la m\u00e9fiance. C\u2019est d\u2019ailleurs la raison pour laquelle le gouvernement et les autorit\u00e9s sanitaires ont tent\u00e9 d\u2019inverser ce discours : Macron jure ses grands Dieux qu\u2019il n\u2019est pas question de rendre la vaccination obligatoire. A son signal, une arm\u00e9e de \u00ab rassuristes \u00bb d\u2019un nouveau genre se sont mis en marche dans les m\u00e9dias et sur le net pour attester de la qualit\u00e9 et la s\u00e9curit\u00e9 des vaccins, et qui confirme que la vaccination ne dois pas \u00eatre, ne sera pas obligatoire, Pas obligatoire ?\u2026 Mais peut-\u00eatre FORC\u00c9E ! Ces compagnies d\u2019aviations qui d\u00e9clarent vouloir l\u2019exiger avec le passeport, ces \u00ab Michel \u00c9douard Leclerc \u00bb qui envisagent (foi de votre portable) de la rendre n\u00e9cessaire pour acc\u00e9der \u00e0 leurs magasins. N\u2019est-ce pas l\u00e0, en contradiction flagrante avec la d\u00e9claration universelle des droits de l\u2019homme (Libert\u00e9 de d\u00e9placement) et les r\u00e8gles \u00e9l\u00e9mentaire du commerce (refus de vente) une mani\u00e8re d\u00e9tourn\u00e9e de rendre obligatoire dans les faits une vaccination que pour des raisons de communication, le gouvernement d\u00e9clare \u00ab mordicus \u00bb qu\u2019elle ne le serait pas ? Macron \u00ab faux-cul \u00bb on a l\u2019habitude. C\u2019est sa m\u00e9thode favorite. Mais il y a pire encore, c\u2019est le \u00ab plan de campagne \u00bb, c\u2019est la m\u00e9thodologie. Ils veulent enclencher au 4 janvier 2021 une vaccination avec des produits \u00e0 peine sortis des laboratoires, dont certains ne sont pas des vaccins v\u00e9ritables mais des \u00ab Th\u00e9rapies-g\u00e9nies \u00bb, sans essais pr\u00e9alables sur l\u2019homme, sans le moindre recul. Et qu\u2019ont-ils trouv\u00e9 pour \u00ab nous \u00bb rassurer ?  On va disent-ils (irresponsables ou cyniques ?) commencer par la population des EHPAD. N\u2019est-ce pas, arguent-ils, cette population fragile qui a le plus besoin d\u2019\u00eatre prot\u00e9g\u00e9e ? Les \u00ab vieux \u00bb, vos parents, vos mamies et papis, vos proches, vos amis, en guise de \u00ab protection \u00bb vont leur servir de cobayes. S\u2019ils en cr\u00e8vent les vieux le commun des mortels n\u2019y verra que du feu. Les d\u00e9g\u00e2ts seront facile \u00e0 dissimuler, on les d\u00e9clarera morts \u00ab de leur belle mort \u00bb ou du Covid. Putain de Covid, il a le dos large. Nous savions d\u00e9j\u00e0 que nombre de d\u00e9c\u00e8s attribu\u00e9s au \u00ab covid-19 \u00bb dans les EPADH \u00e9taient en v\u00e9rit\u00e9 la cons\u00e9quence d\u2019un \u00ab tri des malades \u00bb pour ne pas encombrer les h\u00f4pitaux avec des vieillards \u00e0 \u00ab l\u2019esp\u00e9rance de vie r\u00e9siduelle \u00bb. Ne pas encombrer les h\u00f4pitaux ? Mais c\u2019est bien s\u00fbr puisque les moyens de ceux-ci ont \u00e9t\u00e9 (des dizaines de milliers de lits supprim\u00e9s) drastiquement r\u00e9duits par tous les gouvernements pr\u00e9c\u00e9dents et l\u2019actuel lui-m\u00eame. Avec \u00ab ce tri \u00bb notre syst\u00e8me de sant\u00e9, notre soci\u00e9t\u00e9, a d\u00e9j\u00e0 fait un pas de g\u00e9ant vers les Abymes de la  barbarie. Mais les choses ne s\u2019arr\u00eatent pas l\u00e0. Nous avons appris plus r\u00e9cemment qu\u2019\u00e0 d\u00e9faut de traitement (ils avaient interdit le seul qui existait : Hydroxychloroquine\/Azithromycine) ils ont administr\u00e9 \u00e0 ces personnes \u00e2g\u00e9es qu\u2019ils refusaient de soigner, le \u00ab Rivotril \u00bb(1), un passeport pour la mort. : \u00ab Mourrez en paix braves gens \u00bb. Entrant ainsi dans une logique d\u2019euthanasie de certains \u00e9chantillons de population. Cela, dans le m\u00eame temps ou avec des publicit\u00e9s odieuses ils s\u2019effor\u00e7aient de culpabiliser les jeunes soi-disant responsables par leurs marques d\u2019affections du d\u00e9c\u00e8s de leurs a\u00efeux.Enfin, nous voil\u00e0 peut-\u00eatre rendu au comble de l\u2019horreur. Olivier V\u00e9ran et Macron se proposent de disposer \u00e0 leur gr\u00e9, de la population captive et fragilis\u00e9e des EPHAD qu\u2019ils offrent pour servir de cobayes aux exp\u00e9rimentateurs des laboratoires. Eh oui, tout comme le docteur Mengele disposait pour les siennes des populations captives des camps de concentration. Patrick Seignon. \u00ab lavoiedessansvoix.fr \u00bb Mercredi 9 d\u00e9cembre 2020.1 _ Clonaz\u00e9pam. Anxiolytique. Le clonaz\u00e9pam, commercialis\u00e9 notamment sous la marque Rivotril, est une mol\u00e9cule m\u00e9dicamenteuse de la classe des benzodiaz\u00e9pines, qui a une action myorelaxante, anxiolytique, s\u00e9dative, hypnotique, anticonvulsivante et amn\u00e9siante, et dont l&rsquo;utilisation \u00e0 long terme pr\u00e9sente un risque de d\u00e9pendance tr\u00e8s \u00e9lev\u00e9. Wikip\u00e9dia<\/p>\n","protected":false},"excerpt":{"rendered":"<p>VACCIN ET BARBARIEIl y a un mois pas plus, 40 % des fran\u00e7ais d\u00e9claraient ne pas souhaiter se faire vacciner [&hellip;]<\/p>\n","protected":false},"author":1,"featured_media":4200,"comment_status":"open","ping_status":"open","sticky":false,"template":"","format":"standard","meta":{"sfsi_plus_gutenberg_text_before_share":"","sfsi_plus_gutenberg_show_text_before_share":"","sfsi_plus_gutenberg_icon_type":"","sfsi_plus_gutenberg_icon_alignemt":"","sfsi_plus_gutenburg_max_per_row":"","site-sidebar-layout":"default","site-content-layout":"","ast-site-content-layout":"default","site-content-style":"default","site-sidebar-style":"default","ast-global-header-display":"","ast-banner-title-visibility":"","ast-main-header-display":"","ast-hfb-above-header-display":"","ast-hfb-below-header-display":"","ast-hfb-mobile-header-display":"","site-post-title":"","ast-breadcrumbs-content":"","ast-featured-img":"","footer-sml-layout":"","ast-disable-related-posts":"","theme-transparent-header-meta":"","adv-header-id-meta":"","stick-header-meta":"","header-above-stick-meta":"","header-main-stick-meta":"","header-below-stick-meta":"","astra-migrate-meta-layouts":"default","ast-page-background-enabled":"default","ast-page-background-meta":{"desktop":{"background-color":"var(--ast-global-color-4)","background-image":"","background-repeat":"repeat","background-position":"center center","background-size":"auto","background-attachment":"scroll","background-type":"","background-media":"","overlay-type":"","overlay-color":"","overlay-opacity":"","overlay-gradient":""},"tablet":{"background-color":"","background-image":"","background-repeat":"repeat","background-position":"center center","background-size":"auto","background-attachment":"scroll","background-type":"","background-media":"","overlay-type":"","overlay-color":"","overlay-opacity":"","overlay-gradient":""},"mobile":{"background-color":"","background-image":"","background-repeat":"repeat","background-position":"center center","background-size":"auto","background-attachment":"scroll","background-type":"","background-media":"","overlay-type":"","overlay-color":"","overlay-opacity":"","overlay-gradient":""}},"ast-content-background-meta":{"desktop":{"background-color":"var(--ast-global-color-5)","background-image":"","background-repeat":"repeat","background-position":"center center","background-size":"auto","background-attachment":"scroll","background-type":"","background-media":"","overlay-type":"","overlay-color":"","overlay-opacity":"","overlay-gradient":""},"tablet":{"background-color":"var(--ast-global-color-5)","background-image":"","background-repeat":"repeat","background-position":"center center","background-size":"auto","background-attachment":"scroll","background-type":"","background-media":"","overlay-type":"","overlay-color":"","overlay-opacity":"","overlay-gradient":""},"mobile":{"background-color":"var(--ast-global-color-5)","background-image":"","background-repeat":"repeat","background-position":"center center","background-size":"auto","background-attachment":"scroll","background-type":"","background-media":"","overlay-type":"","overlay-color":"","overlay-opacity":"","overlay-gradient":""}},"footnotes":""},"categories":[16],"tags":[],"class_list":["post-616","post","type-post","status-publish","format-standard","has-post-thumbnail","hentry","category-archives-cms"],"_links":{"self":[{"href":"https:\/\/lavoiedessansvoix.fr\/lavoie\/wp-json\/wp\/v2\/posts\/616","targetHints":{"allow":["GET"]}}],"collection":[{"href":"https:\/\/lavoiedessansvoix.fr\/lavoie\/wp-json\/wp\/v2\/posts"}],"about":[{"href":"https:\/\/lavoiedessansvoix.fr\/lavoie\/wp-json\/wp\/v2\/types\/post"}],"author":[{"embeddable":true,"href":"https:\/\/lavoiedessansvoix.fr\/lavoie\/wp-json\/wp\/v2\/users\/1"}],"replies":[{"embeddable":true,"href":"https:\/\/lavoiedessansvoix.fr\/lavoie\/wp-json\/wp\/v2\/comments?post=616"}],"version-history":[{"count":1,"href":"https:\/\/lavoiedessansvoix.fr\/lavoie\/wp-json\/wp\/v2\/posts\/616\/revisions"}],"predecessor-version":[{"id":3251,"href":"https:\/\/lavoiedessansvoix.fr\/lavoie\/wp-json\/wp\/v2\/posts\/616\/revisions\/3251"}],"wp:featuredmedia":[{"embeddable":true,"href":"https:\/\/lavoiedessansvoix.fr\/lavoie\/wp-json\/wp\/v2\/media\/4200"}],"wp:attachment":[{"href":"https:\/\/lavoiedessansvoix.fr\/lavoie\/wp-json\/wp\/v2\/media?parent=616"}],"wp:term":[{"taxonomy":"category","embeddable":true,"href":"https:\/\/lavoiedessansvoix.fr\/lavoie\/wp-json\/wp\/v2\/categories?post=616"},{"taxonomy":"post_tag","embeddable":true,"href":"https:\/\/lavoiedessansvoix.fr\/lavoie\/wp-json\/wp\/v2\/tags?post=616"}],"curies":[{"name":"wp","href":"https:\/\/api.w.org\/{rel}","templated":true}]}}