{"id":612,"date":"2021-01-21T02:13:00","date_gmt":"2021-01-21T01:13:00","guid":{"rendered":"https:\/\/lavoiedessansvoix.fr\/lavoie\/2021\/01\/21\/archive-madame-mengele\/"},"modified":"2026-04-26T20:57:47","modified_gmt":"2026-04-26T18:57:47","slug":"archive-madame-mengele","status":"publish","type":"post","link":"https:\/\/lavoiedessansvoix.fr\/lavoie\/2021\/01\/21\/archive-madame-mengele\/","title":{"rendered":"Madame Mengele"},"content":{"rendered":"<p>\u00ab\u00a0Madame Mengele \u00ab\u00a0JJe porte l\u2019article ci-dessous, publi\u00e9 dans Sputnik France, \u00e0 la connaissance.de mes lecteurs. Il est fort \u00e9difiant quant au naufrage moral dans lequel certains veulent pr\u00e9cipiter les nations capitalistes occidentales et donc les peuples. Je n\u2019ai pu m\u2019emp\u00eacher de laisser d\u00e9border mon indignation \u00e0 l\u2019encre rouge, pour souligner certains passages ou faire quelques commentaires terrifi\u00e9s et sarcastiques.Dans un article paru le lendemain sur le m\u00eame Site d\u2019information, (intitul\u00e9 : \u00bb  Covid-19: \u00absi le vaccin ne fonctionne pas, on n\u2019a pas de plan B\u00bb, estime une virologue \u00bb)  Morgane Bomsel, immunologue, sp\u00e9cialiste des vaccins \u00e0 l\u2019institut Cochin, pour le CNRS et l&rsquo;INSERM, \u00ab s\u2019interroge sur le choix du gouvernement d\u2019avoir voulu commencer la vaccination en France par les r\u00e9sidents des Ehpad, \u00ab\u00e0 priori en mauvaise sant\u00e9\u00bb. \u00ab En fait dit-elle : \u00ab on fait les essais en temps r\u00e9el. C\u2019est une phase 3 qui cache son nom. \u00bbQuoique cette derni\u00e8re dame ait tent\u00e9 de le dire en termes couverts son propos n\u2019en est pas moins une grave accusation. Pour parler clair elle ne dit rien moins que la phase actuelle de vaccination est une phase d\u2019essai et que les vaccin\u00e9s actuels sont donc les \u00ab cobayes \u00bb des laboratoires.S\u2019agissant des pensionnaires des EHPAD cela corrobore pleinement notre appr\u00e9ciation indign\u00e9e du 9 d\u00e9cembre 2020. (VACCIN ET BARBARIE) quand nous \u00e9crivions ; \u00ab Enfin, nous voil\u00e0 peut-\u00eatre rendu au comble de l\u2019horreur. Olivier V\u00e9ran et Macron se proposent de disposer \u00e0 leur gr\u00e9, de la population captive et fragilis\u00e9e des EPHAD qu\u2019ils offrent pour servir de cobayes aux exp\u00e9rimentateurs des laboratoires. Eh oui, tout comme le docteur Mengele disposait pour les siennes des populations captives des camps de concentration.. \u00bb. Voil\u00e0 pourquoi vous en conviendrez aujourd\u2019hui avec moi, \u00e0 la lecture de l\u2019article ci-dessous, Madame Myl\u00e8ne Ogliastro, chercheuse \u00e0 l\u2019INRA, c\u2019est acquis le surnom bien m\u00e9rit\u00e9, dont je l\u2019ai affubl\u00e9, de \u00ab Madame Mengele \u00bb. Patrick Seignon. Mercredi 20 janvier 2021.D\u00e9c\u00e8s de patients, statistiques troublantes et pressions: faut-il s\u2019inqui\u00e9ter du vaccin de Pfizer?\u00a9 AP Photo \/ Jeff J MitchellInterviews16:41 19.01.2021(mis \u00e0 jour 18:10 19.01.2021) URL courtePar Fabien Buzzanca254915S&rsquo;abonnerLe vaccin contre le Covid-19 d\u00e9velopp\u00e9 par Pfizer-BioNTech cause de vives inqui\u00e9tudes apr\u00e8s que des d\u00e9c\u00e8s de patients ayant re\u00e7u le produit ont \u00e9t\u00e9 constat\u00e9s. Myl\u00e8ne Ogliastro, virologue et chercheuse \u00e0 l\u2019INRAE, souligne que rien n\u2019indique que le vaccin soit en cause et assure que la balance b\u00e9n\u00e9fices-risques penche en sa faveur.Imbroglio \u00e0 la scandinave? Le 14 janvier, Norway Today, un m\u00e9dia norv\u00e9gien, r\u00e9v\u00e9lait que l\u2019Agence norv\u00e9gienne du m\u00e9dicament avait \u00e9tabli un lien entre 13 d\u00e9c\u00e8s et les effets secondaires du vaccin de Pfizer-BioNTech contre le Covid-19. Ces cas avait particuli\u00e8rement retenu l&rsquo;attention des autorit\u00e9s parmi plus de 20 personnes d\u00e9c\u00e9d\u00e9s \u00e0 la suite de l&rsquo;administration d&rsquo;une premi\u00e8re dose.\u00abLes rapports pourraient indiquer que les effets secondaires courants des vaccins \u00e0 ARNm, tels que la fi\u00e8vre et les naus\u00e9es, ont pu entra\u00eener la mort de certains patients fragiles\u00bb, expliquait Sigurd Hortemo, qui officie en tant que m\u00e9decin en chef de l\u2019Agence norv\u00e9gienne du m\u00e9dicament.France info indiquait m\u00eame en date du 16 janvier que \u00abl\u2019Institut national de la sant\u00e9 publique (FHI), qui \u00e9value conjointement tous les rapports sur les effets secondaires du vaccin\u00bb avait \u00abmis \u00e0 jour le guide de vaccination contre le Covid-19, avec de nouvelles recommandations pour les personnes \u00e2g\u00e9es fragiles.\u00bb (Ah bon !? PS)\u00abIl faut malheureusement s\u2019attendre aussi \u00e0 avoir de la mortalit\u00e9\u00bb (ben alors ! PS)Mais le 18 janvier, retournement de situation. Le minist\u00e8re norv\u00e9gien de la Sant\u00e9 a affirm\u00e9 qu\u2019il n\u2019y avait pas de lien \u00e9tabli entre le vaccin Pfizer\/BioNTech et le d\u00e9c\u00e8s des 13 individus. (la preuve PS) \u00abCe sont tous des gens qui \u00e9taient tr\u00e8s \u00e2g\u00e9s, fragiles et avaient des maladies graves\u00bb, a notamment soulign\u00e9 la directrice de l\u2019Autorit\u00e9 norv\u00e9gienne de sant\u00e9 publique, Camilla Stoltenberg, (elle a \u00ab palp\u00e9 \u00bb ou elle a re\u00e7u un courrier contenant unr balle de r\u00e9volver ? PS) lors d\u2019une conf\u00e9rence de presse. Elle a \u00e9galement pr\u00e9cis\u00e9 que \u00abconcernant la cause des d\u00e9c\u00e8s, il n\u2019y a pas eu d\u2019analyse.\u00bbD\u2019apr\u00e8s Reuters, le Royaume scandinave a d\u00e9cid\u00e9 de ne pas changer sa politique concernant le vaccin de Pfizer. Pourtant, BioNTech avait d\u00e9clar\u00e9 plus t\u00f4t que \u00ables autorit\u00e9s sanitaires norv\u00e9giennes ont maintenant modifi\u00e9 (leur) recommandation concernant la vaccination des malades en phase terminale\u00bb, ( ???) avant de se r\u00e9tracter. Ouest-France rapporte qu&rsquo;Oslo recommande \u00abune \u00e9valuation m\u00e9dicale avant de vacciner les personnes \u00e2g\u00e9es et tr\u00e8s fragiles.\u00bbDe quoi s\u2019inqui\u00e9ter? Pas pour Myl\u00e8ne Ogliastro, (madame Mengele PS) virologue chercheuse \u00e0 l\u2019INRAE-Universit\u00e9 de Montpellier (Institut national de la recherche agronomique).\u00abNous sommes pass\u00e9s des essais cliniques \u2013avec des \u00e9chantillons de patients qui \u00e9taient environ 10 fois sup\u00e9rieurs \u00e0 ce qui se fait habituellement (plus de 40.000 volontaires mobilis\u00e9s pour les tests Pfizer-BioNtech)\u2013 \u00e0 une vaccination de masse sur des millions d\u2019individus. Quand on change d\u2019\u00e9chelle et que l\u2019on passe de dizaines de milliers de patients \u00e0 des millions, il est normal de constater certains effets que l\u2019on n\u2019avait pas observ\u00e9s dans les tests cliniques. Certains d\u2019entre eux seront probablement plus graves que d\u2019autres\u00bb, explique-t-elle au micro de Sputnik.\u00abIl faut malheureusement s\u2019attendre aussi \u00e0 avoir de la mortalit\u00e9, comme ce qui s\u2019est pass\u00e9 en Norv\u00e8ge avec la mort de 13 personnes tr\u00e8s \u00e2g\u00e9es et pr\u00e9sentant des pathologies\u00bb, poursuit-elle.La Norv\u00e8ge n\u2019est pas le seul pays \u00e0 avoir \u00e9t\u00e9 confront\u00e9 \u00e0 de tels \u00e9v\u00e9nements. Du c\u00f4t\u00e9 de l\u2019Allemagne, l\u2019Institut Paul Ehrlich enqu\u00eate sur le d\u00e9c\u00e8s de 10 personnes peu de temps apr\u00e8s avoir \u00e9t\u00e9 vaccin\u00e9es. Le Parisien souligne que \u00ables experts ne croient cependant gu\u00e8re \u00e0 un lien avec le vaccin, car les victimes \u00e9taient \u201cdes patients tr\u00e8s gravement malades\u201d\u00bb, comme l\u2019indique aussi \u00abune responsable du d\u00e9partement de la s\u00e9curit\u00e9 des m\u00e9dicaments\u00bb, cit\u00e9e par le m\u00e9dia NTV.En France, l\u2019Agence du m\u00e9dicament (ANSM), rapportait dans son bilan du 14 janvier qu\u2019un r\u00e9sident en Ehpad \u00e9tait d\u00e9c\u00e9d\u00e9 deux heures apr\u00e8s s\u2019\u00eatre fait injecter le vaccin de Pfizer. (Comme \u00e7a c\u2019est produit en Norv\u00e8ge comme le dit madame Oglastro-Mengele) L\u2019ANSM s\u2019est voulue rassurante et a assur\u00e9 que \u00abrien ne permet de conclure que ce d\u00e9c\u00e8s est en lien avec la vaccination.\u00bb (Bien donc !!! PS)Des effets secondaires plus nombreux, mais b\u00e9nins? (quand on a retir\u00e9 les morts. PS)Thomas Clark, \u00e9pid\u00e9miologiste du CDC (Centres pour le contr\u00f4le et la pr\u00e9vention des maladies), soulignait quant \u00e0 lui dans une publication dat\u00e9e du 20 d\u00e9cembre 2020 qu\u2019au 18 d\u00e9cembre, sur un \u00e9chantillon de 112.807 individus ayant re\u00e7u une premi\u00e8re dose du vaccin au Royaume-Uni, 3.150 avaient souffert d\u2019effets ind\u00e9sirables de nature \u00e0 les rendre incapables de mener \u00e0 bien des activit\u00e9s quotidiennes, travailler ou ayant n\u00e9cessit\u00e9 l\u2019aide d\u2019un m\u00e9decin ou d\u2019une aide m\u00e9dicale. Cela repr\u00e9sente un taux de 2,79%, (C\u2019est un des points que soulevait madame Alexandra Henrion Claude dans sa derni\u00e8re vid\u00e9o censur\u00e9e par \u00ab You tube \u00bb PS) loin d\u2019\u00eatre n\u00e9gligeable. En d\u00e9cembre dernier, le Pr \u00c9ric Caumes,  chef du service des maladies infectieuses \u00e0 l\u2019h\u00f4pital de la Piti\u00e9-Salp\u00eatri\u00e8re (Paris), estimait qu\u2019\u00abau niveau des effets ind\u00e9sirables, il y a un vrai probl\u00e8me dans le vaccin Pfizer.\u00bb\u00abDe ce que j\u2019ai pu lire dans les publications, les effets secondaires du vaccin m\u2019apparaissent en grande majorit\u00e9 b\u00e9nins et transitoires: des douleurs au point d\u2019injection, des maux de t\u00eate et un sentiment de fatigue\u00bb, nuance Myl\u00e8ne Ogliastro.(Qui vient de nier les morts PS)Elle souligne cependant, \u00abtoujours sur la base de ce que  lis et non observe\u00bb que \u00abla fr\u00e9quence de ces effets secondaires b\u00e9nins du vaccin Pfizer appara\u00eet l\u00e9g\u00e8rement plus importante que ce que l\u2019on peut voir avec d\u2019autres vaccins.\u00bb \u00abMais nous n\u2019avons pas affaire \u00e0 des effets secondaires majeurs\u00bb, (Sauf des morts ! ah non c\u2019est vrai, ils sont morts de vieillesse 2 heures apr\u00e8s l\u2019injection. PS) mart\u00e8le-t-elle.Ces pol\u00e9miques interviennent dans un contexte tendu pour Pfizer. Un piratage de l\u2019Agence europ\u00e9enne des m\u00e9dicaments (EMA) en d\u00e9cembre, dont les donn\u00e9es ont \u00e9t\u00e9 r\u00e9cemment diffus\u00e9es sur le Dark Web \u00abmontrent la pression \u00e0 laquelle faisait face l\u2019agence pour approuver au plus vite le vaccin Pfizer-BioNTech\u00bb, d\u2019apr\u00e8s Le Monde. Des courriels confidentiels concernant \u00able processus d\u2019\u00e9valuation des vaccins\u00bb ont notamment \u00e9t\u00e9 mis en ligne. Si l\u2019EMA assure que \u00abcertains de ces courriers ont \u00e9t\u00e9 manipul\u00e9s par les auteurs (de la cyberattaque) avant leur publication d\u2019une mani\u00e8re susceptible de miner la confiance dans les vaccins\u00bb, l\u2019agence reconna\u00eet aupr\u00e8s du Monde que \u00ables courriels divulgu\u00e9s refl\u00e8tent les probl\u00e8mes et les discussions qui ont eu lieu.\u00bbLe 20 novembre se d\u00e9roulait un \u00e9change r\u00e9v\u00e9lateur entre l\u2019Agence danoise du m\u00e9dicament et un haut responsable de l\u2019EMA. Le quotidien vesp\u00e9ral explique que le membre de l\u2019EMA se disait \u00absurpris\u00bb qu\u2019Ursula von der Leyen, pr\u00e9sidente de la Commission europ\u00e9enne, ait \u00abclairement identifi\u00e9 les deux vaccins qui pourraient \u00eatre approuv\u00e9s avant la fin de l\u2019ann\u00e9e (Pfizer-BioNTech et Moderna).\u00bb \u00abIl y a encore des probl\u00e8mes avec les deux\u00bb, ajoutait-il.Des pressions pour faire valider le vaccin Pfizer ?Le quotidien souligne par ailleurs que l\u2019EMA avait formul\u00e9 trois \u00abobjections majeures\u00bb concernant le vaccin Pfizer-BioNTech: \u00abCertains sites de fabrication n\u2019avaient pas encore \u00e9t\u00e9 inspect\u00e9s; il manquait encore des donn\u00e9es sur les lots de vaccins commerciaux; mais, surtout, les donn\u00e9es disponibles r\u00e9v\u00e9laient des diff\u00e9rences qualitatives entre les lots commerciaux et ceux qui avaient servi durant les essais cliniques.\u00bb\u00abCes probl\u00e8mes sont consid\u00e9r\u00e9s comme critiques, en particulier dans le contexte de la nouveaut\u00e9 de ce type de produit et de l\u2019exp\u00e9rience limit\u00e9e, une strat\u00e9gie de contr\u00f4le plus stricte est donc attendue\u00bb, indiquait une capture d\u2019\u00e9cran d\u2019un mail \u00e9chang\u00e9 le 30 novembre.Le taux d\u2019ARN \u00abint\u00e8gre\u00bb \u00e9tait descendu aux alentours de 50% sur certains lots destin\u00e9s \u00e0 la commercialisation alors qu\u2019il oscillait entre 69 et 81% lors des essais cliniques. De quoi soulever des questions quant \u00e0 l\u2019efficacit\u00e9 du vaccin. S\u2019en sont suivies des tractations entre les g\u00e9ants de la biotechnologie et l\u2019EMA qui ont entra\u00een\u00e9 des modifications de la part de Pfizer et BioNtech.Sollicit\u00e9e par Le Monde, l\u2019EMA a tenu \u00e0 se montrer rassurante: \u00abLa soci\u00e9t\u00e9 a \u00e9t\u00e9 en mesure de r\u00e9soudre ces probl\u00e8mes et de fournir les informations et donn\u00e9es n\u00e9cessaires pour permettre \u00e0 l\u2019EMA d\u2019\u00e9voluer vers une recommandation positive pour ce vaccin.\u00bbDes pressions qui donnent du grain \u00e0 moudre aux sceptiques? \u00abC\u2019est toujours compliqu\u00e9 d\u2019analyser ce genre de sources. Ont-elles fait l\u2019objet de manipulation? Ce que je constate, c\u2019est que malgr\u00e9 les pressions inh\u00e9rentes \u00e0 une telle situation d\u2019urgence, l\u2019EMA a demand\u00e9 des compl\u00e9ments d\u2019information aux soci\u00e9t\u00e9s pharmaceutiques\u00bb, rassure Myl\u00e8ne Ogliastro.\u00abLes r\u00e9serves l\u00e9gitimes qu\u2019elle a \u00e9mises au mois de novembre montrent qu\u2019elle a bien fait son travail. Il est crucial dans ce type de situation de ne pas acc\u00e9l\u00e9rer les proc\u00e9dures d\u2019\u00e9valuation des risques. Tout comme il est crucial que cette \u00e9valuation soit faite par des organisations ind\u00e9pendantes\u00bb, ajoute la chercheuse. (Elle se fout de nous. PS)Reste que plusieurs experts ont exprim\u00e9 \u00e0 plusieurs reprises leurs interrogations quant aux vaccins \u00e0 ARN messager comme ceux de Pfizer et Moderna, que certains qualifient de \u00abth\u00e9rapie g\u00e9nique\u00bb.La balance b\u00e9n\u00e9fices-risques comme boussoleDans une lettre ouverte publi\u00e9e le 30 novembre, le Professeur Christian Perronne, chef de service des maladies infectieuses et tropicales \u00e0 l\u2019h\u00f4pital Raymond-Poincar\u00e9, dans les Hauts-de-Seine, exprimait tout son scepticisme: \u00abLe plus inqui\u00e9tant est que de nombreux pays, dont la France, se disent pr\u00eats \u00e0 vacciner dans les semaines qui viennent, alors que la mise au point et l\u2019\u00e9valuation de ces produits se sont faites \u00e0 la va-vite et qu\u2019aucun r\u00e9sultat de l\u2019efficacit\u00e9 ou de la dangerosit\u00e9 de ces vaccins n\u2019a \u00e9t\u00e9 publi\u00e9 \u00e0 ce jour. Nous n\u2019avons eu le droit qu\u2019\u00e0 des communiqu\u00e9s de presse des industriels fabricants, permettant de faire flamber leurs actions en bourse.\u00bbAlexandra Henrion-Caude, g\u00e9n\u00e9ticienne et ancienne directrice de recherche \u00e0 l\u2019INSERM, faisait \u00e9galement part de ses inqui\u00e9tudes sur les possibles effets secondaires lors d\u2019une interview donn\u00e9e \u00e0 Sputnik le 11 d\u00e9cembre dernier: \u00abPar d\u00e9finition, le recul classiquement attendu par rapport aux \u00e9v\u00e9nements ind\u00e9sirables graves est de deux ans. Dans le cas de cette campagne, il a \u00e9t\u00e9 r\u00e9duit de 24 mois \u00e0 six mois. Nous savons donc \u00e0 l\u2019avance que nous n\u2019aurons pas le recul habituellement requis.\u00bb\u00abC\u2019est tr\u00e8s bien de s\u2019interroger. Nous sommes actuellement dans une phase de pharmacovigilance avec le d\u00e9but de cette campagne de vaccination. Il faut donc surveiller l\u2019apparition d\u2019\u00e9ventuels effets sur du plus long terme\u00bb, pr\u00e9vient Myl\u00e8ne Ogliastro, pour qui cependant \u00abla balance b\u00e9n\u00e9fices-risques est largement en faveur du vaccin.\u00bbUne pharmacovigilance qui ne porterait en France que sur les effets ind\u00e9sirables non pr\u00e9alablement r\u00e9pertori\u00e9s par Pfizer, souligne la m\u00eame Alexandra Henrion-Caude dans un entretien donn\u00e9 \u00e0 TVL.Le docteur G\u00e9rard Del\u00e9pine, oncologue connu pour ses positions anti-masques s\u2019est quant \u00e0 lui interrog\u00e9 par rapport \u00e0 certaines donn\u00e9es de l\u2019OMS. Dans un article publi\u00e9 sur le site de France Soir le 16 janvier, le m\u00e9decin fait de troublants constats: \u00abDepuis le 20 d\u00e9cembre, en 24 jours, plus de 20% des Isra\u00e9liens (deux millions de personnes) ont \u00e9t\u00e9 vaccin\u00e9s. Mais, depuis cette date, selon les chiffres de l\u2019OMS, les nombres quotidiens de contaminations et de morts attribu\u00e9es au Covid-19 explosent. Les contaminations quotidiennes sont ainsi pass\u00e9es de 1.886 cas le 21 d\u00e9cembre \u00e0 8.094 le 10 janvier. Et la mortalit\u00e9 journali\u00e8re est pass\u00e9e de 18, le 20 d\u00e9cembre \u00e0 53, le 10 janvier.\u00bbLe controvers\u00e9 docteur, qui a \u00e9t\u00e9 accus\u00e9 par Le Monde d\u2019avoir fait des \u00abconclusions bancales\u00bb avec un \u00abgraphique liant confinement et mortalit\u00e9\u00bb en juin dernier, s\u2019int\u00e9resse aussi \u00e0 la Grande-Bretagne qui, comme il le rappelle, \u00abest le second pays dans la course \u00e0 la vaccination qui a d\u00e9but\u00e9 le 4 d\u00e9cembre avec le vaccin d\u00e9velopp\u00e9 par Pfizer et BioNTech\u00bb. \u00abDepuis cette date, le nombre de contaminations quotidiennes a explos\u00e9 de 14.898 le 4 d\u00e9cembre \u00e0 68.063 le 9 janvier 2021. Malheureusement aussi la mortalit\u00e9 Covid-19, qui apr\u00e8s une augmentation de pr\u00e8s de 300% (414 le 4 d\u00e9cembre \u00e0 1.564 le 14 janvier) d\u00e9passe de 27% celle observ\u00e9e en mars-avril 2020 (pic maximal 1.224 le 22 avril 2020)\u00bb, ajoute-t-il.G\u00e9rard Del\u00e9pine se dit \u00abni pro ni anti-vaccin, mais fermement oppos\u00e9 pour l\u2019instant \u00e0 la g\u00e9n\u00e9ralisation d\u2019un vaccin insuffisamment \u00e9valu\u00e9.\u00bb Il s\u2019interroge: \u00abLe vaccin Pfizer augmente-t-il le risque de contamination et de mort par Covid19?\u00bbPour Myl\u00e8ne Ogliastro, le rapport est loin d\u2019\u00eatre \u00e9tabli: (Bien entendu ; PS)\u00abNous sommes face \u00e0 une deuxi\u00e8me vague importante, qui co\u00efncide avec le d\u00e9but de la campagne de vaccination. (2\u00e8me ? C\u2019\u00e9tait en septembre la 2\u00e8me ? Serait-ce la 3\u00e8me  ? PS) Le virus circule \u00e9norm\u00e9ment en ce moment. Il faut se m\u00e9fier des corr\u00e9lations statistiques. La science cherche les relations de causalit\u00e9. Par exemple, il en existe entre le taux de divorces dans certains \u00c9tats am\u00e9ricains et la consommation de margarine. O\u00f9 est le lien de causalit\u00e9?\u00bbD\u2019apr\u00e8s la chercheuse, il est au contraire n\u00e9cessaire d\u2019\u00abacc\u00e9l\u00e9rer la vaccination\u00bb. Le but? \u00abProt\u00e9ger les plus fragiles au plus vite, (Il est vrai que morts les voil\u00e0 hot de danger ; PS) tout en \u00e9tant conscient que l\u2019\u00e9pid\u00e9mie se propage toujours activement dans de nombreux pays, y compris en France.\u00bb\u00abPlus on laissera circuler le virus, plus sa diversit\u00e9 g\u00e9n\u00e9tique va augmenter avec les risques de voir \u00e9merger de nouveaux variants. Nous l\u2019avons observ\u00e9 au Royaume-Uni, en Afrique du Sud ou au Br\u00e9sil. La situation mondiale reste incertaine et tr\u00e8s complexe\u00bb, alerte-t-elle.Un risque d\u2019apparition de nouveaux variants qui pourrait bien augmenter avec le d\u00e9lai entre les injections de vaccins plus important que pr\u00e9vu qu\u2019ont d\u00e9cid\u00e9 certains pays, comme le Royaume-Uni et la France, estiment certains scientifique.<\/p>\n","protected":false},"excerpt":{"rendered":"<p>\u00ab\u00a0Madame Mengele \u00ab\u00a0JJe porte l\u2019article ci-dessous, publi\u00e9 dans Sputnik France, \u00e0 la connaissance.de mes lecteurs. Il est fort \u00e9difiant quant [&hellip;]<\/p>\n","protected":false},"author":1,"featured_media":4196,"comment_status":"open","ping_status":"open","sticky":false,"template":"","format":"standard","meta":{"sfsi_plus_gutenberg_text_before_share":"","sfsi_plus_gutenberg_show_text_before_share":"","sfsi_plus_gutenberg_icon_type":"","sfsi_plus_gutenberg_icon_alignemt":"","sfsi_plus_gutenburg_max_per_row":"","site-sidebar-layout":"default","site-content-layout":"","ast-site-content-layout":"default","site-content-style":"default","site-sidebar-style":"default","ast-global-header-display":"","ast-banner-title-visibility":"","ast-main-header-display":"","ast-hfb-above-header-display":"","ast-hfb-below-header-display":"","ast-hfb-mobile-header-display":"","site-post-title":"","ast-breadcrumbs-content":"","ast-featured-img":"","footer-sml-layout":"","ast-disable-related-posts":"","theme-transparent-header-meta":"","adv-header-id-meta":"","stick-header-meta":"","header-above-stick-meta":"","header-main-stick-meta":"","header-below-stick-meta":"","astra-migrate-meta-layouts":"default","ast-page-background-enabled":"default","ast-page-background-meta":{"desktop":{"background-color":"var(--ast-global-color-4)","background-image":"","background-repeat":"repeat","background-position":"center center","background-size":"auto","background-attachment":"scroll","background-type":"","background-media":"","overlay-type":"","overlay-color":"","overlay-opacity":"","overlay-gradient":""},"tablet":{"background-color":"","background-image":"","background-repeat":"repeat","background-position":"center center","background-size":"auto","background-attachment":"scroll","background-type":"","background-media":"","overlay-type":"","overlay-color":"","overlay-opacity":"","overlay-gradient":""},"mobile":{"background-color":"","background-image":"","background-repeat":"repeat","background-position":"center center","background-size":"auto","background-attachment":"scroll","background-type":"","background-media":"","overlay-type":"","overlay-color":"","overlay-opacity":"","overlay-gradient":""}},"ast-content-background-meta":{"desktop":{"background-color":"var(--ast-global-color-5)","background-image":"","background-repeat":"repeat","background-position":"center center","background-size":"auto","background-attachment":"scroll","background-type":"","background-media":"","overlay-type":"","overlay-color":"","overlay-opacity":"","overlay-gradient":""},"tablet":{"background-color":"var(--ast-global-color-5)","background-image":"","background-repeat":"repeat","background-position":"center center","background-size":"auto","background-attachment":"scroll","background-type":"","background-media":"","overlay-type":"","overlay-color":"","overlay-opacity":"","overlay-gradient":""},"mobile":{"background-color":"var(--ast-global-color-5)","background-image":"","background-repeat":"repeat","background-position":"center center","background-size":"auto","background-attachment":"scroll","background-type":"","background-media":"","overlay-type":"","overlay-color":"","overlay-opacity":"","overlay-gradient":""}},"footnotes":""},"categories":[16],"tags":[],"class_list":["post-612","post","type-post","status-publish","format-standard","has-post-thumbnail","hentry","category-archives-cms"],"_links":{"self":[{"href":"https:\/\/lavoiedessansvoix.fr\/lavoie\/wp-json\/wp\/v2\/posts\/612","targetHints":{"allow":["GET"]}}],"collection":[{"href":"https:\/\/lavoiedessansvoix.fr\/lavoie\/wp-json\/wp\/v2\/posts"}],"about":[{"href":"https:\/\/lavoiedessansvoix.fr\/lavoie\/wp-json\/wp\/v2\/types\/post"}],"author":[{"embeddable":true,"href":"https:\/\/lavoiedessansvoix.fr\/lavoie\/wp-json\/wp\/v2\/users\/1"}],"replies":[{"embeddable":true,"href":"https:\/\/lavoiedessansvoix.fr\/lavoie\/wp-json\/wp\/v2\/comments?post=612"}],"version-history":[{"count":1,"href":"https:\/\/lavoiedessansvoix.fr\/lavoie\/wp-json\/wp\/v2\/posts\/612\/revisions"}],"predecessor-version":[{"id":3243,"href":"https:\/\/lavoiedessansvoix.fr\/lavoie\/wp-json\/wp\/v2\/posts\/612\/revisions\/3243"}],"wp:featuredmedia":[{"embeddable":true,"href":"https:\/\/lavoiedessansvoix.fr\/lavoie\/wp-json\/wp\/v2\/media\/4196"}],"wp:attachment":[{"href":"https:\/\/lavoiedessansvoix.fr\/lavoie\/wp-json\/wp\/v2\/media?parent=612"}],"wp:term":[{"taxonomy":"category","embeddable":true,"href":"https:\/\/lavoiedessansvoix.fr\/lavoie\/wp-json\/wp\/v2\/categories?post=612"},{"taxonomy":"post_tag","embeddable":true,"href":"https:\/\/lavoiedessansvoix.fr\/lavoie\/wp-json\/wp\/v2\/tags?post=612"}],"curies":[{"name":"wp","href":"https:\/\/api.w.org\/{rel}","templated":true}]}}