{"id":611,"date":"2021-01-27T04:24:00","date_gmt":"2021-01-27T03:24:00","guid":{"rendered":"https:\/\/lavoiedessansvoix.fr\/lavoie\/2021\/01\/27\/archive-connard-vous-meme\/"},"modified":"2026-04-26T20:57:39","modified_gmt":"2026-04-26T18:57:39","slug":"archive-connard-vous-meme","status":"publish","type":"post","link":"https:\/\/lavoiedessansvoix.fr\/lavoie\/2021\/01\/27\/archive-connard-vous-meme\/","title":{"rendered":"\u00ab CONNARD VOUS-M\u00caME ! \u00bb"},"content":{"rendered":"<p>\u00ab CONNARD VOUS-M\u00caME ! \u00bbMacron n\u2019est pas content. Les dictateurs sont ainsi, insatiable de pouvoir et d\u2019autorit\u00e9. Etre ob\u00e9it ne lui suffit plus ou pas. Il veut que ce soit \u00ab au doigt et \u00e0 l\u2019\u0153il \u00bb, imm\u00e9diatement et de tous. On ne rechigne pas s\u2019il vous plait, on ne regimbe pas ! Il ne veut pas entendre la moindre objection fusse d\u2019une toute petite minorit\u00e9. Silence sous les masqu\u00e9s ! Je mettais fait cette remarque, il y a quelques matins d\u00e9j\u00e0, et avait d\u00e9cid\u00e9 d\u2019\u00e9crire \u00e0 ce propos. Or, ce matin-l\u00e0 m\u00eame, sur tweeter je d\u00e9couvre que Fran\u00e7ois Joffrin avait eu la m\u00eame id\u00e9e et m\u2019avait en quelque sorte devanc\u00e9.Il r\u00e9pondait \u00e0 une des saillies d\u00e9plorables dont Macron est familier, qu\u2019il avait faite celle-l\u00e0 depuis la tribune de l\u2019universit\u00e9 de Paris-Saclay, dans l\u2019Essonne, le 21\/12\/2021, regrettant la \u00abd\u00e9fiance fran\u00e7aise\u00bb et la \u00abtraque incessante de l\u2019erreur\u00bb d\u2019une \u00abnation de 66 millions de procureurs\u00bb. Ce qui est soi dit en passant plus d\u00e9sobligeant encore, pour l\u2019\u00e9norme majorit\u00e9 qui ob\u00e9it depuis le d\u00e9but de la crise, et encore, aux injonctions d\u00e9mentes d\u2019un pouvoir \u00ab parano. \u00bb, que \u00e7a ne l\u2019est pour la minorit\u00e9 contestataire dont je suis. Eh oui, il \u00e9dicte, il commande, il humilie, il brime, il spolie, il paup\u00e9rise, il ruine, les fran\u00e7ais, et il a encore l\u2019outrecuidance d\u2019exiger le silence. Il ne veut pas entendre la rumeur de la rue, ni d\u2019ailleurs celle du m\u00e9tro. Le lendemain, en effet, 22\/1\/22021, vous remarquerez la parfaite synchronisation, l\u2019acad\u00e9mie de m\u00e9decine lui vient en renfort qui \u00ab recommande de se taire dans le m\u00e9tro \u00bb (pour ne pas propager le covid 19) : \u00ab VOS GUEULE DANS LE RANG ! ON NE VEUT PAS VOUS ENTENDRE MOUFTER ! \u00bbQuelques jours avant, le 12\/1\/2021, c\u2019est le journal \u00ab Le Point \u00bb qui l\u2019a r\u00e9v\u00e9l\u00e9, le m\u00eame ostrogot, Macron pour ne pas le nommer, envoyait un \u00ab Tweet \u00bb \u00e0 olivier V\u00e9ran pour soutenir le moral de son ministre de la sant\u00e9 d\u00e9prim\u00e9. Et il lui disait ceci : \u00ab Tiens bon, on les aura, ces connards \u00bb.Il s\u2019indigne du grand nombre des fran\u00e7ais qui d\u00e9clarent ne pas vouloir se faire vacciner contre le covid. Soit ! Les fran\u00e7ais rechignent et \u00e7a le f\u00e2che. Il a promis \u00e0 ses amis des labos et de la finance que la France serait \u00ab championne du monde de la vaccination et leur ferait \u00ab gagner un pognon de dingue \u00bb,  il craint de devoir en rabattre. Il aurait pu dire \u00e0 son ministre pour l\u2019encourager, on va \u00ab r\u00e9expliquer \u00bb \u00ab on va faire de la p\u00e9dagogie \u00bb, \u00ab on va les convaincre \u00bb, mais non, ce qu\u2019il a dit c\u2019est : \u00ab on les aura \u00bb ce qui peut signifier : \u00ab on les pi\u00e8gera \u00bb, \u00ab on les contraindra \u00bb, ou m\u00eame dans son langage fleurit \u00ab on les b\u2026\u2026 \u00bb. Bravo pour la d\u00e9mocratie, bravo pour le respect du code de la sant\u00e9 publique !En tout cas, qu&rsquo;on se le tienne pour dit: se vacciner c&rsquo;est \u00ab\u00a0se faire avoir\u00a0\u00bb.Mais qui sont donc les \u00ab connards \u00bb vis\u00e9s ? Seulement les fran\u00e7ais qui contestent le bien fond\u00e9 des politiques destructrices impos\u00e9es au pr\u00e9texte de la crise sanitaire, ou bien tous les Fran\u00e7ais indiff\u00e9remment ? Quel que soient ceux vis\u00e9s cette formule insultante illustre fort bien la personnalit\u00e9 psychotique de son auteur.Alors comme dit le dicton qu\u2019il \u00ab faut rendre \u00e0 C\u00e9sar\u2026.. \u00bb, nous tenons ici \u00e0 rendre sans attendre, retour de boomerang, ses \u00ab politesses \u00bb \u00e0 ce petit \u00ab malhomme \u00bb : \u00ab Connard vous-m\u00eame, monsieur Macron \u00bb.Et qu\u2019on se garde de me dire que j\u2019ai manqu\u00e9 de respect au pr\u00e9sident de la R\u00e9publique lequel manque de respect \u00e0 son peuple. D\u2019ailleurs ne suis-je pas fort poli ? Je l\u2019ai vouvoy\u00e9 tout de m\u00eame.Patrick Seignon. Lavoiedessansvoix.fr \u00bb Mercredi 27 janvier 2021.<\/p>\n","protected":false},"excerpt":{"rendered":"<p>\u00ab CONNARD VOUS-M\u00caME ! \u00bbMacron n\u2019est pas content. Les dictateurs sont ainsi, insatiable de pouvoir et d\u2019autorit\u00e9. Etre ob\u00e9it ne [&hellip;]<\/p>\n","protected":false},"author":1,"featured_media":4195,"comment_status":"open","ping_status":"open","sticky":false,"template":"","format":"standard","meta":{"sfsi_plus_gutenberg_text_before_share":"","sfsi_plus_gutenberg_show_text_before_share":"","sfsi_plus_gutenberg_icon_type":"","sfsi_plus_gutenberg_icon_alignemt":"","sfsi_plus_gutenburg_max_per_row":"","site-sidebar-layout":"default","site-content-layout":"","ast-site-content-layout":"default","site-content-style":"default","site-sidebar-style":"default","ast-global-header-display":"","ast-banner-title-visibility":"","ast-main-header-display":"","ast-hfb-above-header-display":"","ast-hfb-below-header-display":"","ast-hfb-mobile-header-display":"","site-post-title":"","ast-breadcrumbs-content":"","ast-featured-img":"","footer-sml-layout":"","ast-disable-related-posts":"","theme-transparent-header-meta":"","adv-header-id-meta":"","stick-header-meta":"","header-above-stick-meta":"","header-main-stick-meta":"","header-below-stick-meta":"","astra-migrate-meta-layouts":"default","ast-page-background-enabled":"default","ast-page-background-meta":{"desktop":{"background-color":"var(--ast-global-color-4)","background-image":"","background-repeat":"repeat","background-position":"center center","background-size":"auto","background-attachment":"scroll","background-type":"","background-media":"","overlay-type":"","overlay-color":"","overlay-opacity":"","overlay-gradient":""},"tablet":{"background-color":"","background-image":"","background-repeat":"repeat","background-position":"center center","background-size":"auto","background-attachment":"scroll","background-type":"","background-media":"","overlay-type":"","overlay-color":"","overlay-opacity":"","overlay-gradient":""},"mobile":{"background-color":"","background-image":"","background-repeat":"repeat","background-position":"center center","background-size":"auto","background-attachment":"scroll","background-type":"","background-media":"","overlay-type":"","overlay-color":"","overlay-opacity":"","overlay-gradient":""}},"ast-content-background-meta":{"desktop":{"background-color":"var(--ast-global-color-5)","background-image":"","background-repeat":"repeat","background-position":"center center","background-size":"auto","background-attachment":"scroll","background-type":"","background-media":"","overlay-type":"","overlay-color":"","overlay-opacity":"","overlay-gradient":""},"tablet":{"background-color":"var(--ast-global-color-5)","background-image":"","background-repeat":"repeat","background-position":"center center","background-size":"auto","background-attachment":"scroll","background-type":"","background-media":"","overlay-type":"","overlay-color":"","overlay-opacity":"","overlay-gradient":""},"mobile":{"background-color":"var(--ast-global-color-5)","background-image":"","background-repeat":"repeat","background-position":"center center","background-size":"auto","background-attachment":"scroll","background-type":"","background-media":"","overlay-type":"","overlay-color":"","overlay-opacity":"","overlay-gradient":""}},"footnotes":""},"categories":[16],"tags":[],"class_list":["post-611","post","type-post","status-publish","format-standard","has-post-thumbnail","hentry","category-archives-cms"],"_links":{"self":[{"href":"https:\/\/lavoiedessansvoix.fr\/lavoie\/wp-json\/wp\/v2\/posts\/611","targetHints":{"allow":["GET"]}}],"collection":[{"href":"https:\/\/lavoiedessansvoix.fr\/lavoie\/wp-json\/wp\/v2\/posts"}],"about":[{"href":"https:\/\/lavoiedessansvoix.fr\/lavoie\/wp-json\/wp\/v2\/types\/post"}],"author":[{"embeddable":true,"href":"https:\/\/lavoiedessansvoix.fr\/lavoie\/wp-json\/wp\/v2\/users\/1"}],"replies":[{"embeddable":true,"href":"https:\/\/lavoiedessansvoix.fr\/lavoie\/wp-json\/wp\/v2\/comments?post=611"}],"version-history":[{"count":1,"href":"https:\/\/lavoiedessansvoix.fr\/lavoie\/wp-json\/wp\/v2\/posts\/611\/revisions"}],"predecessor-version":[{"id":3241,"href":"https:\/\/lavoiedessansvoix.fr\/lavoie\/wp-json\/wp\/v2\/posts\/611\/revisions\/3241"}],"wp:featuredmedia":[{"embeddable":true,"href":"https:\/\/lavoiedessansvoix.fr\/lavoie\/wp-json\/wp\/v2\/media\/4195"}],"wp:attachment":[{"href":"https:\/\/lavoiedessansvoix.fr\/lavoie\/wp-json\/wp\/v2\/media?parent=611"}],"wp:term":[{"taxonomy":"category","embeddable":true,"href":"https:\/\/lavoiedessansvoix.fr\/lavoie\/wp-json\/wp\/v2\/categories?post=611"},{"taxonomy":"post_tag","embeddable":true,"href":"https:\/\/lavoiedessansvoix.fr\/lavoie\/wp-json\/wp\/v2\/tags?post=611"}],"curies":[{"name":"wp","href":"https:\/\/api.w.org\/{rel}","templated":true}]}}