{"id":610,"date":"2021-02-08T03:03:00","date_gmt":"2021-02-08T02:03:00","guid":{"rendered":"https:\/\/lavoiedessansvoix.fr\/lavoie\/2021\/02\/08\/archive-contre-la-dictature-en-marche-constituer-un-front-de-defense-des-libertes\/"},"modified":"2026-04-26T20:57:29","modified_gmt":"2026-04-26T18:57:29","slug":"archive-contre-la-dictature-en-marche-constituer-un-front-de-defense-des-libertes","status":"publish","type":"post","link":"https:\/\/lavoiedessansvoix.fr\/lavoie\/2021\/02\/08\/archive-contre-la-dictature-en-marche-constituer-un-front-de-defense-des-libertes\/","title":{"rendered":"CONTRE LA DICTATURE EN MARCHE, CONSTITUER UN FRONT DE D\u00c9FENSE DES LIBERT\u00c9S"},"content":{"rendered":"<p>CONTRE LA DICTATURE EN MARCHE, CONSTITUER UN FRONT DE D\u00c9FENSE DES LIBERT\u00c9S(Covid 19, la quatri\u00e8me voie)Il existe des traitements \u00ab prophylactiques \u00bb c\u2019est-\u00e0-dire de pr\u00e9vention, le plaquenil bien s\u00fbr mais aussi la suppl\u00e9mentation en vitamines D et C, en zinc, etc. qui permettent d\u2019\u00e9viter de contracter la maladie. Il existe aussi des traitements pr\u00e9coces, hydroxychloroquine, azithromycine, ivermectine, qui prescrits d\u00e8s les premiers sympt\u00f4mes permettent de gu\u00e9rir en quelques jours une majorit\u00e9 de malades, et ainsi de r\u00e9duire le nombre des cas graves et l\u2019engorgement des  h\u00f4pitaux ou des services de r\u00e9animation.Mais les autorit\u00e9s de sant\u00e9 et notre  gouvernement ont interdit le recours \u00e0 ces traitements et confisqu\u00e9 la libert\u00e9 de prescrire des m\u00e9decins. Pourquoi ?\u2026 Parce qu\u2019ils ont voulu exag\u00e9rer la gravit\u00e9 et la dangerosit\u00e9 de l\u2019\u00e9pid\u00e9mie afin de terroriser les populations, Parce qu\u2019ils ont voulu interdire toute autre voie de soin afin de d\u00e9montrer de toute force que le seul salut possible \u00e9tait dans la vaccination.Pourquoi ?Parce que leur pr\u00e9occupation n\u2019a jamais \u00e9t\u00e9 la protection des populations mais la r\u00e9ussite d\u2019une campagne vaccinale la plus massive possible, c\u2019est-\u00e0-dire le moyen de \u00ab collecter \u00bb et drainer, \u00e0 l\u2019\u00e9chelle plan\u00e9taire, plusieurs centaines de milliards d\u2019euros vers les grands labos et le syst\u00e8me financier international leur complice.Pour atteindre cet objectif mercantiles ils n\u2019ont pas rechigner \u00e0 priver les peuples de leurs libert\u00e9s fondamentales, \u00e0 d\u00e9truire l\u2019\u00e9conomie et le tissus social, \u00e0 faire exploser le ch\u00f4mage et la pauvret\u00e9, \u00e0 rendre malades des millions de gens (anxi\u00e9t\u00e9, d\u00e9pression, maladies induites) et d\u2019en pousser quelques dizaines de milliers au suicide.C\u2019est dans le but d\u2019atteindre cet objectif qu\u2019ils ont besoin d\u2019entretenir la \u00ab terreur \u00bb, de brimer les gens (obligation du port du masque, distanciations sociales, couvres feu, confinements, etc.) afin que lasses les populations, croyant en finir de la sorte avec l\u2019\u00e9pid\u00e9mie et les restrictions des libert\u00e9s, se soumettent en masse au diktat de la vaccination. Mais cela ne finira pas de la sorte.L\u2019\u00e9pid\u00e9mie de covid 19 s\u2019est pr\u00e9sent\u00e9e comme une aubaine pour les puissances financi\u00e8res et les gouvernements qui dirigent le monde. A cet \u00e9gard, la campagne vaccinale et l\u2019objectif de drainer gr\u00e2ce \u00e0 elle des centaines de milliards dans les coffres de  la tr\u00e8s haute finance, ne constitue qu\u2019un des volets de l\u2019op\u00e9ration qui concerne plus sp\u00e9cifiquement les labos et le syst\u00e8me financier. Mais il y a un autre volet \u00e0 cette affaire, qui int\u00e9resse lui, plus sp\u00e9cifiquement la politique et les gouvernements occidentaux. Sous pr\u00e9texte \u00ab d\u2019urgence sanitaire \u00bb et profitant de la sid\u00e9ration des populations t\u00e9tanis\u00e9es, la plupart de ces derniers, celui de la France en tout premier, se sont engag\u00e9 dans une attaque, sans pr\u00e9c\u00e9dent historique, contre le tissus social et le niveau de vie des peuples doubl\u00e9 d\u2019une d\u00e9rive liberticide et totalitaire.Ils craignent en effet que la brutalit\u00e9 de leurs agressions, les terribles cons\u00e9quences sociales et \u00e9conomiques qu\u2019elles vont engendrer, ne suscitent \u00e0 la fin des r\u00e9voltes, voire des r\u00e9volutions. Certains des catastrophes auxquelles ils se proposent d\u2019acculer les peuples, ils sont d\u00e9cid\u00e9s \u00e0 ne pas attendre les r\u00e9actions in\u00e9vitables de ceux-ci mais \u00e0 les pr\u00e9venir, par la privation ou l\u2019encadrement \u00e9troit des libert\u00e9s, l\u2019\u00e9laboration d\u2019une l\u00e9gislation et de dispositifs r\u00e9pressifs sans pr\u00e9c\u00e9dents.Les fran\u00e7ais peuvent-ils accepter plus longtemps d\u2019\u00eatre ainsi mal trait\u00e9s, ruin\u00e9s, pr\u00e9cipit\u00e9s dans l\u2019indigence, r\u00e9duits au ch\u00f4mage et \u00e0 la mis\u00e8re, priv\u00e9s de leurs libert\u00e9s fondamentales ? Le temps n\u2019est-il pas venu de s\u2019insurger contre cette entreprise totalitaire ? Oui, sans nul doute. Mais comment s\u2019y prendre ?L\u2019action des gouvernements, financi\u00e8re : (vaccins, masques) \u00e9conomique : (destruction du tissus \u00e9conomique populaire, petits commerces, bars et restaurants, promotion du t\u00e9l\u00e9travail, du t\u00e9l\u00e9enseignement, du e-commerce, de l\u2019ub\u00e9risation des m\u00e9tiers) politique : (censure, arsenal liberticide et r\u00e9pressif) s\u2019arc-boute sur la \u00ab terreur sanitaire \u00bb qui lui sert de pr\u00e9texte et de justification. Il faut en finir tout d\u2019abord avec la \u00ab terreur sanitaire \u00bb qui annihile le bon sens et fige l\u2019action. Il faut en revenir \u00e0 la raison qui lib\u00e8rera les \u00e9nergies. Il faut faire valoir une autre approche assagit de la r\u00e9alit\u00e9 sanitaire qui d\u00e9masquera les v\u00e9ritables intentions de nos tortionnaires. .Des centaines de m\u00e9decins et scientifiques avaient sugn\u00e9 en septembre 2020 un appel intitul\u00e9 \u00ab Covid 19 : nous ne voulons plus \u00eatre gouvern\u00e9s par la peur. \u00bb. Plusieurs collectifs de scientifiques, m\u00e9decins, soignants et citoyens se sont constitu\u00e9s un peu partout en France, pour exiger la fin de se \u00ab r\u00e8gne de la peur \u00bb, la lev\u00e9 d\u00e9finitive de l\u2019\u00e9tat d\u2019urgence sanitaire, la fin des confinements et couvre-feu, l\u2019arr\u00eat de la d\u00e9rive liberticide. Enfin, plusieurs de ces collectifs se sont regroup\u00e9s pour lancer \u00ab l\u2019appel du 9 janvier, pour la 4eme voie \u00bb, celle des soins et de la restauration des libert\u00e9s. La r\u00e9ponse du gouvernement et des autorit\u00e9s sanitaire \u00e0 cette contestation consiste en m\u00e9pris, insultes, brimades ou mesures de r\u00e9pression contre des scientifiques et des m\u00e9decins, en censure g\u00e9n\u00e9ralis\u00e9e (on ne compte plus le nombre des vid\u00e9os supprim\u00e9es sur You-tube, des pages Facebook interdites, etc.) et en black-out de l\u2019information alternative.Pour que cette autre voix de la raison et de la sagesse, qu\u2019ils veulent faire taire \u00e0 tous prix, puisse se faire entendre tout de m\u00eame malgr\u00e9 la censure la r\u00e9pression, les manigances et pi\u00e8ges de toute sorte, il faut franchir un pas suppl\u00e9mentaire dans le regroupement des forces alternatives, les constituer en un v\u00e9ritable et large mouvement politique de d\u00e9fense des libert\u00e9s qui pourra se doter des moyens et outils n\u00e9cessaires pour venir \u00e0 bout des obstacles, entraves, et interdits.Patrick Seignon. \u00ab Lavoiedessansvoix.fr \u00bb ; Dimanche 7 f\u00e9vrier 2021.<\/p>\n","protected":false},"excerpt":{"rendered":"<p>CONTRE LA DICTATURE EN MARCHE, CONSTITUER UN FRONT DE D\u00c9FENSE DES LIBERT\u00c9S(Covid 19, la quatri\u00e8me voie)Il existe des traitements \u00ab [&hellip;]<\/p>\n","protected":false},"author":1,"featured_media":4194,"comment_status":"open","ping_status":"open","sticky":false,"template":"","format":"standard","meta":{"sfsi_plus_gutenberg_text_before_share":"","sfsi_plus_gutenberg_show_text_before_share":"","sfsi_plus_gutenberg_icon_type":"","sfsi_plus_gutenberg_icon_alignemt":"","sfsi_plus_gutenburg_max_per_row":"","site-sidebar-layout":"default","site-content-layout":"","ast-site-content-layout":"default","site-content-style":"default","site-sidebar-style":"default","ast-global-header-display":"","ast-banner-title-visibility":"","ast-main-header-display":"","ast-hfb-above-header-display":"","ast-hfb-below-header-display":"","ast-hfb-mobile-header-display":"","site-post-title":"","ast-breadcrumbs-content":"","ast-featured-img":"","footer-sml-layout":"","ast-disable-related-posts":"","theme-transparent-header-meta":"","adv-header-id-meta":"","stick-header-meta":"","header-above-stick-meta":"","header-main-stick-meta":"","header-below-stick-meta":"","astra-migrate-meta-layouts":"default","ast-page-background-enabled":"default","ast-page-background-meta":{"desktop":{"background-color":"var(--ast-global-color-4)","background-image":"","background-repeat":"repeat","background-position":"center center","background-size":"auto","background-attachment":"scroll","background-type":"","background-media":"","overlay-type":"","overlay-color":"","overlay-opacity":"","overlay-gradient":""},"tablet":{"background-color":"","background-image":"","background-repeat":"repeat","background-position":"center center","background-size":"auto","background-attachment":"scroll","background-type":"","background-media":"","overlay-type":"","overlay-color":"","overlay-opacity":"","overlay-gradient":""},"mobile":{"background-color":"","background-image":"","background-repeat":"repeat","background-position":"center center","background-size":"auto","background-attachment":"scroll","background-type":"","background-media":"","overlay-type":"","overlay-color":"","overlay-opacity":"","overlay-gradient":""}},"ast-content-background-meta":{"desktop":{"background-color":"var(--ast-global-color-5)","background-image":"","background-repeat":"repeat","background-position":"center center","background-size":"auto","background-attachment":"scroll","background-type":"","background-media":"","overlay-type":"","overlay-color":"","overlay-opacity":"","overlay-gradient":""},"tablet":{"background-color":"var(--ast-global-color-5)","background-image":"","background-repeat":"repeat","background-position":"center center","background-size":"auto","background-attachment":"scroll","background-type":"","background-media":"","overlay-type":"","overlay-color":"","overlay-opacity":"","overlay-gradient":""},"mobile":{"background-color":"var(--ast-global-color-5)","background-image":"","background-repeat":"repeat","background-position":"center center","background-size":"auto","background-attachment":"scroll","background-type":"","background-media":"","overlay-type":"","overlay-color":"","overlay-opacity":"","overlay-gradient":""}},"footnotes":""},"categories":[16],"tags":[],"class_list":["post-610","post","type-post","status-publish","format-standard","has-post-thumbnail","hentry","category-archives-cms"],"_links":{"self":[{"href":"https:\/\/lavoiedessansvoix.fr\/lavoie\/wp-json\/wp\/v2\/posts\/610","targetHints":{"allow":["GET"]}}],"collection":[{"href":"https:\/\/lavoiedessansvoix.fr\/lavoie\/wp-json\/wp\/v2\/posts"}],"about":[{"href":"https:\/\/lavoiedessansvoix.fr\/lavoie\/wp-json\/wp\/v2\/types\/post"}],"author":[{"embeddable":true,"href":"https:\/\/lavoiedessansvoix.fr\/lavoie\/wp-json\/wp\/v2\/users\/1"}],"replies":[{"embeddable":true,"href":"https:\/\/lavoiedessansvoix.fr\/lavoie\/wp-json\/wp\/v2\/comments?post=610"}],"version-history":[{"count":1,"href":"https:\/\/lavoiedessansvoix.fr\/lavoie\/wp-json\/wp\/v2\/posts\/610\/revisions"}],"predecessor-version":[{"id":3239,"href":"https:\/\/lavoiedessansvoix.fr\/lavoie\/wp-json\/wp\/v2\/posts\/610\/revisions\/3239"}],"wp:featuredmedia":[{"embeddable":true,"href":"https:\/\/lavoiedessansvoix.fr\/lavoie\/wp-json\/wp\/v2\/media\/4194"}],"wp:attachment":[{"href":"https:\/\/lavoiedessansvoix.fr\/lavoie\/wp-json\/wp\/v2\/media?parent=610"}],"wp:term":[{"taxonomy":"category","embeddable":true,"href":"https:\/\/lavoiedessansvoix.fr\/lavoie\/wp-json\/wp\/v2\/categories?post=610"},{"taxonomy":"post_tag","embeddable":true,"href":"https:\/\/lavoiedessansvoix.fr\/lavoie\/wp-json\/wp\/v2\/tags?post=610"}],"curies":[{"name":"wp","href":"https:\/\/api.w.org\/{rel}","templated":true}]}}