{"id":607,"date":"2021-03-01T02:10:00","date_gmt":"2021-03-01T01:10:00","guid":{"rendered":"https:\/\/lavoiedessansvoix.fr\/lavoie\/2021\/03\/01\/archive-lettre-a-ma-cousine-papa-est-mort\/"},"modified":"2026-04-26T20:57:04","modified_gmt":"2026-04-26T18:57:04","slug":"archive-lettre-a-ma-cousine-papa-est-mort","status":"publish","type":"post","link":"https:\/\/lavoiedessansvoix.fr\/lavoie\/2021\/03\/01\/archive-lettre-a-ma-cousine-papa-est-mort\/","title":{"rendered":"LETTRE A MA COUSINE (Papa est mort)"},"content":{"rendered":"<p>LETTRE A MA COUSINECe n\u2019est pas si fr\u00e9quent, j\u2019ouvre aujourd\u2019hui mes colonnes \u00e0 un inconnu qui en est l\u2019auteur et \u00e0 Lisa, la destinataire de sa lettre, ma voisine depuis 35 ans, qui m\u2019est devenue une amie tr\u00e8s ch\u00e8re. Lisa en pleurs, m\u2019a fait lire il y a deux jours la lettre \u00e9mouvante de Louis. Je l\u2019ai trouv\u00e9 si poignante que je lui ai propos\u00e9 de la publier ; Bien entendu nous avons demand\u00e9, et obtenu, l\u2019accord de l\u2019auteur son cousin. La voil\u00e0 donc, je vous la livre.P.SMa ch\u00e8re Lisa, il y a bien longtemps que je ne t\u2019avais \u00e9crit. Comme il se doit des gens qui n\u2019entretiennent pas une relation \u00e9pistolaire soutenue, c\u2019est pour annoncer de fort mauvaises nouvelles qu\u2019ils se prennent \u00e0 \u00e9crire enfin.C\u2019est en effet d\u2019un bien triste \u00e9v\u00e8nement que je suis charg\u00e9 de t\u2019informer. Mes s\u0153urs, qui savent la grande affection qui n\u2019a cess\u00e9 de nous unir par-dessus les d\u00e9serts du temps, m\u2019ont d\u00e9l\u00e9gu\u00e9 cette douloureuse mission. Notre p\u00e8re, ton oncle, auquel tu portais depuis l\u2019enfance une si grande estime est mort hier.Marcel (papa) avait il est vrai 87 ans, mais quoique en disent les m\u00e9dias bavards, m\u00eame s\u2019il faut bien mourir de quelque chose un jour, son d\u00e9part pour l\u2019au-del\u00e0 ne nous en est pas moins douloureux. D\u2019autant que, malgr\u00e9 les \u00ab comorbidit\u00e9s \u00bb comme ils disent qui sont le fardeau de l\u2019\u00e2ge, on peut dire, c\u2019est une lapalissade, qu\u2019un quart d\u2019heure avant sa mort il \u00e9tait encore vivant, et mieux m\u00eame, qu\u2019il se portait comme un charme et ne manifestait aucune envie de quitter le monde des vivants.Crois-tu que je plaisante en des circonstances aussi douloureuses ? Non ! Pas le moins du monde. Je m\u2019efforce de rendre hommage \u00e0 sa gouaille et \u00e0 sa bonne humeur. Tu te souviens combien cet homme \u00e9tait doux et affable, attentif aux autres et amoureux de l\u2019humanit\u00e9 et combien il aimait \u00e0 railler tous les petits d\u00e9fauts de ses contemporains qui les lui rendaient plus attachants encore. Mais diras-tu peut-\u00eatre, Louis, tu es un grand bavard, tu brodes, mais si tu en venais aux faits, si tu me disais sans plus attendre pourquoi l\u2019oncle Marcel qui se portait tant bien selon tes dires est mort tout de m\u00eame, de quoi, comment, dans qu\u2019elles souffrances ?Rassures-toi ma petite cousine ch\u00e9rie, ton \u00ab tonton pr\u00e9f\u00e9r\u00e9 \u00bb c\u2019est \u00e9teint sans souffrances. \u00ab Une belle mort \u00bb comme l\u2019on dit pour se donner une apparence d\u00e9tach\u00e9e et intelligente.Tu sais, personne ne peut l\u2019ignorer, nous vivons, depuis plus d\u2019un an une situation humanitaire in\u00e9dite. Sous l\u2019emprise de je ne sais quelle bouff\u00e9e d\u00e9lirante de nombreux gouvernements du monde infligent \u00e0 leurs peuples de vivre sous le r\u00e8gne d\u2019une v\u00e9ritable terreur sanitaire. L\u2019hypocondrie, l\u2019angoisse, la peur de la mort gouvernent les raisons anesth\u00e9si\u00e9es ; Peut nombreux sont ceux qui ont pu raison garder malgr\u00e9 l\u2019ignoble d\u00e9ferlante de propagande anxiog\u00e8ne. Et ceux-l\u00e0 m\u00eames, insult\u00e9s, agress\u00e9s,  sont malades aussi d\u2019angoisse et de brimades dans un oc\u00e9an de terreur masqu\u00e9 et d\u2019inqui\u00e9tude communicative. Ceux qui s\u2019efforcent de rire chanter et danser encore sont \u00e9pi\u00e9s par les mille yeux des \u00ab voisins vigilants \u00bb et livr\u00e9 \u00e0 la \u00ab gestapo \u00bb du temps, accus\u00e9s par les autorit\u00e9s, m\u00e9dicales ou gouvernementales, de mettre en danger la vie d\u2019autrui. Mes s\u0153urs n\u2019ont pas r\u00e9sist\u00e9, elles ont \u00e9t\u00e9 \u00e0 leur tour victimes de cette ambiance inquisitoriale.Mireille \u00e9tait comme moi pr\u00e9venue contre cette parano\u00efa collective. Elle ne portait de masques que contrainte pour \u00e9chapper aux amendes. Se lavait les mains comme elle l\u2019avait toujours fait, avant que V\u00e9ran et Macron s\u2019enqui\u00e8rent de nous enseigner l\u2019hygi\u00e8ne \u00e9l\u00e9mentaire, avec du savon de Marseille. Elle refusait de se faire vacciner, au regard de sa dangerosit\u00e9 r\u00e9elle et consid\u00e9rant qu\u2019il existe en v\u00e9rit\u00e9 des moyens pr\u00e9coces de la traiter, contre une maladie qui ne le n\u00e9cessite pas.Magali elle avait peur. Elle ne portait pas un masque  mais deux, un pour elle disait-elle et un pour ceux qui le refuse. Elle ne rendait plus visite \u00e0 Mireille et le moins possible \u00e0 Marcel, qu\u2019elle ne vit depuis que masqu\u00e9e et refusa d\u2019embrasser comme elle l\u2019avait toujours fait jusqu\u2019\u00e0 mars 2020. Alors, quand le gouvernement a commenc\u00e9 sa campagne vaccinale, tu devines qu\u2019elle s\u2019est pr\u00e9cipit\u00e9e pour se faire inoculer la dose politiquement prescrite au pr\u00e9texte disait-elle de prot\u00e9ger papa. Ce qui d\u2019ailleurs ne changea rien \u00e0 sa conduite pr\u00e9c\u00e9dente, toujours double masque et refus de contacts, \u00e0 fortiori de bisous. Mais elle ne se limita pas \u00e0 cela. Prenant le relais des \u00ab sir\u00e8nes officielles \u00bb elle appela Mireille plusieurs fois par jour pour la convaincre qu\u2019il fallait faire vacciner Papa. Mireille r\u00e9sista d\u2019abord, puis de moins en moins et fini par se rendre de guerre lasse.Marcel qui avait gard\u00e9 toutes ses capacit\u00e9s cognitives n\u2019\u00e9tait pas tr\u00e8s enthousiaste \u00e0 l\u2019id\u00e9e de se faire vacciner. Je suis un peu us\u00e9 mais pas malade disait-il. Mais Magali, \u00e0 pr\u00e9sent second\u00e9 par Mireille, insist\u00e8rent lourdement. \u00ab C\u2019est pour ton bien papa, tu vois, moi je me suis fait vaccin\u00e9e. Si tu l\u2019est aussi je pourrais peut-\u00eatre venir te voir sans masque et te faire \u00e0 nouveau des bisous. \u00bbDes bisous ! Penses-donc un peu. Marcel souffrait terriblement depuis plusieurs mois de cette d\u00e9shumanisation des rapports avec sa fille ain\u00e9e. C\u2019\u00e9tait, bien qu\u2019il n\u2019osa rien en dire, une v\u00e9ritable torture mentale \u00e0 lui que les visites de celle-ci qui se tenait masqu\u00e9e \u00e0 bonne distance et ne se laissait jamais aller \u00e0 la moindre manifestation de tendresse. Alors l\u2019id\u00e9e de voir \u00e0 nouveau son visage, de se chauffer le c\u0153ur \u00e0 la chaleur de son sourire, de se p\u00e2mer \u00e0 la caresse de ses baisers, lui fut un argument d\u00e9terminent. Il accepta.C\u2019est donc avant-hier \u00e0 16 heures que Papa, l\u2019oncle Marcel, a \u00e9t\u00e9 vaccin\u00e9 contre le corona virus. Il est mort onze heures apr\u00e8s, hier \u00e0 trois heures du matin.Tu devines que Magali qui avait tant insist\u00e9 pour qu\u2019il se fasse vacciner est dans tous ses \u00e9tats. La culpabilit\u00e9 la ronge comme un acide corrosif et douloureux. C\u2019est toi qui avait raison louis m\u2019a-t-elle dit, je n\u2019aurai pas d\u00fb, je ne me le pardonnerai jamais, je vais en mourir de chagrin, etc.Tu vois un peu le tableau, mon p\u00e8re qui viens de mourir et ma s\u0153ur qui se rend malade de culpabilit\u00e9; A quoi servirait-il qu\u2019elle meure \u00e0 son tour de chagrin, cela ram\u00e8nerait-il Marcel ?Alors, malgr\u00e9 ma grande r\u00e9pugnance \u00e0 mentir, je me suis efforc\u00e9 de la rassurer. J\u2019aime tout de m\u00eame ma s\u0153ur aussi malgr\u00e9 qu\u2019il lui soit arriv\u00e9 parfois de m\u2019agacer. Tu n\u2019y es pour rien lui ai-je dit, il ne faut pas que tu te rendre malade, Papa avait 87 ans, il \u00e9tait vieux, il faut bien mourir un jour. De plus comme l\u2019ont remarqu\u00e9 des observateurs tr\u00e8s intelligents aux jugements forts pertinents, Marcel n\u2019\u00e9tait-il pas de cette g\u00e9n\u00e9ration qui a \u00ab jouit \u00bb des \u00ab trente glorieuses \u00bb. (Un jour si tu le veux je te raconterai \u00ab les trente glorieuses de Marcel) N\u2019est-ce pas normal qu\u2019il s\u2019efface pour en laisser un peu aux autres ? D\u2019ailleurs ce n\u2019est pas le vaccin qui l\u2019a tu\u00e9. Il est mort 11 heures apr\u00e8s. \u00c7a n\u2019est qu\u2019une co\u00efncidence. Il devait mourir ce jour-l\u00e0 voil\u00e0 tout. En v\u00e9rit\u00e9 il a eu beaucoup de chance tu sais. Tu l\u2019as probablement sauv\u00e9 en quelque sorte. \u00c7a aurait pu \u00eatre bien pire s\u2019il \u00e9tait mort du CovidJe lisais la perplexit\u00e9 sur le visage de Magali et je devinais qu\u2019elle ne savait pas vraiment si c\u2019\u00e9tait \u00ab du lard ou du cochon \u00bb, si mon intention r\u00e9elle \u00e9tait de la rass\u00e9r\u00e9ner ou bien de la flageller.Heureusement sur ces entrefaites le certificat officiel de d\u00e9c\u00e8s vint \u00e0 mon secours: \u00ab Mort de vieillesse ! \u00bb Marcel est mort de vieillesse. \u00c7a ne se discute pas, c\u2019est le docteur V\u00e9ron qui l\u2019a dit. Il nous a expliqu\u00e9 qu\u2019il \u00e9tait mort de vieillesse tout \u00e0 fait par hasard 11 heures apr\u00e8s l\u2019injection ce qui ne permet pas le moins du monde d\u2019\u00e9tablir un quelconque lien de causalit\u00e9 entre celle-ci et le d\u00e9c\u00e8s.Magali avait besoin d\u2019y croire. Tant mieux pour elle. Moi je me suis dit que ce docteur, tout aussi bien, en un autre temps  aurait pu \u00eatre j\u00e9suite.Je t\u2019embrasse ma tendre cousine et ne pleure pas trop \u00e7a donne des rides.Ton petit cousin Louis.<\/p>\n","protected":false},"excerpt":{"rendered":"<p>LETTRE A MA COUSINECe n\u2019est pas si fr\u00e9quent, j\u2019ouvre aujourd\u2019hui mes colonnes \u00e0 un inconnu qui en est l\u2019auteur et [&hellip;]<\/p>\n","protected":false},"author":1,"featured_media":4191,"comment_status":"open","ping_status":"open","sticky":false,"template":"","format":"standard","meta":{"sfsi_plus_gutenberg_text_before_share":"","sfsi_plus_gutenberg_show_text_before_share":"","sfsi_plus_gutenberg_icon_type":"","sfsi_plus_gutenberg_icon_alignemt":"","sfsi_plus_gutenburg_max_per_row":"","site-sidebar-layout":"default","site-content-layout":"","ast-site-content-layout":"default","site-content-style":"default","site-sidebar-style":"default","ast-global-header-display":"","ast-banner-title-visibility":"","ast-main-header-display":"","ast-hfb-above-header-display":"","ast-hfb-below-header-display":"","ast-hfb-mobile-header-display":"","site-post-title":"","ast-breadcrumbs-content":"","ast-featured-img":"","footer-sml-layout":"","ast-disable-related-posts":"","theme-transparent-header-meta":"","adv-header-id-meta":"","stick-header-meta":"","header-above-stick-meta":"","header-main-stick-meta":"","header-below-stick-meta":"","astra-migrate-meta-layouts":"default","ast-page-background-enabled":"default","ast-page-background-meta":{"desktop":{"background-color":"var(--ast-global-color-4)","background-image":"","background-repeat":"repeat","background-position":"center center","background-size":"auto","background-attachment":"scroll","background-type":"","background-media":"","overlay-type":"","overlay-color":"","overlay-opacity":"","overlay-gradient":""},"tablet":{"background-color":"","background-image":"","background-repeat":"repeat","background-position":"center center","background-size":"auto","background-attachment":"scroll","background-type":"","background-media":"","overlay-type":"","overlay-color":"","overlay-opacity":"","overlay-gradient":""},"mobile":{"background-color":"","background-image":"","background-repeat":"repeat","background-position":"center center","background-size":"auto","background-attachment":"scroll","background-type":"","background-media":"","overlay-type":"","overlay-color":"","overlay-opacity":"","overlay-gradient":""}},"ast-content-background-meta":{"desktop":{"background-color":"var(--ast-global-color-5)","background-image":"","background-repeat":"repeat","background-position":"center center","background-size":"auto","background-attachment":"scroll","background-type":"","background-media":"","overlay-type":"","overlay-color":"","overlay-opacity":"","overlay-gradient":""},"tablet":{"background-color":"var(--ast-global-color-5)","background-image":"","background-repeat":"repeat","background-position":"center center","background-size":"auto","background-attachment":"scroll","background-type":"","background-media":"","overlay-type":"","overlay-color":"","overlay-opacity":"","overlay-gradient":""},"mobile":{"background-color":"var(--ast-global-color-5)","background-image":"","background-repeat":"repeat","background-position":"center center","background-size":"auto","background-attachment":"scroll","background-type":"","background-media":"","overlay-type":"","overlay-color":"","overlay-opacity":"","overlay-gradient":""}},"footnotes":""},"categories":[16],"tags":[],"class_list":["post-607","post","type-post","status-publish","format-standard","has-post-thumbnail","hentry","category-archives-cms"],"_links":{"self":[{"href":"https:\/\/lavoiedessansvoix.fr\/lavoie\/wp-json\/wp\/v2\/posts\/607","targetHints":{"allow":["GET"]}}],"collection":[{"href":"https:\/\/lavoiedessansvoix.fr\/lavoie\/wp-json\/wp\/v2\/posts"}],"about":[{"href":"https:\/\/lavoiedessansvoix.fr\/lavoie\/wp-json\/wp\/v2\/types\/post"}],"author":[{"embeddable":true,"href":"https:\/\/lavoiedessansvoix.fr\/lavoie\/wp-json\/wp\/v2\/users\/1"}],"replies":[{"embeddable":true,"href":"https:\/\/lavoiedessansvoix.fr\/lavoie\/wp-json\/wp\/v2\/comments?post=607"}],"version-history":[{"count":1,"href":"https:\/\/lavoiedessansvoix.fr\/lavoie\/wp-json\/wp\/v2\/posts\/607\/revisions"}],"predecessor-version":[{"id":3233,"href":"https:\/\/lavoiedessansvoix.fr\/lavoie\/wp-json\/wp\/v2\/posts\/607\/revisions\/3233"}],"wp:featuredmedia":[{"embeddable":true,"href":"https:\/\/lavoiedessansvoix.fr\/lavoie\/wp-json\/wp\/v2\/media\/4191"}],"wp:attachment":[{"href":"https:\/\/lavoiedessansvoix.fr\/lavoie\/wp-json\/wp\/v2\/media?parent=607"}],"wp:term":[{"taxonomy":"category","embeddable":true,"href":"https:\/\/lavoiedessansvoix.fr\/lavoie\/wp-json\/wp\/v2\/categories?post=607"},{"taxonomy":"post_tag","embeddable":true,"href":"https:\/\/lavoiedessansvoix.fr\/lavoie\/wp-json\/wp\/v2\/tags?post=607"}],"curies":[{"name":"wp","href":"https:\/\/api.w.org\/{rel}","templated":true}]}}