{"id":605,"date":"2021-03-09T08:36:00","date_gmt":"2021-03-09T07:36:00","guid":{"rendered":"https:\/\/lavoiedessansvoix.fr\/lavoie\/2021\/03\/09\/archive-complotistes-vous-avez-dit-complotiste\/"},"modified":"2026-04-26T20:56:44","modified_gmt":"2026-04-26T18:56:44","slug":"archive-complotistes-vous-avez-dit-complotiste","status":"publish","type":"post","link":"https:\/\/lavoiedessansvoix.fr\/lavoie\/2021\/03\/09\/archive-complotistes-vous-avez-dit-complotiste\/","title":{"rendered":"\u00ab COMPLOTISTES \u00bb, VOUS AVEZ DIT \u00ab COMPLOTISTE \u00bb ?"},"content":{"rendered":"<p>\u00ab COMPLOTISTES \u00bb, VOUS AVEZ DIT \u00ab COMPLOTISTE \u00bb ?Le syst\u00e8me dominant : du capitalisme ultra lib\u00e9ral mondialiste, de l\u2019argent, de la finance internationale s\u2019est appropri\u00e9, ces trois derni\u00e8res d\u00e9cennies, la quasi-totalit\u00e9 de la presse \u00e9crites et des m\u00e9dias audiovisuels. La \u00ab libert\u00e9 de la presse \u00bb est un vain mot. Le concept de \u00ab presse contre-pouvoir \u00bb est d\u00e9suet. La presse au sens large, tout ce qui \u00ab fabrique \u00bb l\u2019opinion, n\u2019est en v\u00e9rit\u00e9 qu\u2019un outil \u00e0 la disposition exclusive du pouvoir r\u00e9el (l\u2019argent) et politique (l\u2019Etat). Bien que quelques-journalistes encore soient tr\u00e8s irritables sur la question de l\u2019ind\u00e9pendance de leur profession, et s\u2019offensent de notre scepticisme \u00e0 ce sujet, il faut oser le dire tout net, celle-ci n\u2019est qu\u2019un leurre. La majorit\u00e9 \u00e9crasante de l\u2019opinion en est d\u2019ailleurs convaincue. On n\u2019est pas ind\u00e9pendant lorsque l\u2019on est le salari\u00e9 d\u2019un employeur. On l\u2019est encore moins lorsque les \u00e9moluments dont on est gratifi\u00e9 s\u2019apparentent plus \u00e0 une \u00ab RENTE \u00bb qu\u2019\u00e0 un revenu salari\u00e9. Lorsque la rente n\u2019est plus le salaire d\u2019un travail mais la r\u00e9tribution de la conscience vendue. Les m\u00e9dias en g\u00e9n\u00e9ral ne sont pas des moyens d\u2019information mais des outils de propagande et de \u00ab formatage de l\u2019opinion \u00bb.Un moyen d\u2019expression neuf semblait encore il y a peu devoir \u00e9chapper \u00e0 la r\u00e8gle, c\u2019est ce que l\u2019on appelle \u00ab la toile \u00bb, le \u00ab net \u00bb. La multiplicit\u00e9 de ses sources et de ces acteurs apparaissait \u00e0 certain comme une garantie d\u2019ind\u00e9pendance. C\u2019\u00e9tait vouloir ignorer qu\u2019il y avait d\u00e9j\u00e0 les \u00ab filtres \u00bb, les \u00ab portails \u00bb \u00ab les moteurs de recherche \u00bb, les \u00ab r\u00e9seaux sociaux. \u00bb eux-m\u00eames propri\u00e9t\u00e9s du monde de la finance.Lois m\u00e9morielles qui figent une v\u00e9rit\u00e9 historique unique \u00e0 propos de certains \u00e9v\u00e8nements majeurs de l\u2019Histoire, Multiplication des l\u00e9gislations restrictives qui sous pr\u00e9texte de veiller au respect des minorit\u00e9s entravent et criminalisent la libre expression, lois liberticides qui \u00e9dictent ce que les journalistes et m\u00eame le particulier a le droit de relayer ou pas, apparition de concept de \u00ab Fake news \u00bb justification invent\u00e9 tout expr\u00e8s pour faire taire tout ce qui n\u2019est pas la v\u00e9rit\u00e9 officielle (celle qui \u00e9mane du minist\u00e8re de la v\u00e9rit\u00e9 \u00bb), et plus r\u00e9cemment encore la banalisation du vocable \u00ab complotiste \u00bb qui en langage rel\u00e2ch\u00e9 pourrait \u00eatre traduit par l\u2019expression triviale : \u00ab fermes ta gueule \u00bb.C\u2019est sur ce dernier vocable que nous allons nous attarder.\u00ab Vocable \u00bb dis-je et non \u00ab concept \u00bb car, comme nous l\u2019allons voir, ce mot qui ne dit pas ce qu\u2019il pr\u00e9tend dire est impropre \u00e0 d\u00e9finir le concept qu\u2019il souhaite d\u00e9signer.D\u2019ailleurs ce mot n\u2019existe m\u00eame  pas ; Cherchez \u00ab complotiste \u00bb dans le Larousse, vous ne le trouverez pas. Il s\u2019agit d\u2019un \u00ab n\u00e9ologisme \u00bb, c\u2019est-\u00e0-dire \u00ab un mot nouveau apparu r\u00e9cemment. On a le droit de faire des n\u00e9ologismes, pour exprimer des choses nouvelles auxquelles le lexique des mots existants n\u2019offre pas de terme satisfaisant. Les n\u00e9ologismes sont m\u00eame les manifestations du caract\u00e8re vivant d\u2019une langue et de son \u00e9volution. On est donc tout \u00e0 fait en droit de faire des n\u00e9ologismes, mais il y a tout de m\u00eame des r\u00e8gles lexicales et s\u00e9mantiques \u00e0 respecter.  Un mot doit \u00eatre compos\u00e9 d&rsquo;au moins un radical qui  lui donne son sens. On peut ajouter \u00e0 ce radical un pr\u00e9fixe ou un suffixe, ou les deux.\u00bb les mots nouveaux ainsi form\u00e9s sont des \u00ab d\u00e9riv\u00e9s. Ainsi le radical \u00ab Complot \u00bb donne le sens, et \u00ab iste \u00bb est  un \u00ab suffixe substantif, servant \u00e0 former un nom correspondant \u00e0 un m\u00e9tier, ou \u00e0 un adepte d\u2019une activit\u00e9, d\u2019une id\u00e9ologie, ou d\u2019une th\u00e9orie \u00bb (d\u00e9finition du Wikionaire). \u00ab Complotiste doit donc \u00eatre compris comme : \u00ab adepte du complot \u00bb.Les interlocuteurs qui dans le d\u00e9bat public actuel sont couramment et le plus souvent \u00ab \u00e9tiquet\u00e9s \u00ab complotistes \u00bb sont ceux qui mettent en lumi\u00e8re ou parle de certains \u00e9v\u00e8nements concomitants qui pourraient laisser supposer ou d\u00e9montreraient une \u00ab collusion \u00bb, l\u2019entente internationale par exemple de certains acteurs qui souhaiteraient  imposer une \u00ab gouvernance mondiale \u00bb. Vrai ou faux ? Ces gens-l\u00e0, convaincus \u00e0 tort ou \u00e0 raison de l\u2019existence d\u2019un ou de plusieurs complots, ou plus prosa\u00efquement peut \u00eatre, victimes de leur \u00ab parano\u00efa \u00bb, ne sont donc pas des \u00ab comploteurs \u00bb, ni m\u00eame des partisans ou soutiens ou adeptes d\u2019un quelconque complot qui leur m\u00e9riterait l\u2019appellation de \u00ab complotistes \u00bb. Ces gens sont tout au contraire et tout au plus des \u00ab donneurs d\u2019alerte \u00bb, (version valorisante)  ou bien des paranos (version stigmatisante). Ils ne m\u00e9ritent absolument pas le titre de complotistes \u00bb inappropri\u00e9 pour dire ce qu\u2019ils sont. Ces gens, en v\u00e9rit\u00e9 redoutent et ex\u00e8crent tant les complots que cela les rendrait peut-\u00eatre m\u00eame dit-on un peu \u00ab parano\u00efaques \u00bb au point de voir et d\u00e9noncer, \u00e0 tort ou \u00e0 raison, des complots, vrais ou faux, r\u00e9els ou fantasm\u00e9s. . ; Ceux qui les nomment improprement \u00ab complotistes \u00bb ne leur reprochent d\u2019ailleurs pas d\u2019\u00eatre en v\u00e9rit\u00e9, ni des \u00ab comploteurs \u00bb ni vraiment des complotistes \u00bb. Le grief qu\u2019ils leur font est de voir des complots partout, toujours et  en toute chose. C\u2019est d\u2019interpr\u00e9ter la marche de l\u2019Histoire \u00e0 l\u2019aune des complots en tout genre. Or, pour dire cela, nous le r\u00e9p\u00e9tons,  le mot \u00ab complotiste \u00bb est tellement impropre qu\u2019il en est d\u00e9risoire.Pour \u00eatre judicieux et linguistiquement exact il faudrait appeler ces gens qui ont une telle lecture perverse de l\u2019Histoire \u00ab des obs\u00e9d\u00e9es du complot  \u00bb par exemple. Non pas des \u00ab complotistes \u00bb mais peut \u00eatre des complophobes (qui ha\u00efssent les complots et les comploteurs et \u00abcomplotistes \u00bb) Ou mieux encore car nettement plus pr\u00e9cis, par \u00ab composition \u00bb des mots \u00ab complot \u00bb et \u00ab maniaques \u00bb, des \u00ab complotmaniaques. Voil\u00e0 le terme appropri\u00e9.Je ne suis, et vous autres amis qui \u00eates comme moi stigmatis\u00e9s par de mauvaises gens \u00e0 court d\u2019arguments, n\u2019\u00eates pas d\u2019avantages des \u00ab complotistes \u00bb. Si ces mainates parlaient correctement fran\u00e7ais, c\u2019est \u00ab complomaniaques \u00bb qu\u2019ils nous appelleraient. Or, leur faute grammaticale n\u2019est pas le fruit du hasard, elle n\u2019est pas anodine, comme un lapsus elle est au contraire r\u00e9v\u00e9latrice : Ils ne savent pas ce qu\u2019ils disent, c\u2019est pourquoi ils ne savent pas comment le dire. Patrick Seignon. Lavoiedessansvoix.fr \u00bb  lundi 8 mars 2021.<\/p>\n","protected":false},"excerpt":{"rendered":"<p>\u00ab COMPLOTISTES \u00bb, VOUS AVEZ DIT \u00ab COMPLOTISTE \u00bb ?Le syst\u00e8me dominant : du capitalisme ultra lib\u00e9ral mondialiste, de l\u2019argent, [&hellip;]<\/p>\n","protected":false},"author":1,"featured_media":4189,"comment_status":"open","ping_status":"open","sticky":false,"template":"","format":"standard","meta":{"sfsi_plus_gutenberg_text_before_share":"","sfsi_plus_gutenberg_show_text_before_share":"","sfsi_plus_gutenberg_icon_type":"","sfsi_plus_gutenberg_icon_alignemt":"","sfsi_plus_gutenburg_max_per_row":"","site-sidebar-layout":"default","site-content-layout":"","ast-site-content-layout":"default","site-content-style":"default","site-sidebar-style":"default","ast-global-header-display":"","ast-banner-title-visibility":"","ast-main-header-display":"","ast-hfb-above-header-display":"","ast-hfb-below-header-display":"","ast-hfb-mobile-header-display":"","site-post-title":"","ast-breadcrumbs-content":"","ast-featured-img":"","footer-sml-layout":"","ast-disable-related-posts":"","theme-transparent-header-meta":"","adv-header-id-meta":"","stick-header-meta":"","header-above-stick-meta":"","header-main-stick-meta":"","header-below-stick-meta":"","astra-migrate-meta-layouts":"default","ast-page-background-enabled":"default","ast-page-background-meta":{"desktop":{"background-color":"var(--ast-global-color-4)","background-image":"","background-repeat":"repeat","background-position":"center center","background-size":"auto","background-attachment":"scroll","background-type":"","background-media":"","overlay-type":"","overlay-color":"","overlay-opacity":"","overlay-gradient":""},"tablet":{"background-color":"","background-image":"","background-repeat":"repeat","background-position":"center center","background-size":"auto","background-attachment":"scroll","background-type":"","background-media":"","overlay-type":"","overlay-color":"","overlay-opacity":"","overlay-gradient":""},"mobile":{"background-color":"","background-image":"","background-repeat":"repeat","background-position":"center center","background-size":"auto","background-attachment":"scroll","background-type":"","background-media":"","overlay-type":"","overlay-color":"","overlay-opacity":"","overlay-gradient":""}},"ast-content-background-meta":{"desktop":{"background-color":"var(--ast-global-color-5)","background-image":"","background-repeat":"repeat","background-position":"center center","background-size":"auto","background-attachment":"scroll","background-type":"","background-media":"","overlay-type":"","overlay-color":"","overlay-opacity":"","overlay-gradient":""},"tablet":{"background-color":"var(--ast-global-color-5)","background-image":"","background-repeat":"repeat","background-position":"center center","background-size":"auto","background-attachment":"scroll","background-type":"","background-media":"","overlay-type":"","overlay-color":"","overlay-opacity":"","overlay-gradient":""},"mobile":{"background-color":"var(--ast-global-color-5)","background-image":"","background-repeat":"repeat","background-position":"center center","background-size":"auto","background-attachment":"scroll","background-type":"","background-media":"","overlay-type":"","overlay-color":"","overlay-opacity":"","overlay-gradient":""}},"footnotes":""},"categories":[16],"tags":[],"class_list":["post-605","post","type-post","status-publish","format-standard","has-post-thumbnail","hentry","category-archives-cms"],"_links":{"self":[{"href":"https:\/\/lavoiedessansvoix.fr\/lavoie\/wp-json\/wp\/v2\/posts\/605","targetHints":{"allow":["GET"]}}],"collection":[{"href":"https:\/\/lavoiedessansvoix.fr\/lavoie\/wp-json\/wp\/v2\/posts"}],"about":[{"href":"https:\/\/lavoiedessansvoix.fr\/lavoie\/wp-json\/wp\/v2\/types\/post"}],"author":[{"embeddable":true,"href":"https:\/\/lavoiedessansvoix.fr\/lavoie\/wp-json\/wp\/v2\/users\/1"}],"replies":[{"embeddable":true,"href":"https:\/\/lavoiedessansvoix.fr\/lavoie\/wp-json\/wp\/v2\/comments?post=605"}],"version-history":[{"count":1,"href":"https:\/\/lavoiedessansvoix.fr\/lavoie\/wp-json\/wp\/v2\/posts\/605\/revisions"}],"predecessor-version":[{"id":3229,"href":"https:\/\/lavoiedessansvoix.fr\/lavoie\/wp-json\/wp\/v2\/posts\/605\/revisions\/3229"}],"wp:featuredmedia":[{"embeddable":true,"href":"https:\/\/lavoiedessansvoix.fr\/lavoie\/wp-json\/wp\/v2\/media\/4189"}],"wp:attachment":[{"href":"https:\/\/lavoiedessansvoix.fr\/lavoie\/wp-json\/wp\/v2\/media?parent=605"}],"wp:term":[{"taxonomy":"category","embeddable":true,"href":"https:\/\/lavoiedessansvoix.fr\/lavoie\/wp-json\/wp\/v2\/categories?post=605"},{"taxonomy":"post_tag","embeddable":true,"href":"https:\/\/lavoiedessansvoix.fr\/lavoie\/wp-json\/wp\/v2\/tags?post=605"}],"curies":[{"name":"wp","href":"https:\/\/api.w.org\/{rel}","templated":true}]}}